{"id":16385,"date":"2025-09-23T17:37:50","date_gmt":"2025-09-23T15:37:50","guid":{"rendered":"https:\/\/monde25.info\/index.php\/2025\/09\/23\/apres-la-violence-la-capitale-colombienne-renait\/"},"modified":"2025-09-23T17:37:50","modified_gmt":"2025-09-23T15:37:50","slug":"apres-la-violence-la-capitale-colombienne-renait","status":"publish","type":"post","link":"https:\/\/monde25.info\/index.php\/2025\/09\/23\/apres-la-violence-la-capitale-colombienne-renait\/","title":{"rendered":"apr\u00e8s la violence, la capitale colombienne rena\u00eet"},"content":{"rendered":"<p> <br \/>\n<\/p>\n<div>\n<h4><strong>Si la capitale colombienne peut \u00e9voquer la criminalit\u00e9, l\u2019engagement de ses habitant\u00b7es d\u00e9montre \u00e0 quel point <\/strong><strong>Bogot\u00e1 s\u2019engage <\/strong><strong>sur la voie d\u2019un avenir plus serein qu\u2019hier. La photo-journaliste Pascale Sury y a rencontr\u00e9 Andrea Defrancisco et Cristian Jean Pierre Melo, deux colombien\u00b7nes d\u00e9cid\u00e9\u00b7es \u00e0 y faire vivre <a target=\"_blank\" href=\"https:\/\/mrmondialisation.org\/un-village-experimental-en-plein-coeur-du-conflit-arme-colombien\/\">des initiatives collectives culturelles.<\/a> Reportage.<\/strong><\/h4>\n<p>\u00c0 Bogot\u00e1, la prudence reste de mise : les habitant\u00b7es rappellent volontiers aux visiteur\u00b7euses de rester vigilants, d\u2019\u00e9viter certaines rues ou de ne pas exhiber d\u2019objets de valeur. Pourtant, derri\u00e8re cette r\u00e9alit\u00e9 persistante, <strong>la capitale colombienne r\u00e9v\u00e8le aussi un visage en mutation.<\/strong> Tandis que <a target=\"_blank\" href=\"https:\/\/medellinexpatnews.com\/security-in-colombia-improves-in-2024\/?utm_source=chatgpt.com\">les violences les plus graves<\/a> et <a target=\"_blank\" href=\"https:\/\/www.ccb.org.co\/en\/of-interest\/communications\/decreasing-perception-of-insecurity-and-victimization-in-bogota?utm_source=chatgpt.com\">le sentiment d\u2019ins\u00e9curit\u00e9<\/a> reculent, des initiatives culturelles et inclusives \u00e9mergent avec force. <strong>Rencontres avec des acteur\u00b7ices locaux qui r\u00e9inventent le lien social, en misant sur l\u2019art, l\u2019\u00e9cologie et l\u2019accessibilit\u00e9.<\/strong><\/p>\n<h2><strong><em>Latin Latas<\/em> : mettre les d\u00e9chets en musique<\/strong><\/h2>\n<p><strong>La maison <em>Latin Latas<\/em> est un petit centre culturel de quartier qui a vu le jour gr\u00e2ce au dynamisme d\u2019Andrea Defrancisco.<\/strong> Andrea, 45 ans, a d\u00e9cid\u00e9 de conjuguer sa passion (la musique) et ses convictions socio-politiques pour en faire un m\u00e9tier.<\/p>\n<p>Au contact de jeunes d\u00e9favoris\u00e9s de la capitale, elle a voulu donner du sens \u00e0 son talent musical en <strong>recyclant les d\u00e9chets des poubelles de Bogot\u00e1 et en construisant des instruments de musique \u00e0 partir de ceux-ci<\/strong>.<\/p>\n<figure id=\"attachment_138190\" aria-describedby=\"caption-attachment-138190\" style=\"width: 1024px\" class=\"wp-caption alignnone\"><a target=\"_blank\" href=\"https:\/\/mrmondialisation.org\/wp-content\/uploads\/2018\/01\/08_bogota.jpg\"><img fetchpriority=\"high\" decoding=\"async\" class=\"wp-image-138190 size-medium\" src=\"https:\/\/mrmondialisation.org\/wp-content\/uploads\/2018\/01\/08_bogota-1024x684.jpg\" alt=\"\" width=\"1024\" height=\"684\" srcset=\"https:\/\/mrmondialisation.org\/wp-content\/uploads\/2018\/01\/08_bogota-1024x684.jpg 1024w, https:\/\/mrmondialisation.org\/wp-content\/uploads\/2018\/01\/08_bogota-768x513.jpg 768w, https:\/\/mrmondialisation.org\/wp-content\/uploads\/2018\/01\/08_bogota-696x465.jpg 696w, https:\/\/mrmondialisation.org\/wp-content\/uploads\/2018\/01\/08_bogota-1068x713.jpg 1068w, https:\/\/mrmondialisation.org\/wp-content\/uploads\/2018\/01\/08_bogota-629x420.jpg 629w, https:\/\/mrmondialisation.org\/wp-content\/uploads\/2018\/01\/08_bogota.jpg 1300w\" sizes=\"(max-width: 1024px) 100vw, 1024px\"\/><\/a><figcaption id=\"caption-attachment-138190\" class=\"wp-caption-text\">Photographie : Pascale Sury \/ Mr Mondialisation<\/figcaption><\/figure>\n<p>Plus qu\u2019un lieu culturel, <em><a target=\"_blank\" href=\"http:\/\/www.latinlatas.com\/\">Latin Latas<\/a><\/em> m\u00e8ne <strong>un travail communautaire et social aupr\u00e8s des publics fragilis\u00e9s<\/strong>. C\u2019est aussi devenu <strong>un vrai groupe de musique de quatre personnes qui parcourent le monde<\/strong> pour sensibiliser sur des th\u00e8mes comme la consommation responsable, la d\u00e9fense des droits des animaux, les semences, l\u2019eau, le v\u00e9lo\u2026<\/p>\n<p>Avec l\u2019art et la musique, <strong>le message qu\u2019ils veulent faire passer au monde est\u00a0: <em>\u00ab\u00a0Prendre soin de la vie\u00a0\u00bb<\/em>\u00a0! <\/strong>et d\u2019\u00e9loigner un maximum de jeunes du recours \u00e0 la criminalit\u00e9.<\/p>\n<p><iframe loading=\"lazy\" title=\"Latin latas, Comparsa SONIDOS RECICLADOS\" width=\"1110\" height=\"624\" src=\"https:\/\/www.youtube.com\/embed\/-ohwHtDQ-rE?feature=oembed\" frameborder=\"0\" allow=\"accelerometer; autoplay; clipboard-write; encrypted-media; gyroscope; picture-in-picture; web-share\" referrerpolicy=\"strict-origin-when-cross-origin\" allowfullscreen><\/iframe><\/p>\n<h2><strong><em><a target=\"_blank\" href=\"https:\/\/www.facebook.com\/SinPalabrasCafeSordo\/\">Sin palabras<\/a> <\/em>: Un caf\u00e9 pour personnes malentendantes.<br \/><\/strong><\/h2>\n<p>Quelques rues plus loin, se trouve <strong>un caf\u00e9 \u00e0 destination de personnes sourdes et muettes<\/strong><strong>.<\/strong> C\u2019est une premi\u00e8re en Colombie et le sixi\u00e8me dans le monde (apr\u00e8s l\u2019Angleterre, l\u2019Espagne, la France, le Canada et le Nicaragua). Selon l\u2019Institut national pour sourds, <strong>1% de la population colombienne est atteinte de surdit\u00e9, soit environ <b>495 880<\/b>\u00a0personnes.<\/strong><\/p>\n<figure id=\"attachment_138183\" aria-describedby=\"caption-attachment-138183\" style=\"width: 1024px\" class=\"wp-caption alignnone\"><a target=\"_blank\" href=\"https:\/\/mrmondialisation.org\/wp-content\/uploads\/2018\/01\/04_bogota.jpg\"><img loading=\"lazy\" decoding=\"async\" class=\"wp-image-138183 size-medium\" src=\"https:\/\/mrmondialisation.org\/wp-content\/uploads\/2018\/01\/04_bogota-1024x684.jpg\" alt=\"\" width=\"1024\" height=\"684\" srcset=\"https:\/\/mrmondialisation.org\/wp-content\/uploads\/2018\/01\/04_bogota-1024x684.jpg 1024w, https:\/\/mrmondialisation.org\/wp-content\/uploads\/2018\/01\/04_bogota-768x513.jpg 768w, https:\/\/mrmondialisation.org\/wp-content\/uploads\/2018\/01\/04_bogota-696x465.jpg 696w, https:\/\/mrmondialisation.org\/wp-content\/uploads\/2018\/01\/04_bogota-1068x713.jpg 1068w, https:\/\/mrmondialisation.org\/wp-content\/uploads\/2018\/01\/04_bogota-629x420.jpg 629w, https:\/\/mrmondialisation.org\/wp-content\/uploads\/2018\/01\/04_bogota.jpg 1300w\" sizes=\"auto, (max-width: 1024px) 100vw, 1024px\"\/><\/a><figcaption id=\"caption-attachment-138183\" class=\"wp-caption-text\">Photographie : Pascale Sury \/ Mr Mondialisation<\/figcaption><\/figure>\n<p>Cristian Jean Pierre Melo a d\u00e9cid\u00e9 de se lancer dans l\u2019aventure en 2017, et le succ\u00e8s fut d\u00e8s le d\u00e9but au rendez-vous :<\/p>\n<blockquote>\n<p><strong><em>\u00ab\u00a0il y a \u00e9norm\u00e9ment de personnes sourdes qui viennent, mais \u00e9galement beaucoup de gens valides qui sont heureux d\u2019en apprendre plus sur la vie des personnes malentendantes. Et, cette fois, ce sont les personnes valides qui doivent s\u2019adapter au monde de la surdit\u00e9 et pas l\u2019inverse ! \u00bb<\/em><\/strong><\/p>\n<\/blockquote>\n<p>Dans ce caf\u00e9 nomm\u00e9 <em>Sin palabras<\/em> (en fran\u00e7ais \u00ab sans paroles \u00bb), il y a un interrupteur \u00e0 c\u00f4t\u00e9 de chaque table pour signaler au serveur que l\u2019on est pr\u00eat \u00e0 passer sa commande. <strong>Un vrai bol d\u2019air pour les personnes qui peinent souvent \u00e0 b\u00e9n\u00e9ficier de structures adapt\u00e9es. <\/strong><\/p>\n<figure id=\"attachment_138186\" aria-describedby=\"caption-attachment-138186\" style=\"width: 1024px\" class=\"wp-caption alignnone\"><a target=\"_blank\" href=\"https:\/\/mrmondialisation.org\/wp-content\/uploads\/2018\/01\/01_bogota.jpg\"><img loading=\"lazy\" decoding=\"async\" class=\"wp-image-138186 size-medium\" src=\"https:\/\/mrmondialisation.org\/wp-content\/uploads\/2018\/01\/01_bogota-1024x684.jpg\" alt=\"\" width=\"1024\" height=\"684\" srcset=\"https:\/\/mrmondialisation.org\/wp-content\/uploads\/2018\/01\/01_bogota-1024x684.jpg 1024w, https:\/\/mrmondialisation.org\/wp-content\/uploads\/2018\/01\/01_bogota-768x513.jpg 768w, https:\/\/mrmondialisation.org\/wp-content\/uploads\/2018\/01\/01_bogota-696x465.jpg 696w, https:\/\/mrmondialisation.org\/wp-content\/uploads\/2018\/01\/01_bogota-1068x713.jpg 1068w, https:\/\/mrmondialisation.org\/wp-content\/uploads\/2018\/01\/01_bogota-629x420.jpg 629w, https:\/\/mrmondialisation.org\/wp-content\/uploads\/2018\/01\/01_bogota.jpg 1300w\" sizes=\"auto, (max-width: 1024px) 100vw, 1024px\"\/><\/a><figcaption id=\"caption-attachment-138186\" class=\"wp-caption-text\">Photographie : Pascale Sury \/ Mr Mondialisation<\/figcaption><\/figure>\n<p>\u00c0 Bogot\u00e1, de nombreuses initiatives t\u00e9moignent d\u2019une transformation sociale port\u00e9e par un dynamisme culturel, collectif et inclusif. Des projets comme <em>Latin Latas<\/em> et <em>Sin Palabras <\/em>illustrent cette volont\u00e9 de <strong>recr\u00e9er du lien \u00e0 partir de l\u2019art, de l\u2019\u00e9coute et du soin apport\u00e9 \u00e0 l\u2019autre.<\/strong> Ce mouvement s\u2019inscrit dans un contexte plus large : des programmes comme <a target=\"_blank\" href=\"https:\/\/culturarecreacionydeporte.gov.co\/es\/principal\/noticias\/nuevos-programas-que-transforman-bogota-con-cultura\">Es Cultura Local<\/a> soutiennent des centaines d\u2019initiatives de quartier, tandis que<a target=\"_blank\" href=\"https:\/\/culturarecreacionydeporte.gov.co\/es\/bogota-creadora-internacional-principal\/noticias\/en-2025-bogota-tendra-una-bienal-internacional-de-arte\"> la Biennale BOG25<\/a> annonce un dialogue ambitieux entre art et espace urbain.<\/p>\n<div class=\"td-a-rec td-a-rec-id-content_inline  tdi_1 td_block_template_1\">\n<span class=\"td-adspot-title\">&#8211; Pour une information libre ! &#8211;<\/span><a target=\"_blank\" href=\"https:\/\/fr.tipeee.com\/mr-mondialisation\" class=\"tipeee-project-small\">Soutenir Mr Japanization sur Tipeee<\/a>\n<\/div>\n<p>Ce renouvellement culturel prend \u00e9galement forme dans des lieux accessibles et ouverts comme <a target=\"_blank\" href=\"https:\/\/elpais.com\/america-colombia\/2024-10-25\/el-centro-felicidad-chapinero-actividades-programacion-y-horarios.html\">le Centro Felicidad Chapinero,<\/a> ou dans des appels \u00e0 projets citoyens comme <a target=\"_blank\" href=\"https:\/\/culturarecreacionydeporte.gov.co\/es\/cultura-ciudadana-principal\/noticias\/convocatoria-premio-cultura-ciudadana-2025\">le Prix de la culture citoyenne 2025,<\/a> qui valorise l\u2019engagement local autour des droits, de l\u2019\u00e9cologie ou du vivre-ensemble. <strong><a target=\"_blank\" href=\"https:\/\/mrmondialisation.org\/le-peuple-yukpa-menace-par-une-mine-a-charbon-en-colombie\/\">Malgr\u00e9 les tensions et in\u00e9galit\u00e9s encore pr\u00e9sentes,<\/a> ces dynamiques offrent des points d\u2019appui concrets pour penser une ville plus inclusive et participative. Loin d\u2019\u00eatre anecdotiques, elles peuvent inspirer d\u2019autres lieux en qu\u00eate de r\u00e9silience et de justice sociale.<\/strong><\/p>\n<p><em>\u2013 Pascale Sury &amp; Mr Mondialisation<\/em><\/p>\n<hr\/>\n<p>Photo de couverture : Pascale Sury \/ Mr Mondialisation<\/p>\n<div class=\"td-a-rec td-a-rec-id-content_bottom  tdi_2 td_block_template_1\">\n<span class=\"td-adspot-title\">&#8211; Cet article gratuit et ind\u00e9pendant existe gr\u00e2ce \u00e0 vous &#8211;<\/span><\/p>\n<div class=\"td-all-devices\">\n    <a target=\"_blank\" href=\"https:\/\/mrmondialisation.org\/donation\/\" title=\"Faire_un_don\"><img decoding=\"async\" class=\"donationArticle\" src=\"https:\/\/mrmondialisation.org\/wp-content\/uploads\/2022\/12\/220405-flikalicious-final.jpg\" alt=\"Donation\"\/><\/a>\n<\/div>\n<\/div><\/div>\n<p><br \/>\n<br \/><a href=\"https:\/\/mrmondialisation.org\/bogota-violence-capitale-colombienne-renait\/\" target=\"_blank\"\">Source link <\/a><\/p>\n","protected":false},"excerpt":{"rendered":"<p>Si la capitale colombienne peut \u00e9voquer la criminalit\u00e9, l\u2019engagement de ses habitant\u00b7es d\u00e9montre \u00e0 quel point Bogot\u00e1 s\u2019engage sur la voie d\u2019un avenir plus serein qu\u2019hier. La photo-journaliste Pascale Sury&hellip; <\/p>\n","protected":false},"author":1,"featured_media":16386,"comment_status":"open","ping_status":"open","sticky":false,"template":"","format":"standard","meta":{"footnotes":""},"categories":[1],"tags":[],"class_list":["post-16385","post","type-post","status-publish","format-standard","has-post-thumbnail","hentry","category-non-classe"],"_links":{"self":[{"href":"https:\/\/monde25.info\/index.php\/wp-json\/wp\/v2\/posts\/16385","targetHints":{"allow":["GET"]}}],"collection":[{"href":"https:\/\/monde25.info\/index.php\/wp-json\/wp\/v2\/posts"}],"about":[{"href":"https:\/\/monde25.info\/index.php\/wp-json\/wp\/v2\/types\/post"}],"author":[{"embeddable":true,"href":"https:\/\/monde25.info\/index.php\/wp-json\/wp\/v2\/users\/1"}],"replies":[{"embeddable":true,"href":"https:\/\/monde25.info\/index.php\/wp-json\/wp\/v2\/comments?post=16385"}],"version-history":[{"count":0,"href":"https:\/\/monde25.info\/index.php\/wp-json\/wp\/v2\/posts\/16385\/revisions"}],"wp:featuredmedia":[{"embeddable":true,"href":"https:\/\/monde25.info\/index.php\/wp-json\/wp\/v2\/media\/16386"}],"wp:attachment":[{"href":"https:\/\/monde25.info\/index.php\/wp-json\/wp\/v2\/media?parent=16385"}],"wp:term":[{"taxonomy":"category","embeddable":true,"href":"https:\/\/monde25.info\/index.php\/wp-json\/wp\/v2\/categories?post=16385"},{"taxonomy":"post_tag","embeddable":true,"href":"https:\/\/monde25.info\/index.php\/wp-json\/wp\/v2\/tags?post=16385"}],"curies":[{"name":"wp","href":"https:\/\/api.w.org\/{rel}","templated":true}]}}