{"id":16396,"date":"2025-09-23T22:35:54","date_gmt":"2025-09-23T20:35:54","guid":{"rendered":"https:\/\/monde25.info\/index.php\/2025\/09\/23\/entre-kiev-et-moscou-lenjeu-du-nucleaire-par-marc-endeweld-le-monde-diplomatique-octobre-2022\/"},"modified":"2025-09-23T22:35:54","modified_gmt":"2025-09-23T20:35:54","slug":"entre-kiev-et-moscou-lenjeu-du-nucleaire-par-marc-endeweld-le-monde-diplomatique-octobre-2022","status":"publish","type":"post","link":"https:\/\/monde25.info\/index.php\/2025\/09\/23\/entre-kiev-et-moscou-lenjeu-du-nucleaire-par-marc-endeweld-le-monde-diplomatique-octobre-2022\/","title":{"rendered":"Entre Kiev et Moscou, l\u2019enjeu du nucl\u00e9aire, par Marc Endeweld (Le Monde diplomatique, octobre 2022)"},"content":{"rendered":"<p> <br \/>\n<\/p>\n<div>\n<p class=\"crayon article-surtitre-65198 surtitre\">Pour l\u2019Ukraine, l\u2019ind\u00e9pendance \u00e9nerg\u00e9tique se joue dans les coulisses du conflit<\/p>\n<div class=\"crayon article-chapo-65198 chapo\">\n<p>Les affrontements entre Russes et Ukrainiens autour de la centrale de Zaporijia ont raviv\u00e9 le spectre d\u2019une catastrophe nucl\u00e9aire, et conduit l\u2019Agence internationale de l\u2019\u00e9nergie atomique \u00e0 d\u00e9noncer une situation \u00ab<small class=\"fine\">\u00a0<\/small>intenable<small class=\"fine\">\u00a0<\/small>\u00bb. Dans son dernier ouvrage, le journaliste Marc Endeweld montre pourquoi le nucl\u00e9aire repr\u00e9sente dans ce conflit un enjeu \u00e9nerg\u00e9tique autant que strat\u00e9gique.<\/p>\n<\/div><\/div>\n<div couleurfade=\"e6e5e5\" couleurclaire=\"e5e5e5\" couleurpale=\"cfc8cd\" couleurmi=\"676466\" couleurfoncee=\"53454b\" couleursombre=\"191919\" couleurfond=\"4d4c4d\" couleurtexte=\"ffffff\">\n<div class=\"enapercu\">\n<figure class=\"spip_document_30423 spip_documents spip_documents_center xl\" style=\"width:890px;\">\n<div class=\"limage\">\n<p>\t\t\t<img loading=\"lazy\" decoding=\"async\" src=\"https:\/\/www.monde-diplomatique.fr\/\/local\/cache-vignettes\/L890xH599\/img009-39-f3fec.jpg?1664281988\" width=\"890\" height=\"599\" class=\"spip_logos\" alt=\"JPEG - 83.1\u00a0ko\"\/><\/p><\/div><figcaption>\n<p>Evgeniy Pavlov. \u2014 \u00ab<small class=\"fine\">\u00a0<\/small>Alternative<small class=\"fine\">\u00a0<\/small>\u00bb, 1985<\/p>\n<p>\u00a9 Evgeniy Pavlov, Galerie Alexandra de Viveiros, Fontenay-sous-BOIS\n<\/p>\n<\/figcaption><\/figure>\n<p><span class=\"mot-lettrine\"><span class=\"lettrine\">A<\/span>u<\/span> cours d\u2019un \u00e9change t\u00e9l\u00e9phonique avec son homologue fran\u00e7ais le 11\u00a0septembre\u00a02022, le pr\u00e9sident russe Vladimir Poutine renouvelle sa mise en garde au sujet de la situation de la centrale nucl\u00e9aire de Zaporijia, la plus grande d\u2019Europe, situ\u00e9e pr\u00e8s de la ville d\u2019Energodar sur les rives du Dniepr, le fleuve qui partage \u00e0 cet endroit la ligne de front. Le m\u00eame jour, on apprend que l\u2019ensemble des six r\u00e9acteurs de mille m\u00e9gawatts ont \u00e9t\u00e9 mis \u00e0 l\u2019arr\u00eat.<\/p>\n<p>Tout au long de l\u2019\u00e9t\u00e9, Russes et Ukrainiens se sont renvoy\u00e9 la responsabilit\u00e9 des bombardements sur le site et autour. Ainsi, peu de temps apr\u00e8s l\u2019appel t\u00e9l\u00e9phonique entre les deux pr\u00e9sidents, Moscou d\u00e9nonce publiquement jusqu\u2019\u00e0 vingt-six bombardements ukrainiens sur la zone. De son c\u00f4t\u00e9, Kiev accuse son adversaire de positionner des armes lourdes au sein de la centrale et de proc\u00e9der \u00e0 des tirs vers la rive oppos\u00e9e du Dniepr, sous contr\u00f4le de l\u2019Ukraine. Si d\u00e9but ao\u00fbt le pr\u00e9sident Volodymyr Zelensky menace de r\u00e9pliquer \u00e0 ces attaques russes, certains de ses soldats ne l\u2019ont pas attendu. Le 19\u00a0juillet, au moyen de drones de petite taille, ils s\u2019en prennent aux soldats russes pr\u00e9sents sur le site\u00a0: <i>\u00ab<small class=\"fine\">\u00a0<\/small>L\u2019arm\u00e9e ukrainienne harc\u00e8le les forces occupantes jusqu\u2019\u00e0 l\u2019int\u00e9rieur de la centrale<small class=\"fine\">\u00a0<\/small>\u00bb,<\/i> commente <i>Le Monde<\/i>. Le 19\u00a0septembre, un bombardement russe touche un b\u00e2timent situ\u00e9 \u00e0 trois cents m\u00e8tres d\u2019un des r\u00e9acteurs d\u2019une autre centrale nucl\u00e9aire, \u00ab<small class=\"fine\">\u00a0<\/small>Ukraine du Sud<small class=\"fine\">\u00a0<\/small>\u00bb, dans l\u2019<i>oblast<\/i> de Mykola\u00efv.<\/p>\n<p>La convention de Gen\u00e8ve (protocole II), ratifi\u00e9e en 1977 par l\u2019Ukraine et la Russie (alors toutes deux dans l\u2019Union sovi\u00e9tique), interdit pourtant les attaques contre des sites nucl\u00e9aires\u00a0: <i>\u00ab<small class=\"fine\">\u00a0<\/small>Les ouvrages ou installations contenant des forces dangereuses, \u00e0 savoir les barrages, les digues et les centrales \u00e9lectriques nucl\u00e9aires, ne doivent pas faire l\u2019objet d\u2019une attaque.<small class=\"fine\">\u00a0<\/small>\u00bb<\/i><\/p>\n<p>L\u2019occupation par l\u2019arm\u00e9e russe de la centrale de Zaporijia intervient t\u00f4t dans la guerre opposant la Russie \u00e0 l\u2019Ukraine\u00a0: le 4\u00a0mars. D\u00e8s le premier jour de l\u2019invasion, qui a lieu le\u00a0(&#8230;)<\/p>\n<\/p><\/div>\n<p>Taille de l\u2019article complet\u00a0:\u00a0<span>2\u00a0545<\/span>\u00a0mots.<\/p>\n<div class=\"promo_dispo_article\">\n<h2 class=\"avantbloc\">\n\tCet article est r\u00e9serv\u00e9 aux\u00a0abonn\u00e9s<br \/>\n\t <br \/>\u00e0 notre offre\u00a0d&rsquo;archives<br \/>\n<\/h2>\n<div class=\"abo_inst\">\n\t<strong>Lyc\u00e9es, biblioth\u00e8ques, administrations, entreprises,<\/strong><br \/>\n\tacc\u00e9dez \u00e0 la base de donn\u00e9es en ligne de tous les articles du <i>Monde diplomatique<\/i> de 1954 \u00e0 nos\u00a0jours.<br \/>\n\t<a target=\"_blank\" id=\"pw-institutions\" class=\"suivi\" href=\"https:\/\/www.monde-diplomatique.fr\/archives\/institutions\">Retrouvez cette\u00a0offre sp\u00e9cifique<\/a>.\n<\/div>\n<\/div><\/div>\n<div>\n<p class=\"nom\">Marc Endeweld<\/p>\n<p>\n\t\t\t\t\tJournaliste, auteur de <i>Guerres cach\u00e9es. Les dessous du conflit russo-ukrainien,<\/i> Seuil, Paris, 2022.<\/p>\n<\/p><\/div>\n<p><br \/>\n<br \/><a href=\"https:\/\/www.monde-diplomatique.fr\/2022\/10\/ENDEWELD\/65198\" target=\"_blank\"\">Source link <\/a><\/p>\n","protected":false},"excerpt":{"rendered":"<p>Pour l\u2019Ukraine, l\u2019ind\u00e9pendance \u00e9nerg\u00e9tique se joue dans les coulisses du conflit Les affrontements entre Russes et Ukrainiens autour de la centrale de Zaporijia ont raviv\u00e9 le spectre d\u2019une catastrophe nucl\u00e9aire,&hellip; <\/p>\n","protected":false},"author":1,"featured_media":16397,"comment_status":"open","ping_status":"open","sticky":false,"template":"","format":"standard","meta":{"footnotes":""},"categories":[1],"tags":[],"class_list":["post-16396","post","type-post","status-publish","format-standard","has-post-thumbnail","hentry","category-non-classe"],"_links":{"self":[{"href":"https:\/\/monde25.info\/index.php\/wp-json\/wp\/v2\/posts\/16396","targetHints":{"allow":["GET"]}}],"collection":[{"href":"https:\/\/monde25.info\/index.php\/wp-json\/wp\/v2\/posts"}],"about":[{"href":"https:\/\/monde25.info\/index.php\/wp-json\/wp\/v2\/types\/post"}],"author":[{"embeddable":true,"href":"https:\/\/monde25.info\/index.php\/wp-json\/wp\/v2\/users\/1"}],"replies":[{"embeddable":true,"href":"https:\/\/monde25.info\/index.php\/wp-json\/wp\/v2\/comments?post=16396"}],"version-history":[{"count":0,"href":"https:\/\/monde25.info\/index.php\/wp-json\/wp\/v2\/posts\/16396\/revisions"}],"wp:featuredmedia":[{"embeddable":true,"href":"https:\/\/monde25.info\/index.php\/wp-json\/wp\/v2\/media\/16397"}],"wp:attachment":[{"href":"https:\/\/monde25.info\/index.php\/wp-json\/wp\/v2\/media?parent=16396"}],"wp:term":[{"taxonomy":"category","embeddable":true,"href":"https:\/\/monde25.info\/index.php\/wp-json\/wp\/v2\/categories?post=16396"},{"taxonomy":"post_tag","embeddable":true,"href":"https:\/\/monde25.info\/index.php\/wp-json\/wp\/v2\/tags?post=16396"}],"curies":[{"name":"wp","href":"https:\/\/api.w.org\/{rel}","templated":true}]}}