{"id":1640,"date":"2024-12-06T19:39:46","date_gmt":"2024-12-06T18:39:46","guid":{"rendered":"https:\/\/monde25.info\/index.php\/2024\/12\/06\/la-baisse-du-nombre-de-nuages-bas-pourrait-accelerer-le-rechauffement-climatique\/"},"modified":"2024-12-06T19:39:46","modified_gmt":"2024-12-06T18:39:46","slug":"la-baisse-du-nombre-de-nuages-bas-pourrait-accelerer-le-rechauffement-climatique","status":"publish","type":"post","link":"https:\/\/monde25.info\/index.php\/2024\/12\/06\/la-baisse-du-nombre-de-nuages-bas-pourrait-accelerer-le-rechauffement-climatique\/","title":{"rendered":"La baisse du nombre de nuages bas pourrait acc\u00e9l\u00e9rer le r\u00e9chauffement climatique"},"content":{"rendered":"<p> <br \/>\n<\/p>\n<div>\n        <span class=\"date\">6 d\u00e9cembre 2024  \u00e0 15h55<\/span><\/p>\n<p class=\"duree_lecture\">\n        Dur\u00e9e de lecture : 2 minutes\n      <\/p>\n<\/p><\/div>\n<div>\n<p>Le <a target=\"_blank\" href=\"Qu-est-ce-que-le-rechauffement-climatique\">changement climatique<\/a> s\u2019acc\u00e9l\u00e8re-t-il au-del\u00e0 de nos pr\u00e9visions<small class=\"fine d-inline\">\u00a0<\/small>? L\u2019ann\u00e9e 2023 a <a target=\"_blank\" href=\"https:\/\/reporterre.net\/La-temperature-a-depasse-les-1-5oC-au-cours-des-douze-derniers-mois\">atteint le seuil symbolique de 1,5\u00a0\u00b0C<\/a> de r\u00e9chauffement. Soit 0,2\u00a0\u00b0C de plus que ce que pr\u00e9voyaient les mod\u00e8les des climatologues et personne ne sait expliquer pourquoi, <a target=\"_blank\" href=\"https:\/\/www.nature.com\/articles\/d41586-024-00816-z\" class=\"spip_out\" rel=\"external\">provoquant un \u00e9moi certain<\/a> dans la communaut\u00e9 scientifique.<\/p>\n<p>Une nouvelle \u00e9tude a peut-\u00eatre mis la main sur la pi\u00e8ce manquante du puzzle\u00a0: la r\u00e9duction de la couverture nuageuse de basse altitude, qui pourrait expliquer la surchauffe. Des climatologues de l\u2019institut Alfred Wegner, en Allemagne, et du Centre europ\u00e9en pour les pr\u00e9visions m\u00e9t\u00e9orologiques \u00e0 moyen terme (<span class=\"caps\">ECMWF<\/span>) ont pass\u00e9 en revue les suspects potentiels en reprenant les donn\u00e9es climatiques historiques de la Nasa et de l\u2019<span class=\"caps\">ECMWF<\/span>.<\/p>\n<h2 class=\"spip\">Les nuages bas\u00a0: seuls suspects cr\u00e9dibles<\/h2>\n<p>Leurs conclusions, <a target=\"_blank\" href=\"https:\/\/www.science.org\/doi\/10.1126\/science.adq7280\" class=\"spip_out\" rel=\"external\">publi\u00e9es dans la revue <i>Science<\/i> le 5\u00a0d\u00e9cembre<\/a>, pointent une anomalie majeure\u00a0: la forte r\u00e9duction de l\u2019albedo terrestre, c\u2019est-\u00e0-dire du r\u00e9fl\u00e9chissement du rayonnement solaire, en 2023, \u00e0 son plus bas niveau depuis au moins 1940. Et cette baisse d\u2019albedo correspond \u00e0 une diminution du nombre de nuages de basse altitude.<\/p>\n<p>Les chercheurs ont analys\u00e9 les autres causes possibles de ce 0,2\u00a0\u00b0C de r\u00e9chauffement inexpliqu\u00e9. Mais les cycles solaires, la vapeur d\u2019eau \u00e9mise par le volcanisme, ou la diminution des polluants a\u00e9rosols, <a target=\"_blank\" href=\"https:\/\/reporterre.net\/Moins-de-pollution-de-l-air-davantage-de-rechauffement-La-science-divisee\">point\u00e9s comme un dangereux suspect par certains scientifiques<\/a>, ne peuvent selon eux expliquer d\u2019une partie marginale de ce r\u00e9chauffement.<\/p>\n<p>Les nuages bas, eux, ont un effet refroidissant sur le climat car leur propension \u00e0 r\u00e9fl\u00e9chir les rayons du soleil est plus important que leur contribution \u00e0 l\u2019effet de serre. Certaines incertitudes persistent et d\u2019autres recherches devront confirmer les conclusions de cette \u00e9tude. Notamment sur le r\u00f4le des a\u00e9rosols, qui interagissent avec les nuages, ainsi que sur le r\u00f4le de la variabilit\u00e9 naturelle du climat.<\/p>\n<p>Mais une hypoth\u00e8se inqui\u00e8te les chercheurs. Si cette r\u00e9duction des nuages bas est principalement due au changement climatique lui-m\u00eame, <a target=\"_blank\" href=\"https:\/\/www.awi.de\/en\/about-us\/service\/press\/single-view\/sprunghafter-anstieg-der-erderwaermung-ist-massgeblich-auf-geringere-rueckstrahlkraft-des-planeten-zurueckzufuehren.html\" class=\"spip_out\" rel=\"external\">comme ils le supposent<\/a>, les choses risquent de ne faire qu\u2019empirer. L\u2019anomalie de 2023 pourrait ne pas en \u00eatre une et nous pourrions \u00eatre bien plus proches que pr\u00e9vu de d\u00e9passer pour tr\u00e8s longtemps les 1,5\u00a0\u00b0C de r\u00e9chauffement.<\/p>\n<aside class=\"boite_encarts\">\n<div class=\"encart encart_gris noprint\">\n<p><strong>Il est de retour.<\/strong><\/p>\n<p>Dans quelques semaines, Donald Trump se r\u00e9-installera \u00e0 la Maison Blanche.<\/p>\n<p>Un milliardaire, pour qui le r\u00e9chauffement climatique est \u00ab<small class=\"fine d-inline\">\u00a0<\/small>un canular<small class=\"fine d-inline\">\u00a0<\/small>\u00bb, sera \u00e0 la t\u00eate de la plus grande puissance mondiale.<\/p>\n<p>Dans une d\u00e9cennie cruciale pour l\u2019\u00e9cologie, nous ne pouvons pas nous permettre de perdre plus de temps.<\/p>\n<p>La soci\u00e9t\u00e9 civile doit continuer de se soulever, de se mobiliser et de faire pression sur les puissants.<\/p>\n<p>Mais pour agir, il faut savoir.<\/p>\n<p><strong>Depuis 11 ans, nous publions des articles de qualit\u00e9 sur l\u2019\u00e9cologie, en acc\u00e8s libre et sans publicit\u00e9, pour tous.<\/strong><\/p>\n<p>Nous avons la conviction que l\u2019urgence \u00e9cologique est l\u2019enjeu majeur de notre \u00e9poque.<br class=\"autobr\"\/><br \/>\n Et comme plus de 2 millions de lectrices et lecteurs chaque mois, vous partagez sans doute cette conviction&#8230;<\/p>\n<p>Alors si vous en avez les moyens, sachez qu\u2019un don, m\u00eame d\u20191\u20ac, est un acte de soutien fort pour l\u2019\u00e9cologie et le journalisme ind\u00e9pendant.<br class=\"autobr\"\/><br \/>\n (Et \u00e7a vous prendra moins de temps que la lecture de ce texte).<\/p>\n<p><strong>Si vous le pouvez, choisissez un soutien mensuel. Merci.<\/strong><\/p>\n<p><a target=\"_blank\" href=\"https:\/\/reporterre.net\/dons\" class=\"bt_soutenir\">Je soutiens <i>Reporterre<\/i><\/a><\/p>\n<\/p><\/div>\n<div class=\"encart encart_vert noprint montre_1023\">\n<div class=\"infolettre-form-container noprint\">\n<p>Abonnez-vous \u00e0 la lettre d\u2019info de Reporterre<\/p>\n<\/div><\/div>\n<\/aside>\n<aside class=\"boite_apresarticle encart_note\">\n<h4>Apr\u00e8s cet article<\/h4>\n<p>      <a target=\"_blank\" href=\"https:\/\/reporterre.net\/Percer-les-mysteres-des-nuages-un-defi-crucial-pour-le-climat\" class=\"lien_article\">\n      <picture class=\"vignette_gauche\"><source type=\"image\/webp\" srcset=\"https:\/\/reporterre.net\/local\/cache-gd2\/82\/ff28b84357bd5f9e1d13c73afb31b4.jpg@.webp?1730143122\"><img decoding=\"async\" src=\"https:\/\/reporterre.net\/local\/cache-gd2\/82\/ff28b84357bd5f9e1d13c73afb31b4.jpg?1730143122\" width=\"450\" height=\"300\" alt=\"\" class=\"marge12\" loading=\"lazy\"\/><br \/>\n<\/source><\/picture>\n<p class=\"libelle\">\n<p>      Climat\n    <\/p>\n<p class=\"titre pol20\">M\u00e9t\u00e9o du futur\u00a0: les nuages au c\u0153ur du changement climatique<\/p>\n<p>      <\/a><br \/>\n    <\/aside>\n<aside class=\"boite_complement texte\">\n<p>      <!-- zone_forum --><br \/>\n          <\/aside>\n<aside class=\"boite_lireaussi noprint\">\n<\/aside>\n<aside class=\"colonne\">\n<div class=\"article_info cache_1023 noprint\">\n        <span class=\"date\">6 d\u00e9cembre 2024  \u00e0 15h55<\/span><\/p>\n<p class=\"duree_lecture\">\n        Dur\u00e9e de lecture : 2 minutes\n      <\/p>\n<\/p><\/div>\n<div class=\"bloc_infolettre\">\n<div class=\"infolettre-form-container noprint\">\n<p>Abonnez-vous \u00e0 la lettre d\u2019info de Reporterre<\/p>\n<\/div><\/div>\n<\/aside>\n<div id=\"galerie\">\n  <img decoding=\"async\" src=\"\" class=\"principale\" id=\"principale\"\/><\/p>\n<p id=\"legende\">legende<\/p>\n<\/div>\n<footer class=\"noprint\">\n<\/footer>\n<\/div>\n<p><br \/>\n<br \/><a href=\"https:\/\/reporterre.net\/La-baisse-du-nombre-de-nuages-bas-pourrait-accelerer-le-rechauffement-climatique\" target=\"_blank\"\">Source link <\/a><\/p>\n","protected":false},"excerpt":{"rendered":"<p>6 d\u00e9cembre 2024 \u00e0 15h55 Dur\u00e9e de lecture : 2 minutes Le changement climatique s\u2019acc\u00e9l\u00e8re-t-il au-del\u00e0 de nos pr\u00e9visions\u00a0? L\u2019ann\u00e9e 2023 a atteint le seuil symbolique de 1,5\u00a0\u00b0C de r\u00e9chauffement.&hellip; <\/p>\n","protected":false},"author":1,"featured_media":1641,"comment_status":"open","ping_status":"open","sticky":false,"template":"","format":"standard","meta":{"footnotes":""},"categories":[1],"tags":[],"class_list":["post-1640","post","type-post","status-publish","format-standard","has-post-thumbnail","hentry","category-non-classe"],"_links":{"self":[{"href":"https:\/\/monde25.info\/index.php\/wp-json\/wp\/v2\/posts\/1640","targetHints":{"allow":["GET"]}}],"collection":[{"href":"https:\/\/monde25.info\/index.php\/wp-json\/wp\/v2\/posts"}],"about":[{"href":"https:\/\/monde25.info\/index.php\/wp-json\/wp\/v2\/types\/post"}],"author":[{"embeddable":true,"href":"https:\/\/monde25.info\/index.php\/wp-json\/wp\/v2\/users\/1"}],"replies":[{"embeddable":true,"href":"https:\/\/monde25.info\/index.php\/wp-json\/wp\/v2\/comments?post=1640"}],"version-history":[{"count":0,"href":"https:\/\/monde25.info\/index.php\/wp-json\/wp\/v2\/posts\/1640\/revisions"}],"wp:featuredmedia":[{"embeddable":true,"href":"https:\/\/monde25.info\/index.php\/wp-json\/wp\/v2\/media\/1641"}],"wp:attachment":[{"href":"https:\/\/monde25.info\/index.php\/wp-json\/wp\/v2\/media?parent=1640"}],"wp:term":[{"taxonomy":"category","embeddable":true,"href":"https:\/\/monde25.info\/index.php\/wp-json\/wp\/v2\/categories?post=1640"},{"taxonomy":"post_tag","embeddable":true,"href":"https:\/\/monde25.info\/index.php\/wp-json\/wp\/v2\/tags?post=1640"}],"curies":[{"name":"wp","href":"https:\/\/api.w.org\/{rel}","templated":true}]}}