{"id":16403,"date":"2025-09-24T01:20:36","date_gmt":"2025-09-23T23:20:36","guid":{"rendered":"https:\/\/monde25.info\/index.php\/2025\/09\/24\/lotan-abattra-t-elle-les-avions-russes-rutte-evite-de-repondre-a-la-question-rt-en-francais\/"},"modified":"2025-09-24T01:20:36","modified_gmt":"2025-09-23T23:20:36","slug":"lotan-abattra-t-elle-les-avions-russes-rutte-evite-de-repondre-a-la-question-rt-en-francais","status":"publish","type":"post","link":"https:\/\/monde25.info\/index.php\/2025\/09\/24\/lotan-abattra-t-elle-les-avions-russes-rutte-evite-de-repondre-a-la-question-rt-en-francais\/","title":{"rendered":"L&rsquo;OTAN abattra-t-elle les avions russes ? Rutte \u00e9vite de r\u00e9pondre \u00e0 la question&#8230; \u2014 RT en fran\u00e7ais"},"content":{"rendered":"<p> <br \/>\n<br \/><img decoding=\"async\" src=\"https:\/\/mf.b37mrtl.ru\/french\/images\/2025.09\/thumbnail\/68d2d6046f7ccc3e7b4a5402.jpg\" \/><\/p>\n<div>\n<p class=\"text__summary\">\n                                        Au terme d\u2019une r\u00e9union de l\u2019OTAN portant sur les all\u00e9gations d\u2019intrusions d\u2019a\u00e9ronefs russes, Mark Rutte a d\u00e9clar\u00e9 que les d\u00e9cisions d&rsquo;attaquer des avions militaires violant l&rsquo;espace a\u00e9rien des pays de l&rsquo;Alliance reposaient sur une \u00e9valuation individuelle de la menace.\n                                    <\/p>\n<p>L&rsquo;OTAN a d\u00e9clar\u00e9 qu\u2019elle allait d\u00e9cider au cas par cas d&rsquo;abattre ou non les avions de combat russes soup\u00e7onn\u00e9s de violer l&rsquo;espace a\u00e9rien de l\u2019alliance militaire, a r\u00e9v\u00e9l\u00e9 Mark Rutte ce 23 septembre.<\/p>\n<p>Ces d\u00e9clarations ont \u00e9t\u00e9 tenues au terme d\u2019une r\u00e9union de l\u2019Alliance, qui a eu pour objet d\u2019examiner les all\u00e9gations faisant \u00e9tat d\u2019une p\u00e9n\u00e9tration de trois avions russes dans l&rsquo;espace a\u00e9rien estonien la semaine derni\u00e8re. Moscou a ni\u00e9 ces accusations, invoquant l&rsquo;absence de preuves de la part de l&rsquo;OTAN et confirmant les donn\u00e9es fournies par les militaires russes.<\/p>\n<p>Rutte a rapport\u00e9 qu\u2019\u00ab une d\u00e9claration forte de solidarit\u00e9 et de d\u00e9termination \u00bb a \u00e9t\u00e9 publi\u00e9e \u00e0 l&rsquo;issue de la r\u00e9union et d\u00e9clar\u00e9 que le commandant supr\u00eame des forces alli\u00e9es en Europe, Alexus Grynkewich, \u00ab\u00a0dispose des outils et de l&rsquo;autorit\u00e9 n\u00e9cessaires pour assurer notre d\u00e9fense\u00a0\u00bb.<\/p>\n<h2>D\u00e9cision\u00a0\u00ab\u00a0en temps r\u00e9el\u00a0\u00bb<\/h2>\n<p>Interrog\u00e9 par un journaliste pour savoir si l&rsquo;OTAN pourrait \u00ab\u00a0abattre tout avion russe, habit\u00e9 ou non, violant l&rsquo;espace a\u00e9rien de l&rsquo;Alliance\u00a0\u00bb, le secr\u00e9taire g\u00e9n\u00e9ral de l\u2019OTAN n&rsquo;a pas donn\u00e9\u00a0de r\u00e9ponse directe, mais d\u00e9clar\u00e9 que \u00ab les d\u00e9cisions d&rsquo;engager ou non un a\u00e9ronef intrus, comme le fait de tirer sur eux, sont prises en temps r\u00e9el et reposent toujours sur les renseignements disponibles concernant la menace pos\u00e9e par l&rsquo;a\u00e9ronef\u00a0\u00bb.<\/p>\n<p>Il a affirm\u00e9 que, lors de l&rsquo;incident pr\u00e9sum\u00e9 en Estonie, \u00ab\u00a0les forces de l&rsquo;OTAN ont rapidement intercept\u00e9 et escort\u00e9 l&rsquo;avion sans escalade, aucune menace imm\u00e9diate n&rsquo;ayant \u00e9t\u00e9 constat\u00e9e\u00a0\u00bb.<\/p>\n<h2>Accusations sans preuves suffisantes<\/h2>\n<p>Plus t\u00f4t en ce mois de septembre, la Pologne a accus\u00e9 la Russie d&rsquo;avoir d\u00e9lib\u00e9r\u00e9ment envoy\u00e9 plusieurs drones non arm\u00e9s dans son espace a\u00e9rien. S&rsquo;exprimant le 22 septembre lors d&rsquo;une r\u00e9union du Conseil de s\u00e9curit\u00e9 des Nations unies sur les all\u00e9gations estoniennes, le ministre polonais des Affaires \u00e9trang\u00e8res, Radoslaw Sikorski, a d\u00e9clar\u00e9 que Moscou ne devait pas se plaindre d&rsquo;une \u00e9ventuelle interception de ses avions au-dessus du territoire polonais.<\/p>\n<p>Le repr\u00e9sentant permanent adjoint de la F\u00e9d\u00e9ration de Russie\u00a0aupr\u00e8s de l&rsquo;ONU, Dmitri Poliansky, a d\u00e9clar\u00e9 que ni la Pologne ni l&rsquo;Estonie n&rsquo;avaient fourni de preuves suffisantes pour \u00e9tayer leurs accusations, soulignant que les seuls d\u00e9g\u00e2ts constat\u00e9s en Pologne lors de la r\u00e9action de l&rsquo;OTAN \u00e0 l&rsquo;incident des drones avaient \u00e9t\u00e9 caus\u00e9s par un missile air-air polonais qui avait touch\u00e9 une habitation.<\/p>\n<p>Dmitri Poliansky a accus\u00e9 les membres europ\u00e9ens de l&rsquo;OTAN d&rsquo;avoir invent\u00e9 de toutes pi\u00e8ces ces incidents avec la Russie pour faire pression sur l&rsquo;administration du pr\u00e9sident am\u00e9ricain Donald Trump et l&rsquo;inciter \u00e0 adopter une politique plus conflictuelle envers Moscou.<\/p>\n<\/div>\n<p><br \/>\n<br \/><a href=\"https:\/\/francais.rt.com\/russie\/125601-otan-abattra-avions-russes-rutte-evite-repondre-question\" target=\"_blank\"\">Source link <\/a><\/p>\n","protected":false},"excerpt":{"rendered":"<p>Au terme d\u2019une r\u00e9union de l\u2019OTAN portant sur les all\u00e9gations d\u2019intrusions d\u2019a\u00e9ronefs russes, Mark Rutte a d\u00e9clar\u00e9 que les d\u00e9cisions d&rsquo;attaquer des avions militaires violant l&rsquo;espace a\u00e9rien des pays de&hellip; <\/p>\n","protected":false},"author":1,"featured_media":16404,"comment_status":"open","ping_status":"open","sticky":false,"template":"","format":"standard","meta":{"footnotes":""},"categories":[1],"tags":[],"class_list":["post-16403","post","type-post","status-publish","format-standard","has-post-thumbnail","hentry","category-non-classe"],"_links":{"self":[{"href":"https:\/\/monde25.info\/index.php\/wp-json\/wp\/v2\/posts\/16403","targetHints":{"allow":["GET"]}}],"collection":[{"href":"https:\/\/monde25.info\/index.php\/wp-json\/wp\/v2\/posts"}],"about":[{"href":"https:\/\/monde25.info\/index.php\/wp-json\/wp\/v2\/types\/post"}],"author":[{"embeddable":true,"href":"https:\/\/monde25.info\/index.php\/wp-json\/wp\/v2\/users\/1"}],"replies":[{"embeddable":true,"href":"https:\/\/monde25.info\/index.php\/wp-json\/wp\/v2\/comments?post=16403"}],"version-history":[{"count":0,"href":"https:\/\/monde25.info\/index.php\/wp-json\/wp\/v2\/posts\/16403\/revisions"}],"wp:featuredmedia":[{"embeddable":true,"href":"https:\/\/monde25.info\/index.php\/wp-json\/wp\/v2\/media\/16404"}],"wp:attachment":[{"href":"https:\/\/monde25.info\/index.php\/wp-json\/wp\/v2\/media?parent=16403"}],"wp:term":[{"taxonomy":"category","embeddable":true,"href":"https:\/\/monde25.info\/index.php\/wp-json\/wp\/v2\/categories?post=16403"},{"taxonomy":"post_tag","embeddable":true,"href":"https:\/\/monde25.info\/index.php\/wp-json\/wp\/v2\/tags?post=16403"}],"curies":[{"name":"wp","href":"https:\/\/api.w.org\/{rel}","templated":true}]}}