{"id":16407,"date":"2025-09-24T04:38:56","date_gmt":"2025-09-24T02:38:56","guid":{"rendered":"https:\/\/monde25.info\/index.php\/2025\/09\/24\/en-russie-le-mot-guerre-nest-plus-tabou-par-christophe-trontin-le-monde-diplomatique-octobre-2022\/"},"modified":"2025-09-24T04:38:56","modified_gmt":"2025-09-24T02:38:56","slug":"en-russie-le-mot-guerre-nest-plus-tabou-par-christophe-trontin-le-monde-diplomatique-octobre-2022","status":"publish","type":"post","link":"https:\/\/monde25.info\/index.php\/2025\/09\/24\/en-russie-le-mot-guerre-nest-plus-tabou-par-christophe-trontin-le-monde-diplomatique-octobre-2022\/","title":{"rendered":"En Russie, le mot \u00ab guerre \u00bb n\u2019est plus tabou, par Christophe Trontin (Le Monde diplomatique, octobre 2022)"},"content":{"rendered":"<p> <br \/>\n<\/p>\n<div couleurfade=\"e5e6e6\" couleurclaire=\"e1e9e6\" couleurpale=\"b5e2d2\" couleurmi=\"57746a\" couleurfoncee=\"3c5c50\" couleursombre=\"151d1a\" couleurfond=\"4c4f4e\" couleurtexte=\"ffffff\">\n<figure class=\"spip_document_30420 spip_documents spip_documents_center xl\" style=\"width:890px;\">\n<div class=\"limage\">\n<p>\t\t\t<img loading=\"lazy\" decoding=\"async\" src=\"https:\/\/www.monde-diplomatique.fr\/\/local\/cache-vignettes\/L890xH884\/img010-38-03fd5.jpg?1664281721\" width=\"890\" height=\"884\" class=\"spip_logos\" alt=\"JPEG - 176\u00a0ko\"\/><\/p><\/div><figcaption>\n<p>Igor Makarevich. \u2014 \u00ab<small class=\"fine\">\u00a0<\/small>Structures stratigraphiques<small class=\"fine\">\u00a0<\/small>\u00bb, 1979<\/p>\n<p>\u00a9 Centre Pompidou, MNAM-CCI, Dist. RMN-Grand Palais &#8211; photographie\u00a0: Centre Pompidou, MNAM-CCI\n<\/p>\n<\/figcaption><\/figure>\n<p><i><span class=\"mot-lettrine\"><span class=\"lettrine\"><span class=\"guillemet\">\u00ab<\/span>V<\/span>ous<\/span> \u00eates psychiatre<small class=\"fine\">\u00a0<\/small>?<small class=\"fine\">\u00a0<\/small>\u00bb,<\/i> nous lance, dans un grand \u00e9clat de rire, M.\u00a0Boris Vychnievski, d\u00e9put\u00e9 Iabloko (opposition lib\u00e9rale) du Parlement de Saint-P\u00e9tersbourg. Crois\u00e9 dans la rue au d\u00e9but de l\u2019\u00e9t\u00e9, il se h\u00e2tait, \u00e0 pied, vers quelque r\u00e9union politique, tandis que nous tentions de lui soutirer des d\u00e9clarations en lui expliquant le but de nos recherches\u00a0: comprendre l\u2019\u00e9tat de l\u2019opinion publique russe en ces temps troubl\u00e9s.<\/p>\n<p>En Russie, deux instituts se partagent l\u2019essentiel du march\u00e9 des sondages\u00a0: l\u2019Institut d\u2019\u00e9tude des opinions publiques\u00a0(VTsIOM), cr\u00e9\u00e9 par le sociologue et politologue Iouri Levada, s\u2019est scind\u00e9 en deux en\u00a02004, \u00e0 la suite de sa nationalisation. Aujourd\u2019hui, le VTsIOM repr\u00e9sente le p\u00f4le \u00e9tatique qui s\u2019est efforc\u00e9 de conserver la confiance des autorit\u00e9s et les contrats que lui procurent les grands m\u00e9dias et l\u2019administration du Kremlin, tandis que le Centre Levada, jaloux de son ind\u00e9pendance, a choisi de se tourner vers une client\u00e8le plus priv\u00e9e et internationale, ce qui lui vaut l\u2019\u00e9tiquette d\u2019\u00ab<small class=\"fine\">\u00a0<\/small>agent de l\u2019\u00e9tranger<small class=\"fine\">\u00a0<\/small>\u00bb. Contrairement \u00e0 ce que l\u2019on pourrait imaginer, leurs analyses sur le sujet de l\u2019\u00ab<small class=\"fine\">\u00a0<\/small>op\u00e9ration militaire sp\u00e9ciale<small class=\"fine\">\u00a0<\/small>\u00bb co\u00efncident pour l\u2019essentiel. Depuis la mi-mars, leurs r\u00e9sultats convergent\u00a0: autour de 75<small class=\"fine\">\u00a0<\/small>% des personnes sond\u00e9es soutiennent avec ou sans r\u00e9serve l\u2019\u00ab<small class=\"fine\">\u00a0<\/small>op\u00e9ration militaire sp\u00e9ciale<small class=\"fine\">\u00a0<\/small>\u00bb. La mobilisation de 300\u00a0000 r\u00e9servistes, d\u00e9cr\u00e9t\u00e9e le 21\u00a0septembre, changera-t-elle la donne<small class=\"fine\">\u00a0<\/small>?<\/p>\n<p>Interrog\u00e9 en visioconf\u00e9rence avant le d\u00e9cret, M.\u00a0Valery Fiodorov, directeur du VTsIOM, temp\u00e9rait d\u00e9j\u00e0 l\u2019impression d\u2019union sacr\u00e9e. D\u2019abord, ces chiffres ne r\u00e9v\u00e8lent pas le nombre de personnes ayant refus\u00e9 de r\u00e9pondre aux sondeurs. <i>\u00ab<small class=\"fine\">\u00a0<\/small>L\u2019ambiance n\u2019est pas \u00e0 la f\u00eate. L\u2019inqui\u00e9tude est forte, on est loin de l\u2019enthousiasme qui pr\u00e9valait en\u00a02014<\/i> [apr\u00e8s l\u2019annexion de la Crim\u00e9e], <i>o\u00f9 l\u2019on a pu parler de \u201cprintemps russe\u201d.<small class=\"fine\">\u00a0<\/small>\u00bb<\/i> Le soutien s\u2019exprime alors en plusieurs nuances\u00a0: il est particuli\u00e8rement \u00e9lev\u00e9 chez les personnes n\u00e9es avant la perestro\u00efka, notamment les plus de 55\u00a0ans qui s\u2019informent par la t\u00e9l\u00e9vision d\u2019\u00c9tat (+\u00a010\u00a0points par rapport \u00e0 la moyenne, \u00e0 la fin ao\u00fbt). Parmi les mieux connect\u00e9s \u00e0 Internet, les\u00a018-24\u00a0ans approuvent n\u00e9anmoins \u00e0 65<small class=\"fine\">\u00a0<\/small>% les op\u00e9rations militaires en Ukraine\u00a0: du moment que le pays est en guerre, disent-ils, il faut le soutenir. Seule une minorit\u00e9 s\u2019engage activement, organise des collectes d\u2019aide aux r\u00e9fugi\u00e9s du Donbass, finance l\u2019achat de drones et autres \u00e9quipements destin\u00e9s \u00e0 aider l\u2019arm\u00e9e russe, voire se porte volontaire pour combattre sur le terrain. Selon les estimations du VTsIOM, ils repr\u00e9sentent 1<small class=\"fine\">\u00a0<\/small>% de la population adulte, soit tout de m\u00eame un million de personnes. Certaines des r\u00e9gions les plus pauvres du pays, en particulier la Tch\u00e9tch\u00e9nie, l\u2019Oss\u00e9tie du Nord et la Tchouvachie, fournissent un nombre particuli\u00e8rement \u00e9lev\u00e9 d\u2019engag\u00e9s \u00e0 l\u2019arm\u00e9e et aux soci\u00e9t\u00e9s de d\u00e9fense priv\u00e9es de type Wagner.<\/p>\n<h3 class=\"spip\">Immunit\u00e9 aux mauvaises nouvelles<small class=\"fine\">\u00a0<\/small>?<\/h3>\n<p>Les sanctions occidentales, imm\u00e9diates, ainsi que les livraisons d\u2019armes \u00e0 l\u2019Ukraine ont produit un puissant effet \u00ab<small class=\"fine\">\u00a0<\/small>drapeau<small class=\"fine\">\u00a0<\/small>\u00bb, qui a isol\u00e9 et, m\u00eame, fait refluer le mouvement antiguerre<small class=\"fine\">\u00a0<\/small>; au mois de mai dernier, environ 150\u00a0000\u00a0personnes<span class=\"spip_note_ref\">\u00a0(<a target=\"_blank\" href=\"http:\/\/www.monde-diplomatique.fr\/2022\/10\/TRONTIN\/65195#nb1\" class=\"spip_note\" rel=\"appendix\" title=\"Estimation de la d\u00e9mographe Ioulia Florinska\u00efa, interrog\u00e9e par le journal en\u00a0(...)\" id=\"nh1\">1<\/a>)<\/span>, pour la plupart jeunes et dipl\u00f4m\u00e9es, avaient d\u00e9j\u00e0 fait leurs valises pour la Turquie, les \u00c9mirats arabes unis, l\u2019Arm\u00e9nie ou la G\u00e9orgie, en vue d\u2019une installation durable ou provisoire. Combien de nouveaux d\u00e9parts la mobilisation des r\u00e9servistes provoquera-t-elle<small class=\"fine\">\u00a0<\/small>?<\/p>\n<p>Ainsi que le relevait en ao\u00fbt dernier M.\u00a0Fiodorov, dans un entretien \u00e0 l\u2019agence Ria Novosti, <i>\u00ab<small class=\"fine\">\u00a0<\/small>environ 10<small class=\"fine\">\u00a0<\/small>% des personnes interrog\u00e9es ont chang\u00e9 de position<\/i> [pendant les trois ou quatre premi\u00e8res semaines du conflit] <i>\u00a0: une partie de celles qui \u00e9taient contre ou qui avaient du mal \u00e0 r\u00e9pondre ont bascul\u00e9 en faveur de l\u2019op\u00e9ration. Depuis, les chiffres \u00e9voluent peu.<\/i>\u00a0(\u2026) <i>Pour que ces proportions \u00e9voluent, il faudrait un \u00e9v\u00e9nement d\u2019une ampleur comparable \u00e0 ceux du printemps<\/i><span class=\"spip_note_ref\">\u00a0(<a target=\"_blank\" href=\"http:\/\/www.monde-diplomatique.fr\/2022\/10\/TRONTIN\/65195#nb2\" class=\"spip_note\" rel=\"appendix\" title=\"Ria Novosti, 24\u00a0ao\u00fbt\u00a02022.\" id=\"nh2\">2<\/a>)<\/span><i><small class=\"fine\">\u00a0<\/small>\u00bb.<\/i> Le discours de M.\u00a0Vladimir Poutine du\u00a021\u00a0septembre pourrait constituer ce point de bascule.<\/p>\n<p>Les sanctions ont convaincu une grande partie de l\u2019opinion de ce que beaucoup affirmaient depuis 2014\u00a0: l\u2019adversaire de la Russie ne serait pas l\u2019Ukraine mais l\u2019Organisation du trait\u00e9 de l\u2019Atlantique nord\u00a0(OTAN), et, derri\u00e8re, les \u00c9tats-Unis, pr\u00eats \u00e0 tout pour affaiblir Moscou. \u00c0 la veille de l\u2019invasion, 60<small class=\"fine\">\u00a0<\/small>% des personnes interrog\u00e9es par le Centre Levada au sujet des tensions au Donbass estimaient d\u00e9j\u00e0 que l\u2019OTAN \u00e9tait responsable de cette situation (seulement 14<small class=\"fine\">\u00a0<\/small>% incriminaient l\u2019Ukraine)<span class=\"spip_note_ref\">\u00a0(<a target=\"_blank\" href=\"http:\/\/www.monde-diplomatique.fr\/2022\/10\/TRONTIN\/65195#nb3\" class=\"spip_note\" rel=\"appendix\" title=\"Site du Centre Levada, 24\u00a0f\u00e9vrier\u00a02022.\" id=\"nh3\">3<\/a>)<\/span>. L\u2019hostilit\u00e9 occidentale a incit\u00e9 les plus ti\u00e8des \u00e0 se solidariser avec la d\u00e9cision de M.\u00a0Poutine. D\u00e9but septembre, la d\u00e9cision des Vingt-Sept de compliquer l\u2019acc\u00e8s des Russes \u00e0 l\u2019espace Schengen, apr\u00e8s celle des pays baltes, de la Pologne et de la R\u00e9publique tch\u00e8que de leur fermer leur territoire, renforce un complexe de forteresse assi\u00e9g\u00e9e chez les soutiens de la guerre, sans transformer profond\u00e9ment les rapports de forces dans l\u2019opinion. Environ 10<small class=\"fine\">\u00a0<\/small>% d\u2019opposants irr\u00e9ductibles continuent de condamner sans r\u00e9serve les op\u00e9rations militaires. La crainte de partir au front a sans doute accru leur nombre\u00a0: fin septembre, elle a conduit les plus d\u00e9termin\u00e9s \u00e0 descendre \u00e0 nouveau dans la rue.<\/p>\n<p>Cet \u00e9t\u00e9, il planait pourtant une ambiance d\u2019\u00e9trange normalit\u00e9 dans les rues de Saint-P\u00e9tersbourg. Une vague de chaleur bienvenue accompagnait alors le solstice. \u00c0 l\u2019heure des <i>vypouskniki<\/i> (dipl\u00f4me du cycle primaire, \u00e9quivalent du bac en France) et des nuits blanches, l\u2019ambiance \u00e9tait estivale et festive. Partout des \u00e9tudiants aux costumes bariol\u00e9s, des touristes venus de tout le pays, des terrasses et des restaurants bond\u00e9s. Les boutiques de souvenirs \u00e9taient prises d\u2019assaut.<\/p>\n<p>Au milieu de cette insouciance, certains costumes se faisaient pr\u00e9texte \u00e0 un singulier affichage politique\u00a0: on voyait ici et l\u00e0 des\u00a0\u00ab<small class=\"fine\">\u00a0<\/small>Z<small class=\"fine\">\u00a0<\/small>\u00bb de tailles diverses (devenus symboles de l\u2019\u00ab<small class=\"fine\">\u00a0<\/small>op\u00e9ration militaire sp\u00e9ciale<small class=\"fine\">\u00a0<\/small>\u00bb), parfois combin\u00e9s au ruban de Saint-Georges \u00e0 bandes noires et orange altern\u00e9es (symbole de la victoire sur le fascisme, qui est l\u2019un des buts de guerre annonc\u00e9s). La pr\u00e9sence polici\u00e8re se faisait discr\u00e8te\u00a0: rien \u00e0 voir avec la p\u00e9riode de la guerre en Tch\u00e9tch\u00e9nie, o\u00f9 les stations de m\u00e9tro \u00e9taient entour\u00e9es de blocs de b\u00e9ton et les contr\u00f4les d\u2019identit\u00e9 renforc\u00e9s \u00e0 tous les coins de rue.<\/p>\n<p><i>\u00ab<small class=\"fine\">\u00a0<\/small>Pour les drapeaux russes, on est en rupture de stock<small class=\"fine\">\u00a0<\/small>\u00bb,<\/i> plaisantait ce vendeur de souvenirs sur cette rue passante du centre de Moscou. Aux carrefours strat\u00e9giques de la ville, les McDonald\u2019s \u00ab<small class=\"fine\">\u00a0<\/small>d\u00e9sam\u00e9ricanis\u00e9s<small class=\"fine\">\u00a0<\/small>\u00bb avaient repris du service et (effet de curiosit\u00e9<small class=\"fine\">\u00a0<\/small>?) \u00e9taient pleins \u00e0 craquer. Si les effluves de graillon, les menus gras-sucr\u00e9s-sal\u00e9s-gaz\u00e9ifi\u00e9s et l\u2019ambiance d\u00e9contract\u00e9e \u00e9taient rest\u00e9s, la d\u00e9coration avait chang\u00e9\u00a0: exit les arches dor\u00e9es et les clowns hilares, place \u00e0 de sobres emballages blancs, \u00e0 un personnel de noir v\u00eatu et \u00e0 des slogans \u00ab<small class=\"fine\">\u00a0<\/small>C\u2019est bon. Point<small class=\"fine\">\u00a0<\/small>\u00bb. Mani\u00e8re de prendre position sans apostropher le passant, ce jeune \u00e9l\u00e9gant \u00e0 la barbe soigneusement taill\u00e9e crois\u00e9 dans le m\u00e9tro de Moscou portait un T-shirt immacul\u00e9 estampill\u00e9 de la mention \u00ab<small class=\"fine\">\u00a0<\/small>agent de l\u2019\u00e9tranger<small class=\"fine\">\u00a0<\/small>\u00bb.<\/p>\n<p>Dans la Russie de M.\u00a0Poutine, il y a les patriotes fiables et les \u00e9l\u00e9ments perturbateurs. La loi sur les agents de l\u2019\u00e9tranger, promulgu\u00e9e en 2012 sur le mod\u00e8le de la loi am\u00e9ricaine analogue, disposait que les entit\u00e9s non commerciales financ\u00e9es par l\u2019\u00e9tranger agissant en Russie devaient se d\u00e9clarer comme telles sous peine de dissolution. R\u00e9cemment, son champ a \u00e9t\u00e9 \u00e9tendu aux personnes physiques, et le terme \u00ab<small class=\"fine\">\u00a0<\/small>financ\u00e9<small class=\"fine\">\u00a0<\/small>\u00bb y est remplac\u00e9 par celui, plus large, de \u00ab<small class=\"fine\">\u00a0<\/small>sous influence<small class=\"fine\">\u00a0<\/small>\u00bb. Elle entra\u00eene pour les critiques du pouvoir le risque de toutes sortes de sanctions telles que gardes \u00e0 vue, interrogatoires, perquisitions. Le 8\u00a0juillet, l\u2019\u00e9lu moscovite Alexe\u00ef Gorinov a \u00e9t\u00e9 condamn\u00e9 \u00e0 sept ans de d\u00e9tention pour avoir d\u00e9nonc\u00e9 l\u2019assaut russe contre l\u2019Ukraine. Alors que la majorit\u00e9 des condamnations pour ce motif se limitaient \u00e0 des amendes, ce jugement a valeur d\u2019exemple. Les manifestants pacifistes arr\u00eat\u00e9s en septembre risquent, eux, quinze ans de prison.<\/p>\n<p>Depuis plusieurs mois, les journaux t\u00e9l\u00e9vis\u00e9s d\u00e9clinaient l\u2019id\u00e9e d\u2019une avanc\u00e9e prudente des forces russes, soucieuses d\u2019\u00e9pargner des vies dans les deux camps, d\u2019un effort de reconstruction et de la gratitude des habitants dans les \u00ab<small class=\"fine\">\u00a0<\/small>zones lib\u00e9r\u00e9es<small class=\"fine\">\u00a0<\/small>\u00bb<small class=\"fine\">\u00a0<\/small>; des d\u00e9clarations r\u00e9guli\u00e8res du pr\u00e9sident Poutine venaient d\u00e9tailler les positions, les intentions, les r\u00e9actions de la Russie face \u00e0 telle ou telle p\u00e9rip\u00e9tie.<\/p>\n<p>Le pouvoir russe mod\u00e9rait avec un certain succ\u00e8s les attentes de la population afin de pr\u00e9venir toute forme d\u2019exigence de r\u00e9sultat. Les briefings matinaux du lieutenant-g\u00e9n\u00e9ral Igor Konachenkov, qui d\u00e9clamait d\u2019une voix monocorde, impersonnelle, concise les avanc\u00e9es et les difficult\u00e9s de l\u2019op\u00e9ration, refl\u00e9taient le caract\u00e8re lent et complexe de l\u2019affaire. Ainsi s\u2019est longtemps form\u00e9e une sorte d\u2019immunit\u00e9 du public aux mauvaises nouvelles\u00a0: on en a vu l\u2019illustration lorsque le croiseur <i>Moskva<\/i> fut coul\u00e9, le 14\u00a0avril\u00a02022. Contre toute attente, le choc d\u2019opinion provoqu\u00e9 par cette nouvelle ne s\u2019est pas traduit par un effondrement du soutien \u00e0 l\u2019effort militaire, chacun comprenant que le conflit serait in\u00e9vitablement \u00e9maill\u00e9 de revers. La contre-offensive ukrainienne, douloureuse pour l\u2019arm\u00e9e russe, a montr\u00e9 les limites de l\u2019exercice. L\u2019opinion pourrait redouter un enlisement du conflit exigeant toujours plus d\u2019hommes et de ressources.<\/p>\n<p>Dmitri Ivanov, \u00e9crivain, nous confie sa vision des choses, qui r\u00e9sume le mieux le sentiment dominant. <i>\u00ab<small class=\"fine\">\u00a0<\/small>Je suis contre la guerre. Quel genre de personne faut-il \u00eatre pour se r\u00e9jouir d\u2019un carnage o\u00f9 p\u00e9rissent tant de gens innocents<small class=\"fine\">\u00a0<\/small>?<small class=\"fine\">\u00a0<\/small>\u00bb<\/i> Comme la plupart des Russes, il consid\u00e8re que l\u2019Ukraine est la victime de la guerre froide, qui s\u2019est prolong\u00e9e contre la Russie, apr\u00e8s la disparition de l\u2019URSS, en se radicalisant. <i>\u00ab<small class=\"fine\">\u00a0<\/small>Les \u00c9tats-Unis ont,<\/i> selon lui, <i>commis une grave erreur en acc\u00e9l\u00e9rant l\u2019encerclement de la Russie. [Boris] Eltsine, d\u00e9j\u00e0, exprimait son agacement, et s\u2019il \u00e9tait au pouvoir aujourd\u2019hui, il est possible qu\u2019il ait pris la m\u00eame d\u00e9cision, de m\u00eame que n\u2019importe quel secr\u00e9taire g\u00e9n\u00e9ral de l\u2019\u00e9poque sovi\u00e9tique\u00a0: il y a des constantes dans l\u2019histoire, et les \u00c9tats-Unis auraient pu et d\u00fb emp\u00eacher cette guerre, qui est la cons\u00e9quence des cinq \u00e9largissements successifs de l\u2019OTAN. Maintenant, la guerre est l\u00e0 et risque de s\u2019\u00e9tendre comme un feu de for\u00eat<small class=\"fine\">\u00a0<\/small>\u00bb,<\/i> s\u2019inqui\u00e8te Ivanov, en citant la Transnistrie, la Moldavie, Kaliningrad\u2026<\/p>\n<p>Les Russes ont longtemps estim\u00e9 que, d\u2019ici \u00e0 l\u2019hiver, l\u2019affrontement russo-occidental se jouerait sur le terrain \u00e9conomique\u00a0: p\u00e9nurie contre p\u00e9nurie. <i>\u00ab<small class=\"fine\">\u00a0<\/small>Les Russes et les Europ\u00e9ens n\u2019ont pas le m\u00eame seuil de r\u00e9sistance,<\/i> remarque Khafiz Koutlaliev, historien sp\u00e9cialiste de la premi\u00e8re guerre mondiale. <i>Nous, nous avons connu l\u2019essence rationn\u00e9e, les rayons d\u2019alimentation vides, l\u2019hyperinflation.<small class=\"fine\">\u00a0<\/small>\u00bb<\/i> La d\u00e9b\u00e2cle \u00e9conomique sous Eltsine est dans bien des m\u00e9moires. Or la crise actuelle s\u2019annonce beaucoup moins s\u00e9v\u00e8re que le traumatisme collectif des ann\u00e9es\u00a01990. Les Russes veulent se convaincre que, m\u00eame priv\u00e9s du dernier iPhone, de parmesan, de voyages \u00e0 Paris, la vie restera possible. <i>\u00ab<small class=\"fine\">\u00a0<\/small>\u00c0 cause de l\u2019inflation, l\u2019Union europ\u00e9enne craquera la premi\u00e8re et sera forc\u00e9e de n\u00e9gocier<small class=\"fine\">\u00a0<\/small>\u00bb,<\/i> entend-on souvent.<\/p>\n<p>M\u00eame si tous s\u2019attendent \u00e0 des temps difficiles, la Russie n\u2019appara\u00eet pas livr\u00e9e au chaos. Les files d\u2019attente devant les distributeurs de billets ont disparu. Le pays conna\u00eet un boom de la construction aussi bien \u00e0 Moscou qu\u2019en province. Le ch\u00f4mage, quoique sous-\u00e9valu\u00e9, demeure \u00e0 son plus bas niveau historique. Selon la Sberbank, num\u00e9ro un du cr\u00e9dit bancaire, le salaire r\u00e9el m\u00e9dian est reparti \u00e0 la hausse depuis le printemps<span class=\"spip_note_ref\">\u00a0(<a target=\"_blank\" href=\"http:\/\/www.monde-diplomatique.fr\/2022\/10\/TRONTIN\/65195#nb4\" class=\"spip_note\" rel=\"appendix\" title=\"Expert, Moscou, 27\u00a0juin\u00a02022.\" id=\"nh4\">4<\/a>)<\/span>. M.\u00a0Sergue\u00ef Tolstykh, informaticien, nous explique\u00a0: <i>\u00ab<small class=\"fine\">\u00a0<\/small>J\u2019\u00e9vite les informations sur la situation militaire dans les r\u00e9seaux sociaux et je regarde uniquement les cha\u00eenes \u00e9conomiques, type\u00a0RBK, pour essayer de comprendre ce qui nous attend. Apparemment, on va ressentir une baisse de r\u00e9gime, mais rien d\u2019irr\u00e9versible.<small class=\"fine\">\u00a0<\/small>\u00bb<\/i> Avec son \u00e9quipe, M.\u00a0Tolstykh travaille \u00e0 un syst\u00e8me d\u2019exploitation fond\u00e9 sur Linux, tandis que d\u2019autres \u00e9quipes mettent au point un rempla\u00e7ant pour Android. <i>\u00ab<small class=\"fine\">\u00a0<\/small>La souverainet\u00e9 num\u00e9rique, depuis le temps qu\u2019on en parle vainement, est en marche<small class=\"fine\">\u00a0<\/small>!<small class=\"fine\">\u00a0<\/small>\u00bb,<\/i> affirme-t-il, enthousiaste.<\/p>\n<p>Les m\u00e9dias d\u2019\u00c9tat rappellent \u00e0 l\u2019envi l\u2019endurance du peuple russe dans les \u00e9preuves, et pr\u00e9sentent m\u00eame les sanctions comme une chance \u00e9conomique pour le pays. <i>\u00ab<small class=\"fine\">\u00a0<\/small>Dans les<\/i> focus groups [entretiens collectifs] <i>que nous organisons,<\/i> explique M.\u00a0Denis Volkov, directeur du Centre Levada, <i>les participants affirment que des sanctions s\u2019appliquaient d\u00e9j\u00e0 \u00e0 l\u2019Union sovi\u00e9tique. Si elles ont produit un certain choc lors de leur annonce, elles sont d\u00e9sormais per\u00e7ues presque comme une bonne chose, beaucoup y voyant une incitation \u00e0 d\u00e9velopper certains secteurs strat\u00e9giques de l\u2019\u00e9conomie nationale.<small class=\"fine\">\u00a0<\/small>\u00bb<\/i> Cet optimisme est confort\u00e9 par l\u2019\u00e9chec des sanctions occidentales\u00a0: au lieu du chaos financier annonc\u00e9, les embargos ont provoqu\u00e9 une explosion des cours des hydrocarbures et rempli les caisses de l\u2019\u00c9tat. Mais qu\u2019en restera-t-il si, c\u00f4t\u00e9 russe aussi, les pronostics sont d\u00e9jou\u00e9s<small class=\"fine\">\u00a0<\/small>?<\/p>\n<p>Il y a peu, on pouvait s\u2019installer dans un bar de Moscou et observer de petits drapeaux indiquer la provenance de l\u2019immense assortiment de bi\u00e8res artisanales propos\u00e9es (Allemagne, Belgique, Irlande, Royaume-Uni et, pour la plupart, Russie). Insouciants, de jeunes cadres en costume-cravate \u00e9clusaient leur pinte apr\u00e8s le travail. L\u2019ambiance \u00e9tait tranquille, rassurante, alors que la guerre faisait rage \u00e0 moins de sept cents kilom\u00e8tres de l\u00e0.<\/p>\n<p>Dans l\u2019un de ces d\u00e9bits de boissons, un client, tout sourire, nous avait gliss\u00e9\u00a0: <i>\u00ab<small class=\"fine\">\u00a0<\/small>\u00c0 toute chose malheur est bon. La guerre a mis fin au Covid<small class=\"fine\">\u00a0<\/small>! Finis les masques, finies les restrictions de sortie<small class=\"fine\">\u00a0<\/small>!<small class=\"fine\">\u00a0<\/small>\u00bb<\/i> Une apparente d\u00e9sinvolture que ne tol\u00e9rent plus les \u00e9l\u00e9ments les plus bellicistes de l\u2019\u00e9lite. <i>\u00ab<small class=\"fine\">\u00a0<\/small>Quelque part l\u00e0-bas, une op\u00e9ration sp\u00e9ciale est en cours, sans que chaque personne, chaque famille se sentent concern\u00e9es. Toute la soci\u00e9t\u00e9 doit concentrer ses efforts en vue de la victoire<small class=\"fine\">\u00a0<\/small>\u00bb,<\/i> exhortait le d\u00e9put\u00e9 Mikha\u00efl Cheremetiev, issu de la majorit\u00e9 pr\u00e9sidentielle, le 13\u00a0septembre dernier.<\/p>\n<p>L\u2019automne s\u2019accompagnera-t-il d\u2019un changement d\u2019humeur g\u00e9n\u00e9ral, qu\u2019il s\u2019agisse de soutenir la guerre pour les uns, ou de s\u2019y opposer pour les autres<small class=\"fine\">\u00a0<\/small>?<\/p>\n<\/p><\/div>\n<p><br \/>\n<br \/><a href=\"https:\/\/www.monde-diplomatique.fr\/2022\/10\/TRONTIN\/65195\" target=\"_blank\"\">Source link <\/a><\/p>\n","protected":false},"excerpt":{"rendered":"<p>Igor Makarevich. \u2014 \u00ab\u00a0Structures stratigraphiques\u00a0\u00bb, 1979 \u00a9 Centre Pompidou, MNAM-CCI, Dist. RMN-Grand Palais &#8211; photographie\u00a0: Centre Pompidou, MNAM-CCI \u00abVous \u00eates psychiatre\u00a0?\u00a0\u00bb, nous lance, dans un grand \u00e9clat de rire, M.\u00a0Boris&hellip; <\/p>\n","protected":false},"author":1,"featured_media":16408,"comment_status":"open","ping_status":"open","sticky":false,"template":"","format":"standard","meta":{"footnotes":""},"categories":[1],"tags":[],"class_list":["post-16407","post","type-post","status-publish","format-standard","has-post-thumbnail","hentry","category-non-classe"],"_links":{"self":[{"href":"https:\/\/monde25.info\/index.php\/wp-json\/wp\/v2\/posts\/16407","targetHints":{"allow":["GET"]}}],"collection":[{"href":"https:\/\/monde25.info\/index.php\/wp-json\/wp\/v2\/posts"}],"about":[{"href":"https:\/\/monde25.info\/index.php\/wp-json\/wp\/v2\/types\/post"}],"author":[{"embeddable":true,"href":"https:\/\/monde25.info\/index.php\/wp-json\/wp\/v2\/users\/1"}],"replies":[{"embeddable":true,"href":"https:\/\/monde25.info\/index.php\/wp-json\/wp\/v2\/comments?post=16407"}],"version-history":[{"count":0,"href":"https:\/\/monde25.info\/index.php\/wp-json\/wp\/v2\/posts\/16407\/revisions"}],"wp:featuredmedia":[{"embeddable":true,"href":"https:\/\/monde25.info\/index.php\/wp-json\/wp\/v2\/media\/16408"}],"wp:attachment":[{"href":"https:\/\/monde25.info\/index.php\/wp-json\/wp\/v2\/media?parent=16407"}],"wp:term":[{"taxonomy":"category","embeddable":true,"href":"https:\/\/monde25.info\/index.php\/wp-json\/wp\/v2\/categories?post=16407"},{"taxonomy":"post_tag","embeddable":true,"href":"https:\/\/monde25.info\/index.php\/wp-json\/wp\/v2\/tags?post=16407"}],"curies":[{"name":"wp","href":"https:\/\/api.w.org\/{rel}","templated":true}]}}