{"id":16412,"date":"2025-09-24T06:50:51","date_gmt":"2025-09-24T04:50:51","guid":{"rendered":"https:\/\/monde25.info\/index.php\/2025\/09\/24\/rdc-le-president-de-lassemblee-nationale-presente-sa-demission\/"},"modified":"2025-09-24T06:50:51","modified_gmt":"2025-09-24T04:50:51","slug":"rdc-le-president-de-lassemblee-nationale-presente-sa-demission","status":"publish","type":"post","link":"https:\/\/monde25.info\/index.php\/2025\/09\/24\/rdc-le-president-de-lassemblee-nationale-presente-sa-demission\/","title":{"rendered":"RDC: le pr\u00e9sident de l&rsquo;Assembl\u00e9e nationale pr\u00e9sente sa d\u00e9mission"},"content":{"rendered":"<p> <br \/>\n<br \/><img decoding=\"async\" src=\"https:\/\/cdn1.img.sputniknews.africa\/img\/07e7\/03\/05\/1058109479_0:160:3073:1888_600x0_80_0_0_df1f6cbc450938f8d7d60344feafb5fa.jpg\" \/><\/p>\n<div>\n<div class=\"article__meta\" itemscope=\"\" itemtype=\"https:\/\/schema.org\/Article\">\n<p>https:\/\/fr.sputniknews.africa\/20250923\/rdc-le-president-de-lassemblee-nationale-presente-sa-demission-1078556636.html<\/p>\n<p><a target=\"_blank\" itemprop=\"url\" href=\"https:\/\/fr.sputniknews.africa\/20250923\/rdc-le-president-de-lassemblee-nationale-presente-sa-demission-1078556636.html\" title=\"RDC: le pr\u00e9sident de l'Assembl\u00e9e nationale pr\u00e9sente sa d\u00e9mission\"\/><\/p>\n<p>RDC: le pr\u00e9sident de l&rsquo;Assembl\u00e9e nationale pr\u00e9sente sa d\u00e9mission<\/p>\n<p>RDC: le pr\u00e9sident de l&rsquo;Assembl\u00e9e nationale pr\u00e9sente sa d\u00e9mission<\/p>\n<p>Sputnik Afrique<\/p>\n<p>Le pr\u00e9sident de l&rsquo;Assembl\u00e9e nationale de la R\u00e9publique d\u00e9mocratique du Congo, Vital Kamerhe, a d\u00e9missionn\u00e9 lundi soir de son poste, dans un contexte marqu\u00e9 par&#8230; 23.09.2025, Sputnik Afrique<\/p>\n<p>2025-09-23T08:06+0200<\/p>\n<p>2025-09-23T08:06+0200<\/p>\n<p>2025-09-23T08:06+0200<\/p>\n<p>r\u00e9publique d\u00e9mocratique du congo (rdc)<\/p>\n<p>d\u00e9mission<\/p>\n<p>gouvernement<\/p>\n<p>afrique subsaharienne<\/p>\n<p>https:\/\/cdn1.img.sputniknews.africa\/img\/07e7\/03\/05\/1058109479_0:160:3073:1888_1920x0_80_0_0_fc92a4be1cfec8362b392989aec3de9b.jpg<\/p>\n<p>Vis\u00e9 par une proc\u00e9dure de destitution initi\u00e9e par un d\u00e9put\u00e9 du parti pr\u00e9sidentiel, M. Kamerhe a \u00ab\u00a0remis sa d\u00e9mission \u00e0 la conf\u00e9rence des pr\u00e9sidents\u00a0\u00bb des groupes parlementaires, a indiqu\u00e9 l&rsquo;Agence congolaise de presse (ACP).\u00a0\u00bbVital Kamerhe vient de d\u00e9missionner\u00a0\u00bb, a confirm\u00e9, de son c\u00f4t\u00e9, la t\u00e9l\u00e9vision nationale (RTNC). Cette annonce est survenue avant l&rsquo;ouverture dans la soir\u00e9e d&rsquo;une session pl\u00e9ni\u00e8re et un possible vote sur sa destitution.D\u00e9j\u00e0 pr\u00e9sident de l&rsquo;Assembl\u00e9e nationale entre 2006 et 2009 sous l&rsquo;ex-pr\u00e9sident Joseph Kabila, M. Kamerhe avait d\u00e9missionn\u00e9 \u00e0 la suite d&rsquo;un diff\u00e9rend avec la majorit\u00e9. Il avait ensuite fond\u00e9 son parti d&rsquo;opposition, l&rsquo;Union pour la nation congolaise (UNC).En 2023, il est devenu ministre de l&rsquo;Economie, avant d&rsquo;\u00eatre \u00e9lu pr\u00e9sident de l&rsquo;Assembl\u00e9e l&rsquo;ann\u00e9e suivante.<\/p>\n<p>r\u00e9publique d\u00e9mocratique du congo (rdc)<\/p>\n<p>afrique subsaharienne<\/p>\n<div itemprop=\"copyrightHolder\" itemscope=\"\" itemtype=\"http:\/\/schema.org\/Organization\">\n<p>Sputnik Afrique<\/p>\n<p><a target=\"_blank\" itemprop=\"url\" href=\"https:\/\/fr.sputniknews.africa\" title=\"Sputnik Afrique\"> <\/a><\/p>\n<p>feedback.fr@sputniknews.com<\/p>\n<p>+74956456601<\/p>\n<p>MIA \u201eRossiya Segodnya\u201c<\/p>\n<p><a target=\"_blank\" itemprop=\"sameAs\" href=\"https:\/\/t.me\/sputnik_afrique\"> <\/a><a target=\"_blank\" itemprop=\"sameAs\" href=\"https:\/\/t.me\/sputnik_africa\"> <\/a><a target=\"_blank\" itemprop=\"sameAs\" href=\"https:\/\/t.me\/sputnik_ethiopia\"> <\/a><a target=\"_blank\" itemprop=\"sameAs\" href=\"https:\/\/x.com\/sputnik_afrique\"> <\/a><a target=\"_blank\" itemprop=\"sameAs\" href=\"https:\/\/x.com\/sputnik_africa\"> <\/a><a target=\"_blank\" itemprop=\"sameAs\" href=\"https:\/\/x.com\/sputnik_ethio\"> <\/a><a target=\"_blank\" itemprop=\"sameAs\" href=\"https:\/\/x.com\/sputnik_swahili\"> <\/a><\/div>\n<p>2025<\/p>\n<p>Actus<\/p>\n<p>fr_FR<\/p>\n<div itemprop=\"sourceOrganization\" itemscope=\"\" itemtype=\"http:\/\/schema.org\/Organization\">\n<p>Sputnik Afrique<\/p>\n<p><a target=\"_blank\" itemprop=\"url\" href=\"https:\/\/fr.sputniknews.africa\" title=\"Sputnik Afrique\"> <\/a><\/p>\n<p>feedback.fr@sputniknews.com<\/p>\n<p>+74956456601<\/p>\n<p>MIA \u201eRossiya Segodnya\u201c<\/p>\n<p><a target=\"_blank\" itemprop=\"sameAs\" href=\"https:\/\/t.me\/sputnik_afrique\"> <\/a><a target=\"_blank\" itemprop=\"sameAs\" href=\"https:\/\/t.me\/sputnik_africa\"> <\/a><a target=\"_blank\" itemprop=\"sameAs\" href=\"https:\/\/t.me\/sputnik_ethiopia\"> <\/a><a target=\"_blank\" itemprop=\"sameAs\" href=\"https:\/\/x.com\/sputnik_afrique\"> <\/a><a target=\"_blank\" itemprop=\"sameAs\" href=\"https:\/\/x.com\/sputnik_africa\"> <\/a><a target=\"_blank\" itemprop=\"sameAs\" href=\"https:\/\/x.com\/sputnik_ethio\"> <\/a><a target=\"_blank\" itemprop=\"sameAs\" href=\"https:\/\/x.com\/sputnik_swahili\"> <\/a><\/div>\n<p><a target=\"_blank\" itemprop=\"thumbnailUrl\" href=\"https:\/\/cdn1.img.sputniknews.africa\/img\/07e7\/03\/05\/1058109479_0:160:3073:1888_1920x0_80_0_0_fc92a4be1cfec8362b392989aec3de9b.jpg\"\/><a target=\"_blank\" itemprop=\"thumbnailUrl\" href=\"https:\/\/cdn1.img.sputniknews.africa\/img\/07e7\/03\/05\/1058109479_170:0:2901:2048_1920x0_80_0_0_e595781c9e9a0bc87432a2de37849cd2.jpg\">https:\/\/cdn1.img.sputniknews.africa\/img\/07e7\/03\/05\/1058109479_170:0:2901:2048_1920x0_80_0_0_e595781c9e9a0bc87432a2de37849cd2.jpg<\/a><a target=\"_blank\" itemprop=\"thumbnailUrl\" href=\"https:\/\/cdn1.img.sputniknews.africa\/img\/07e7\/03\/05\/1058109479_512:0:2560:2048_1920x0_80_0_0_b2ba1d84cfc8647d88080dbf245633ad.jpg\" title=\"Goma - North Kivu\"\/><\/p>\n<div itemprop=\"publisher\" itemscope=\"\" itemtype=\"http:\/\/schema.org\/Organization\">\n<p>Sputnik Afrique<\/p>\n<p><a target=\"_blank\" itemprop=\"url\" href=\"https:\/\/fr.sputniknews.africa\" title=\"Sputnik Afrique\"> <\/a><\/p>\n<p>feedback.fr@sputniknews.com<\/p>\n<p>+74956456601<\/p>\n<p>MIA \u201eRossiya Segodnya\u201c<\/p>\n<p><a target=\"_blank\" itemprop=\"sameAs\" href=\"https:\/\/t.me\/sputnik_afrique\"> <\/a><a target=\"_blank\" itemprop=\"sameAs\" href=\"https:\/\/t.me\/sputnik_africa\"> <\/a><a target=\"_blank\" itemprop=\"sameAs\" href=\"https:\/\/t.me\/sputnik_ethiopia\"> <\/a><a target=\"_blank\" itemprop=\"sameAs\" href=\"https:\/\/x.com\/sputnik_afrique\"> <\/a><a target=\"_blank\" itemprop=\"sameAs\" href=\"https:\/\/x.com\/sputnik_africa\"> <\/a><a target=\"_blank\" itemprop=\"sameAs\" href=\"https:\/\/x.com\/sputnik_ethio\"> <\/a><a target=\"_blank\" itemprop=\"sameAs\" href=\"https:\/\/x.com\/sputnik_swahili\"> <\/a><\/div>\n<p>r\u00e9publique d\u00e9mocratique du congo (rdc), d\u00e9mission, gouvernement, afrique subsaharienne<\/p>\n<div itemprop=\"about\" itemscope=\"\" itemtype=\"https:\/\/schema.org\/Thing\">\n<p>r\u00e9publique d\u00e9mocratique du congo (rdc), d\u00e9mission, gouvernement, afrique subsaharienne<\/p>\n<\/div>\n<\/div>\n<div class=\"article__header\">\n<p>Le pr\u00e9sident de l&rsquo;Assembl\u00e9e nationale de la R\u00e9publique d\u00e9mocratique du Congo, Vital Kamerhe, a d\u00e9missionn\u00e9 lundi soir de son poste, dans un contexte marqu\u00e9 par l\u2019examen de plusieurs p\u00e9titions visant cinq membres du Bureau de l&rsquo;Assembl\u00e9e, dont Kamerhe lui-m\u00eame, rapportent les m\u00e9dias congolais.<\/p>\n<\/div>\n<div class=\"article__body\">\n<div class=\"article__block\" data-type=\"text\">\n<p>Vis\u00e9 par une proc\u00e9dure de destitution initi\u00e9e par un d\u00e9put\u00e9 du parti pr\u00e9sidentiel, M. Kamerhe a \u00ab\u00a0remis sa d\u00e9mission \u00e0 la conf\u00e9rence des pr\u00e9sidents\u00a0\u00bb des groupes parlementaires, a indiqu\u00e9 l&rsquo;Agence congolaise de presse (ACP).<\/p>\n<\/div>\n<div class=\"article__block\" data-type=\"text\">\n<p>\u00ab\u00a0Vital Kamerhe vient de d\u00e9missionner\u00a0\u00bb, a confirm\u00e9, de son c\u00f4t\u00e9, la t\u00e9l\u00e9vision nationale (RTNC). Cette annonce est survenue avant l&rsquo;ouverture dans la soir\u00e9e d&rsquo;une session pl\u00e9ni\u00e8re et un possible vote sur sa destitution.<\/p>\n<\/div>\n<div class=\"article__block\" data-type=\"text\">\n<p>D\u00e9j\u00e0 pr\u00e9sident de l&rsquo;Assembl\u00e9e nationale entre 2006 et 2009 sous l&rsquo;ex-pr\u00e9sident Joseph Kabila, M. Kamerhe avait d\u00e9missionn\u00e9 \u00e0 la suite d&rsquo;un diff\u00e9rend avec la majorit\u00e9. Il avait ensuite fond\u00e9 son parti d&rsquo;opposition, l&rsquo;Union pour la nation congolaise (UNC).<\/p>\n<\/div>\n<div class=\"article__block\" data-type=\"text\">\n<p>En 2023, il est devenu ministre de l&rsquo;Economie, avant d&rsquo;\u00eatre \u00e9lu pr\u00e9sident de l&rsquo;Assembl\u00e9e l&rsquo;ann\u00e9e suivante.<\/p>\n<\/div>\n<\/div>\n<\/div>\n<p><script async=\"async\" type=\"text\/plain\" class=\"_iub_cs_activate\" data-iub-purposes=\"3\" data-suppressedsrc=\"https:\/\/connect.facebook.net\/en_US\/sdk.js#xfbml=1&amp;version=v3.2\"><\/script><br \/>\n<br \/><br \/>\n<br \/><a href=\"https:\/\/fr.sputniknews.africa\/20250923\/rdc-le-president-de-lassemblee-nationale-presente-sa-demission-1078556636.html\" target=\"_blank\"\">Source link <\/a><\/p>\n","protected":false},"excerpt":{"rendered":"<p>https:\/\/fr.sputniknews.africa\/20250923\/rdc-le-president-de-lassemblee-nationale-presente-sa-demission-1078556636.html RDC: le pr\u00e9sident de l&rsquo;Assembl\u00e9e nationale pr\u00e9sente sa d\u00e9mission RDC: le pr\u00e9sident de l&rsquo;Assembl\u00e9e nationale pr\u00e9sente sa d\u00e9mission Sputnik Afrique Le pr\u00e9sident de l&rsquo;Assembl\u00e9e nationale de la R\u00e9publique d\u00e9mocratique&hellip; <\/p>\n","protected":false},"author":1,"featured_media":16413,"comment_status":"open","ping_status":"open","sticky":false,"template":"","format":"standard","meta":{"footnotes":""},"categories":[1],"tags":[],"class_list":["post-16412","post","type-post","status-publish","format-standard","has-post-thumbnail","hentry","category-non-classe"],"_links":{"self":[{"href":"https:\/\/monde25.info\/index.php\/wp-json\/wp\/v2\/posts\/16412","targetHints":{"allow":["GET"]}}],"collection":[{"href":"https:\/\/monde25.info\/index.php\/wp-json\/wp\/v2\/posts"}],"about":[{"href":"https:\/\/monde25.info\/index.php\/wp-json\/wp\/v2\/types\/post"}],"author":[{"embeddable":true,"href":"https:\/\/monde25.info\/index.php\/wp-json\/wp\/v2\/users\/1"}],"replies":[{"embeddable":true,"href":"https:\/\/monde25.info\/index.php\/wp-json\/wp\/v2\/comments?post=16412"}],"version-history":[{"count":0,"href":"https:\/\/monde25.info\/index.php\/wp-json\/wp\/v2\/posts\/16412\/revisions"}],"wp:featuredmedia":[{"embeddable":true,"href":"https:\/\/monde25.info\/index.php\/wp-json\/wp\/v2\/media\/16413"}],"wp:attachment":[{"href":"https:\/\/monde25.info\/index.php\/wp-json\/wp\/v2\/media?parent=16412"}],"wp:term":[{"taxonomy":"category","embeddable":true,"href":"https:\/\/monde25.info\/index.php\/wp-json\/wp\/v2\/categories?post=16412"},{"taxonomy":"post_tag","embeddable":true,"href":"https:\/\/monde25.info\/index.php\/wp-json\/wp\/v2\/tags?post=16412"}],"curies":[{"name":"wp","href":"https:\/\/api.w.org\/{rel}","templated":true}]}}