{"id":16414,"date":"2025-09-24T07:23:47","date_gmt":"2025-09-24T05:23:47","guid":{"rendered":"https:\/\/monde25.info\/index.php\/2025\/09\/24\/erdogan-denonce-le-genocide-et-le-deplacement-force-a-gaza-rt-en-francais\/"},"modified":"2025-09-24T07:23:47","modified_gmt":"2025-09-24T05:23:47","slug":"erdogan-denonce-le-genocide-et-le-deplacement-force-a-gaza-rt-en-francais","status":"publish","type":"post","link":"https:\/\/monde25.info\/index.php\/2025\/09\/24\/erdogan-denonce-le-genocide-et-le-deplacement-force-a-gaza-rt-en-francais\/","title":{"rendered":"Erdogan d\u00e9nonce le g\u00e9nocide et le d\u00e9placement forc\u00e9 \u00e0 Gaza \u2014 RT en fran\u00e7ais"},"content":{"rendered":"<p> <br \/>\n<br \/><img decoding=\"async\" src=\"https:\/\/mf.b37mrtl.ru\/french\/images\/2025.09\/thumbnail\/68d2c9e487f3ec36b32b5064.jpg\" \/><\/p>\n<div>\n<p class=\"text__summary\">\n                                        Devant l\u2019Assembl\u00e9e g\u00e9n\u00e9rale de l\u2019ONU, le 23 septembre, le pr\u00e9sident turc a affirm\u00e9 que l\u2019occupation isra\u00e9lienne n\u2019est pas une lutte antiterroriste, mais \u00abune politique de d\u00e9portation, d\u2019exil, de g\u00e9nocide et de massacre de masse\u00bb. Montrant des photos de victimes palestiniennes, il a fustig\u00e9 le d\u00e9placement forc\u00e9 de 2,5 millions de Gazaouis.\n                                    <\/p>\n<\/div>\n<p><br \/>\n<br \/><a href=\"https:\/\/francais.rt.com\/news\/125600-erdogan-denonce-genocide-deplacement-force-gaza-assemblee-generale-onu\" target=\"_blank\"\">Source link <\/a><\/p>\n","protected":false},"excerpt":{"rendered":"<p>Devant l\u2019Assembl\u00e9e g\u00e9n\u00e9rale de l\u2019ONU, le 23 septembre, le pr\u00e9sident turc a affirm\u00e9 que l\u2019occupation isra\u00e9lienne n\u2019est pas une lutte antiterroriste, mais \u00abune politique de d\u00e9portation, d\u2019exil, de g\u00e9nocide et&hellip; <\/p>\n","protected":false},"author":1,"featured_media":16415,"comment_status":"open","ping_status":"open","sticky":false,"template":"","format":"standard","meta":{"footnotes":""},"categories":[1],"tags":[],"class_list":["post-16414","post","type-post","status-publish","format-standard","has-post-thumbnail","hentry","category-non-classe"],"_links":{"self":[{"href":"https:\/\/monde25.info\/index.php\/wp-json\/wp\/v2\/posts\/16414","targetHints":{"allow":["GET"]}}],"collection":[{"href":"https:\/\/monde25.info\/index.php\/wp-json\/wp\/v2\/posts"}],"about":[{"href":"https:\/\/monde25.info\/index.php\/wp-json\/wp\/v2\/types\/post"}],"author":[{"embeddable":true,"href":"https:\/\/monde25.info\/index.php\/wp-json\/wp\/v2\/users\/1"}],"replies":[{"embeddable":true,"href":"https:\/\/monde25.info\/index.php\/wp-json\/wp\/v2\/comments?post=16414"}],"version-history":[{"count":0,"href":"https:\/\/monde25.info\/index.php\/wp-json\/wp\/v2\/posts\/16414\/revisions"}],"wp:featuredmedia":[{"embeddable":true,"href":"https:\/\/monde25.info\/index.php\/wp-json\/wp\/v2\/media\/16415"}],"wp:attachment":[{"href":"https:\/\/monde25.info\/index.php\/wp-json\/wp\/v2\/media?parent=16414"}],"wp:term":[{"taxonomy":"category","embeddable":true,"href":"https:\/\/monde25.info\/index.php\/wp-json\/wp\/v2\/categories?post=16414"},{"taxonomy":"post_tag","embeddable":true,"href":"https:\/\/monde25.info\/index.php\/wp-json\/wp\/v2\/tags?post=16414"}],"curies":[{"name":"wp","href":"https:\/\/api.w.org\/{rel}","templated":true}]}}