{"id":1642,"date":"2024-12-06T20:13:20","date_gmt":"2024-12-06T19:13:20","guid":{"rendered":"https:\/\/monde25.info\/index.php\/2024\/12\/06\/qui-se-cache-derriere-cette-resurgence-du-terrorisme-international-en-syrie\/"},"modified":"2024-12-06T20:13:20","modified_gmt":"2024-12-06T19:13:20","slug":"qui-se-cache-derriere-cette-resurgence-du-terrorisme-international-en-syrie","status":"publish","type":"post","link":"https:\/\/monde25.info\/index.php\/2024\/12\/06\/qui-se-cache-derriere-cette-resurgence-du-terrorisme-international-en-syrie\/","title":{"rendered":"Qui se cache derri\u00e8re cette r\u00e9surgence du terrorisme international en Syrie ?"},"content":{"rendered":"<p> <br \/>\n<\/p>\n<div>\n<ol class=\"campaign-loop campaign-list\">\n<li id=\"campaign-433393\" class=\"post-433393 campaign type-campaign status-publish hentry campaign-has-goal campaign-has-not-achieved-goal campaign-has-end-date campaign-has-not-ended\">\n\t<a target=\"_blank\" href=\"https:\/\/reseauinternational.net\/campaigns\/campagne-de-dons-decembre-2024\/\"><\/p>\n<h3>Campagne de dons D\u00e9cembre 2024<\/h3>\n<p>\t\t\t<\/a><\/p>\n<p>\n\tChers amis lecteurs, R\u00e9seau International a de nouveau besoin de vous. Gr\u00e2ce \u00e0 vous, nous avons pu nous doter d\u2019un serveur plus s\u00e9curis\u00e9, avec des capacit\u00e9s bien plus aptes \u00e0 g\u00e9rer la tr\u00e8s grosse taille des donn\u00e9es du site et son important trafic. C\u2019est gr\u00e2ce \u00e0 vos dons que nous pouvons garder notre ind\u00e9pendance et\u00a0 vous fournir le meilleur de l\u2019information internationale alternative. Votre soutien nous est indispensable; nous comptons sur vous.<\/p>\n<p>\n<span class=\"amount\">2 286,00\u00a0\u20ac<\/span> de l\u2019objectif de <span class=\"goal-amount\">25 000,00\u00a0\u20ac<\/span> atteint<\/p>\n<\/li>\n<\/ol>\n<p>\u00abAssad doit savoir qu\u2019il joue avec le feu\u00bb a d\u00e9clar\u00e9 le 1er ministre isra\u00e9lien. D\u00e9claration surprenante \u00e0 l\u2019encontre d\u2019un dirigeant qui a pourtant su faire preuve d\u2019une certaine prudence dans l\u2019escalade militaire que conna\u00eet la r\u00e9gion mais qui co\u00efncide \u00e9trangement avec la r\u00e9cente offensive djihadiste \u00e0 travers le pays. De l\u00e0 \u00e0 y voir un lien de cause \u00e0 effet il n\u2019y a qu\u2019un pas.<\/p>\n<p>Apr\u00e8s quatre ann\u00e9es de calme relatif, les \u00e9v\u00e9nements se sont soudainement d\u00e9cha\u00een\u00e9s le jour m\u00eame de l\u2019annonce du cessez-le-feu entre Isra\u00ebl et le Hezbollah au Liban, et la ville d\u2019Alep en Syrie semble bien \u00eatre la cible principale de l\u2019op\u00e9ration. D\u2019apr\u00e8s certaines sources, dont \u00abl\u2019Observatoire syrien des droits de l\u2019homme\u00bb (officine consid\u00e9r\u00e9e par certains comme proche des Fr\u00e8res musulmans), entre 5000 et 15 000 combattants islamistes se seraient empar\u00e9s de positions de l\u2019arm\u00e9e syrienne \u00e0 Kafr Naha et Urum al-Kubra poussant leur offensive jusqu\u2019\u00e0 Khan al-Asal, ce qui devrait logiquement leur ouvrir la voie vers la ville d\u2019Alep, la plus importante en terme de population.<\/p>\n<p>Au vu du mat\u00e9riel et des moyens employ\u00e9s, il ne fait aucun doute que des puissances \u00e9trang\u00e8res sont \u00e0 la man\u0153uvre dans ces tragiques \u00e9v\u00e9nements. Ont ainsi \u00e9t\u00e9 engag\u00e9s de nombreux chars et des dizaines de v\u00e9hicules l\u00e9gers. D\u2019importants \u00e9changes d\u2019artillerie ont \u00e9galement eu lieu.<\/p>\n<p>Plus \u00e0 l\u2019Est de la r\u00e9gion voisine d\u2019Idlib, d\u2019autres combats ont \u00e9clat\u00e9 suite aux assauts lanc\u00e9s cette fois par \u00abl\u2019Arm\u00e9e nationale syrienne\u00bb. Depuis, les aviations russes et syriennes multiplient les sorties pour endiguer cette double offensive, menant des bombardements de grande envergure.<\/p>\n<p>Par ailleurs, la 4\u00e8me division blind\u00e9e de l\u2019arm\u00e9e syrienne, dirig\u00e9e par Maher al-Assad, le propre fr\u00e8re du pr\u00e9sident, a \u00e9t\u00e9 engag\u00e9e.<\/p>\n<p>En raison du brouillard de la guerre et de la difficult\u00e9 \u00e0 v\u00e9rifier et interpr\u00e9ter les informations qui arrivent \u00e0 un rythme effr\u00e9n\u00e9 il est difficile d\u2019anticiper l\u2019\u00e9volution du th\u00e9\u00e2tre d\u2019op\u00e9ration. En revanche, il n\u2019est pas inutile de se pencher sur les groupes terroristes impliqu\u00e9s dans cette soudaine reprise des hostilit\u00e9s, ce qui peut nous donner une piste de r\u00e9flexion sur les enjeux de ce nouveau conflit.<\/p>\n<h5 class=\"wp-block-heading\"><strong>Quels sont les factions \u00e0 l\u2019origine de la reprise des hostilit\u00e9s ?<\/strong><\/h5>\n<p>Commen\u00e7ons par \u00abl\u2019Arm\u00e9e nationale syrienne\u00bb ou \u00abAl-Jays al-Watani as-Suri\u00bb qui a synchronis\u00e9 ses op\u00e9rations avec les djihadistes du \u00abHayat Tahrir al-Cham\u00bb. Il s\u2019agit d\u2019un rassemblement de diff\u00e9rentes factions islamistes cr\u00e9\u00e9 \u00e0 l\u2019initiative de la Turquie suite \u00e0 son op\u00e9ration \u00abBouclier de l\u2019Euphrate\u00bb lanc\u00e9e en mars 2017. Il s\u2019agissait \u00e0 l\u2019\u00e9poque pour Ankara de contrecarrer les vell\u00e9it\u00e9s des Kurdes du PYD dont l\u2019objectif \u00e9tait le contr\u00f4le de la zone allant du poste fronti\u00e8re d\u2019Al-Ra\u00ef jusqu\u2019\u00e0 la ville de Jarablous dans le nord de la Syrie. Les membres de l\u2019ANS agissaient alors en tant que suppl\u00e9tifs de la Turquie voisine dans la perspective de cr\u00e9er dans cette r\u00e9gion une zone tampon.<\/p>\n<p>Le caract\u00e8re id\u00e9ologique de cette \u00abarm\u00e9e\u00bb est assez large, m\u00ealant \u00e0 la fois islamisme sunnite et n\u00e9o-ottomanisme. Pour le journaliste Wassim Nasr, \u00ab<em>c\u2019est un grand micmac. Il y a ceux qui sont proches des Fr\u00e8res musulmans et qui consid\u00e8rent qu\u2019Erdogan est aujourd\u2019hui le chef de ce courant, mais, globalement, je ne les qualifie pas id\u00e9ologiquement : ce sont d\u2019abord et avant tout des suppl\u00e9tifs. La dimension mercantile domine, ils vont l\u00e0 o\u00f9 on les paie<\/em>\u00bb.<\/p>\n<p>Ses effectifs sont \u00e9valu\u00e9s entre 50 000 et 100 000 hommes enti\u00e8rement arm\u00e9s et entra\u00een\u00e9s par la Turquie. La majorit\u00e9 de ses membres sont Arabes mais l\u2019ANS compte \u00e9galement une forte minorit\u00e9 de Turkm\u00e8nes et plus surprenant de Kurdes.<\/p>\n<p>La Syrie n\u2019est pas le seul th\u00e9\u00e2tre o\u00f9 ses combattants sont engag\u00e9s. En tant que mercenaires de la Sublime Porte, les soldats de l\u2019ANS sont envoy\u00e9s partout o\u00f9 les int\u00e9r\u00eats turcs sont menac\u00e9s, notamment en Libye, plus r\u00e9cemment en Azerba\u00efdjan dans le conflit du Haut-Karabagh contre les forces arm\u00e9niennes mais aussi au Sahel o\u00f9 ils s\u00e9curisent d\u00e9sormais les sites de recherche d\u2019or turcs.<\/p>\n<p>L\u2019autre composante de la r\u00e9bellion syrienne actuellement \u00e0 l\u2019\u0153uvre est \u00abl\u2019Organisation de Lib\u00e9ration du Levant\u00bb ou \u00abHayat Tahrir al-Cham\u00bb. Fond\u00e9 officiellement en janvier 2017, cette mouvance est issue de la fusion de diverses organisations islamistes dont la plus importante est le Front Fatah al-Cham, anciennement connue sous le nom de Front al-Nosra, celle-l\u00e0 m\u00eame dont les membres, aux dires d\u2019un ancien ministre fran\u00e7ais, \u00abfaisaient du bon boulot\u00bb.<\/p>\n<p>Selon un article du journal <em>L\u2019Orient-Le Jour<\/em> publi\u00e9 en juin 2017, cette organisation b\u00e9n\u00e9ficierait du soutien financier du Qatar, ce que Doha a toujours formellement ni\u00e9. Mais si cette information se confirme, cela pourrait signifier que la main de Washington n\u2019est pas loin, comme souvent malheureusement.<\/p>\n<p>Rappelons que sur un plan id\u00e9ologique Hayat Tahrir al-Cham est une structure ouvertement salafiste dont le noyau issu du Front al-Nosra \u00e9tait jusqu\u2019en 2017 affili\u00e9 \u00e0 Al Qa\u00efda. Ses effectifs sont \u00e9valu\u00e9s aux alentours de 30 000 hommes.<\/p>\n<p>\u00c0 l\u2019exception du groupe baptis\u00e9 \u00abArm\u00e9e nationale syrienne\u00bb dont l\u2019argent est clairement turc, il est tr\u00e8s difficile de tracer les sources de financement des autres organisations, surtout si l\u2019on cherche \u00e0 s\u2019informer par le biais de la presse fran\u00e7aise. En revanche, la presse isra\u00e9lienne est beaucoup plus loquace. Ainsi, selon une enqu\u00eate du journal isra\u00e9lien Haaretz en date du 21 f\u00e9vrier 2018, l\u2019universitaire Elisabeth Tsurkov, membre du thing tank \u00abIsraeli Forum for Regional Thinking\u00bb, l\u2019\u00c9tat H\u00e9breu apporte un soutien financier direct \u00e0 pas moins de sept groupes terroristes en Syrie. Elle indique par ailleurs : \u00ab<em>Certains de ces groupes qui ont commenc\u00e9 \u00e0 recevoir l\u2019aide d\u2019Isra\u00ebl fin 2017 \u00e9taient jusque-l\u00e0 financ\u00e9s par le Military Operations Command, un centre op\u00e9rationnel g\u00e9r\u00e9 par la CIA. Jusqu\u2019en 2018, ce centre a vers\u00e9 les salaires de dizaines de milliers de membres du \u00abfront sud\u00bb de l\u2019ASL en leur fournissant armes et munitions<\/em>\u00bb.<\/p>\n<p>Le g\u00e9opolitologue Youssef Hindi rappelle de son c\u00f4t\u00e9 que l\u2019aide am\u00e9ricaine a pris fin en 2018 sur d\u00e9cision de l\u2019administration Trump obligeant ainsi Isra\u00ebl \u00e0 prendre le relais s\u2019il ne voulait pas voir ces factions combattantes dispara\u00eetre.<\/p>\n<p>Elisabeth Tsurkov pr\u00e9cise \u00e9galement : \u00ab<em>Toutes mes sources ont confirm\u00e9 l\u2019identit\u00e9 d\u2019au moins sept groupes (rebelles syrien) qui per\u00e7oivent un soutien isra\u00e9lien, \u00e0 la condition que les groupes ne soient pas nomm\u00e9s<\/em>\u00bb.<\/p>\n<h5 class=\"wp-block-heading\"><strong>De la guerre r\u00e9gionale au \u00abGrand Jeu\u00bb mondial<\/strong><\/h5>\n<p>Embourb\u00e9 \u00e0 Gaza et au Liban o\u00f9 Tsahal n\u2019a gu\u00e8re brill\u00e9 par ses exploits militaires (exception faite de la parenth\u00e8se des attentats aux bipeurs pi\u00e9g\u00e9s contre les cadres du Hezbollah), Isra\u00ebl et tr\u00e8s vraisemblablement les r\u00e9seaux bellicistes am\u00e9ricains encore en poste jusqu\u2019au 20 janvier 2025 semble avoir renou\u00e9 avec la guerre de proxi contre le r\u00e9gime baassiste syrien. La question \u00e9videmment est de savoir pourquoi ?<\/p>\n<p>Les raisons sont multiples et tombent sous le sens : pour les faucons de Washington, il s\u2019agirait de briser l\u2019arc chiite Hezbollah, Syrie, Iran, dans la perspective de fragiliser la Russie sur son flanc sud, \u00e9carter Moscou de son acc\u00e8s m\u00e9diterran\u00e9en, endiguer la nouvelle \u00abroute de la soie\u00bb ou \u00abBelt &amp; Road initiative\u00bb (BRI) de la Chine et d\u00e9clencher un bourbier qui p\u00e9naliserait la future administration am\u00e9ricaine. On le voit, les enjeux du c\u00f4t\u00e9 am\u00e9ricain sont \u00e0 la fois externes, s\u2019inscrivant dans le grand jeu g\u00e9opolitique mondial entre puissances montantes et puissances descendantes, mais aussi internes avec une passation de pouvoir entre deux administrations aux vues diam\u00e9tralement oppos\u00e9es.<\/p>\n<p>Qatar et Turquie jouant dans ce jeu le r\u00f4le d\u2019interm\u00e9diaires et instrumentalisant de mani\u00e8re plus ou moins grossi\u00e8re cette nouvelle arm\u00e9e de mercenaires takfiristes.<\/p>\n<p>Le renversement de Bachar al-Assad et le chaos qui s\u2019ensuivrait permettrait quant-\u00e0-lui d\u2019atteindre les objectifs de l\u2019actuel gouvernement isra\u00e9lien consistant \u00e0 remodeler la r\u00e9gion au profit d\u2019un grand Isra\u00ebl. Cela ne peut passer obligatoirement que par la destruction des \u00c9tats-nations de la r\u00e9gion. Et c\u2019est en cela que les organisations du terrorisme djihadiste trouvent leur utilit\u00e9.<\/p>\n<p>Il suffit pour s\u2019en convaincre de relire les d\u00e9clarations de l\u2019actuel ministre isra\u00e9lien des Finances, Bezalel Smotrich qui indiquait que les fronti\u00e8res d\u2019Isra\u00ebl doivent s\u2019\u00e9tendre jusqu\u2019\u00e0 Damas. Vision \u00e9galement partag\u00e9e non seulement par la frange messianique surrepr\u00e9sent\u00e9e au sein des \u00e9lites isra\u00e9liennes mais aussi par les \u00e9vang\u00e9listes am\u00e9ricains.<\/p>\n<p>Cette folle politique dont sont victimes essentiellement les populations civiles de la r\u00e9gion aura \u00e9videmment un impact significatif sur les Chr\u00e9tiens d\u2019Orient. Laurent Ozon rappelait r\u00e9cemment les propos tenus par Georgia Meloni en 2018 et qui raisonnent \u00e9trangement avec ces \u00e9v\u00e9nements : \u00ab<em>s\u2019il est encore possible de d\u00e9fendre l\u2019existence de la communaut\u00e9 chr\u00e9tienne en Syrie, c\u2019est gr\u00e2ce \u00e0 la Russie, \u00e0 l\u2019Iran et au Hezbollah libanais<\/em>\u00bb.<\/p>\n<p>source : <a target=\"_blank\" href=\"https:\/\/mayenneaujourdhui.com\/2024\/11\/30\/le-role-disrael-dans-le-retour-du-terrorisme-en-syrie\/\" target=\"_blank\" rel=\"noopener\" title=\"\">Mayenne Aujourd\u2019hui<\/a> via <a target=\"_blank\" href=\"https:\/\/strategika.fr\/2024\/12\/05\/qui-se-cache-derriere-cette-resurgence-du-terrorisme-international-en-syrie\/\" target=\"_blank\" rel=\"noopener\" title=\"\">Strategika<\/a><\/p>\n<div class=\"sharedaddy sd-block sd-like jetpack-likes-widget-wrapper jetpack-likes-widget-unloaded\" id=\"like-post-wrapper-237719536-434019-67533074cf8cd\" data-src=\"https:\/\/widgets.wp.com\/likes\/?ver=14.0#blog_id=237719536&amp;post_id=434019&amp;origin=reseauinternational.net&amp;obj_id=237719536-434019-67533074cf8cd&amp;n=1\" data-name=\"like-post-frame-237719536-434019-67533074cf8cd\" data-title=\"Aimer ou rebloguer\">\n<h3 class=\"sd-title\">J\u2019aime \u00e7a\u00a0:<\/h3>\n<p><span class=\"button\"><span>J\u2019aime<\/span><\/span> <span class=\"loading\">chargement\u2026<\/span><\/p>\n<p><span class=\"sd-text-color\"\/><a target=\"_blank\" class=\"sd-link-color\"\/><\/div>\n<p><meta itemscope=\"\" itemprop=\"mainEntityOfPage\" itemtype=\"https:\/\/schema.org\/WebPage\" itemid=\"https:\/\/reseauinternational.net\/qui-se-cache-derriere-cette-resurgence-du-terrorisme-international-en-syrie\/\"\/><meta itemprop=\"headline\" content=\"Qui se cache derri\u00e8re cette r\u00e9surgence du terrorisme international en Syrie ?\"\/><span style=\"display: none;\" itemprop=\"author\" itemscope=\"\" itemtype=\"https:\/\/schema.org\/Person\"><meta itemprop=\"name\" content=\"R\u00e9seau International\"\/><\/span><span style=\"display: none;\" itemprop=\"image\" itemscope=\"\" itemtype=\"https:\/\/schema.org\/ImageObject\"><meta itemprop=\"url\" content=\"https:\/\/i0.wp.com\/reseauinternational.net\/wp-content\/uploads\/2024\/12\/Sans-titre-18-2.png?fit=800%2C467&amp;ssl=1\"\/><meta itemprop=\"width\" content=\"800\"\/><meta itemprop=\"height\" content=\"467\"\/><\/span><span style=\"display: none;\" itemprop=\"publisher\" itemscope=\"\" itemtype=\"https:\/\/schema.org\/Organization\"><span style=\"display: none;\" itemprop=\"logo\" itemscope=\"\" itemtype=\"https:\/\/schema.org\/ImageObject\"><meta itemprop=\"url\" content=\"https:\/\/reseauinternational.net\/wp-content\/uploads\/2022\/06\/Capture-de\u0301cran-2022-06-14-a\u0300-16.51.07.png\"\/><\/span><meta itemprop=\"name\" content=\"R\u00e9seau International\"\/><\/span><meta itemprop=\"datePublished\" content=\"2024-12-06T10:51:11+00:00\"\/><meta itemprop=\"dateModified\" content=\"2024-12-06T10:51:33+00:00\"\/><\/div>\n<p><br \/>\n<br \/><a href=\"https:\/\/reseauinternational.net\/qui-se-cache-derriere-cette-resurgence-du-terrorisme-international-en-syrie\/\" target=\"_blank\"\">Source link <\/a><\/p>\n","protected":false},"excerpt":{"rendered":"<p>Campagne de dons D\u00e9cembre 2024 Chers amis lecteurs, R\u00e9seau International a de nouveau besoin de vous. Gr\u00e2ce \u00e0 vous, nous avons pu nous doter d\u2019un serveur plus s\u00e9curis\u00e9, avec des&hellip; <\/p>\n","protected":false},"author":1,"featured_media":1643,"comment_status":"open","ping_status":"open","sticky":false,"template":"","format":"standard","meta":{"footnotes":""},"categories":[1],"tags":[],"class_list":["post-1642","post","type-post","status-publish","format-standard","has-post-thumbnail","hentry","category-non-classe"],"_links":{"self":[{"href":"https:\/\/monde25.info\/index.php\/wp-json\/wp\/v2\/posts\/1642","targetHints":{"allow":["GET"]}}],"collection":[{"href":"https:\/\/monde25.info\/index.php\/wp-json\/wp\/v2\/posts"}],"about":[{"href":"https:\/\/monde25.info\/index.php\/wp-json\/wp\/v2\/types\/post"}],"author":[{"embeddable":true,"href":"https:\/\/monde25.info\/index.php\/wp-json\/wp\/v2\/users\/1"}],"replies":[{"embeddable":true,"href":"https:\/\/monde25.info\/index.php\/wp-json\/wp\/v2\/comments?post=1642"}],"version-history":[{"count":0,"href":"https:\/\/monde25.info\/index.php\/wp-json\/wp\/v2\/posts\/1642\/revisions"}],"wp:featuredmedia":[{"embeddable":true,"href":"https:\/\/monde25.info\/index.php\/wp-json\/wp\/v2\/media\/1643"}],"wp:attachment":[{"href":"https:\/\/monde25.info\/index.php\/wp-json\/wp\/v2\/media?parent=1642"}],"wp:term":[{"taxonomy":"category","embeddable":true,"href":"https:\/\/monde25.info\/index.php\/wp-json\/wp\/v2\/categories?post=1642"},{"taxonomy":"post_tag","embeddable":true,"href":"https:\/\/monde25.info\/index.php\/wp-json\/wp\/v2\/tags?post=1642"}],"curies":[{"name":"wp","href":"https:\/\/api.w.org\/{rel}","templated":true}]}}