{"id":16422,"date":"2025-09-24T09:35:53","date_gmt":"2025-09-24T07:35:53","guid":{"rendered":"https:\/\/monde25.info\/index.php\/2025\/09\/24\/tesla-alimente-le-colonialisme-denonce-un-rapport-doxfam\/"},"modified":"2025-09-24T09:35:53","modified_gmt":"2025-09-24T07:35:53","slug":"tesla-alimente-le-colonialisme-denonce-un-rapport-doxfam","status":"publish","type":"post","link":"https:\/\/monde25.info\/index.php\/2025\/09\/24\/tesla-alimente-le-colonialisme-denonce-un-rapport-doxfam\/","title":{"rendered":"Tesla alimente le colonialisme, d\u00e9nonce un rapport d&#039;Oxfam"},"content":{"rendered":"<p> <br \/>\n<br \/><img loading=\"lazy\" decoding=\"async\" src=\"https:\/\/reporterre.net\/local\/cache-vignettes\/L700xH467\/lafautedelonmusk-056d2.jpg?1758698475\" class=\"spip_logo\" width=\"700\" height=\"467\" alt=\"\" \/><\/p>\n<p>Les min\u00e9raux de la transition \u00e9nerg\u00e9tique, extraits dans les pays du Sud, sont accapar\u00e9s par les ultrariches occidentaux, d\u00e9nonce Oxfam dans un nouveau rapport. Une pratique qui renforce des sch\u00e9mas coloniaux destructeurs. <br class=\"autobr\" \/> Chasser de nos quotidiens les hydrocarbures, et tourner nos regards vers les renouvelables. Tel est le dessein de la transition \u00e9nerg\u00e9tique, d\u00e9fendue et encourag\u00e9e depuis maintes ann\u00e9es en r\u00e9ponse \u00e0 la crise climatique. Seulement, pour op\u00e9rer cette m\u00e9tamorphose du\u00a0(\u2026)<\/p>\n<p>                    <a target=\"_blank\" href=\"https:\/\/reporterre.net\/INF-Oxfam-denonce-le-colonialisme-de-l-accaparement-des-minerais-de-la-transition-La?utm_source=RSS&amp;utm_medium=RSS\">Lire la suite<\/a><\/p>\n<p>                    &#8211;<br \/>\n                        <a target=\"_blank\" href=\"https:\/\/reporterre.net\/Autres-infos\" rel=\"directory\">Info<\/a><\/p>\n<p>                    \/<br \/>\n                        <a target=\"_blank\" href=\"https:\/\/reporterre.net\/Mines-et-Gaz-de-schiste\" rel=\"tag\">Mines et m\u00e9taux<\/a><br \/>\n                    ,<br \/>\n                        <a target=\"_blank\" href=\"https:\/\/reporterre.net\/International\" rel=\"tag\">Monde<\/a><br \/>\n<br \/><br \/>\n<br \/><a href=\"https:\/\/reporterre.net\/INF-Oxfam-denonce-le-colonialisme-de-l-accaparement-des-minerais-de-la-transition-La\" target=\"_blank\"\">Source link <\/a><\/p>\n","protected":false},"excerpt":{"rendered":"<p>Les min\u00e9raux de la transition \u00e9nerg\u00e9tique, extraits dans les pays du Sud, sont accapar\u00e9s par les ultrariches occidentaux, d\u00e9nonce Oxfam dans un nouveau rapport. Une pratique qui renforce des sch\u00e9mas&hellip; <\/p>\n","protected":false},"author":1,"featured_media":0,"comment_status":"open","ping_status":"open","sticky":false,"template":"","format":"standard","meta":{"footnotes":""},"categories":[1],"tags":[],"class_list":["post-16422","post","type-post","status-publish","format-standard","hentry","category-non-classe"],"_links":{"self":[{"href":"https:\/\/monde25.info\/index.php\/wp-json\/wp\/v2\/posts\/16422","targetHints":{"allow":["GET"]}}],"collection":[{"href":"https:\/\/monde25.info\/index.php\/wp-json\/wp\/v2\/posts"}],"about":[{"href":"https:\/\/monde25.info\/index.php\/wp-json\/wp\/v2\/types\/post"}],"author":[{"embeddable":true,"href":"https:\/\/monde25.info\/index.php\/wp-json\/wp\/v2\/users\/1"}],"replies":[{"embeddable":true,"href":"https:\/\/monde25.info\/index.php\/wp-json\/wp\/v2\/comments?post=16422"}],"version-history":[{"count":0,"href":"https:\/\/monde25.info\/index.php\/wp-json\/wp\/v2\/posts\/16422\/revisions"}],"wp:attachment":[{"href":"https:\/\/monde25.info\/index.php\/wp-json\/wp\/v2\/media?parent=16422"}],"wp:term":[{"taxonomy":"category","embeddable":true,"href":"https:\/\/monde25.info\/index.php\/wp-json\/wp\/v2\/categories?post=16422"},{"taxonomy":"post_tag","embeddable":true,"href":"https:\/\/monde25.info\/index.php\/wp-json\/wp\/v2\/tags?post=16422"}],"curies":[{"name":"wp","href":"https:\/\/api.w.org\/{rel}","templated":true}]}}