{"id":16429,"date":"2025-09-24T11:47:40","date_gmt":"2025-09-24T09:47:40","guid":{"rendered":"https:\/\/monde25.info\/index.php\/2025\/09\/24\/apres-les-critiques-de-barrack-rubio-salue-les-efforts-de-joseph-aoun-et-du-gouvernement-libanais-rt-en-francais\/"},"modified":"2025-09-24T11:47:40","modified_gmt":"2025-09-24T09:47:40","slug":"apres-les-critiques-de-barrack-rubio-salue-les-efforts-de-joseph-aoun-et-du-gouvernement-libanais-rt-en-francais","status":"publish","type":"post","link":"https:\/\/monde25.info\/index.php\/2025\/09\/24\/apres-les-critiques-de-barrack-rubio-salue-les-efforts-de-joseph-aoun-et-du-gouvernement-libanais-rt-en-francais\/","title":{"rendered":"Apr\u00e8s les critiques de Barrack, Rubio salue les efforts de Joseph Aoun et du gouvernement libanais \u2014 RT en fran\u00e7ais"},"content":{"rendered":"<p> <br \/>\n<br \/><img decoding=\"async\" src=\"https:\/\/mf.b37mrtl.ru\/french\/images\/2025.09\/thumbnail\/68d3ad0a6f7ccc3e33529c0c.jpg\" \/><\/p>\n<div>\n<p class=\"text__summary\">\n                                        Marco Rubio a salu\u00e9 les efforts de Joseph Aoun et du gouvernement libanais pour d\u00e9sarmer le Hezbollah et renforcer l\u2019arm\u00e9e, malgr\u00e9 les critiques de Tom Barrack. Il promet un soutien financier am\u00e9ricain conditionn\u00e9 au respect de la r\u00e9solution 1701, alors que les frappes isra\u00e9liennes compliquent le d\u00e9ploiement militaire.\n                                    <\/p>\n<p>Alors que l\u2019Assembl\u00e9e g\u00e9n\u00e9rale de l\u2019ONU bat son plein \u00e0 New York, le secr\u00e9taire d\u2019\u00c9tat am\u00e9ricain Marco Rubio a tenu \u00e0 apaiser les tensions avec le Liban en saluant les efforts du pr\u00e9sident Joseph Aoun et de son gouvernement, marquant un contraste avec les r\u00e9centes critiques acerbes de l\u2019envoy\u00e9 sp\u00e9cial am\u00e9ricain Tom Barrack.<\/p>\n<p>Lors d\u2019une conf\u00e9rence de presse en marge des discussions sur la Syrie et le Liban, Marco Rubio a reconnu les avanc\u00e9es du gouvernement libanais dans la mise en \u0153uvre d\u2019un plan de d\u00e9sarmement du Hezbollah, adopt\u00e9 par le cabinet le 5 ao\u00fbt 2025, bien que ce processus ait \u00e9t\u00e9 retard\u00e9 au 5 septembre en raison des violations isra\u00e9liennes persistantes.<\/p>\n<h2>Les \u00c9tats-Unis font miroiter une aide financi\u00e8re \u00e0 Beyrouth<\/h2>\n<p>Cette d\u00e9claration intervient apr\u00e8s que Barrack, lors d\u2019une visite \u00e0 Beyrouth d\u00e9but septembre, avait fustig\u00e9 l\u2019inaction du Liban face aux pressions internationales, d\u00e9clenchant une vague d\u2019indignation dans les m\u00e9dias locaux. Marco Rubio a sp\u00e9cifiquement lou\u00e9 Joseph Aoun pour son r\u00f4le dans le renforcement de l\u2019arm\u00e9e libanaise, notamment dans le d\u00e9ploiement au Sud-Liban, malgr\u00e9 les obstacles pos\u00e9s par les bombardements isra\u00e9liens et l\u2019occupation de collines strat\u00e9giques depuis le cessez-le-feu du 27 novembre 2024.<\/p>\n<p>Il a \u00e9galement salu\u00e9 les efforts diplomatiques de coordination\u00a0avec la FINUL et les \u00c9tats-Unis dans le cadre de la r\u00e9solution 1701 de l\u2019ONU, tout en appelant \u00e0 une acc\u00e9l\u00e9ration du d\u00e9sarmement du Hezbollah, un point de friction majeur avec Isra\u00ebl. Cette prise de position semble \u00eatre une tentative d\u2019apaiser les relations bilat\u00e9rales, mises \u00e0 rude \u00e9preuve par les r\u00e9centes d\u00e9clarations de Barrack, qui avait qualifi\u00e9 les dirigeants libanais de \u00ab peu coop\u00e9ratifs \u00bb dans un briefing \u00e0 Baabda, suscitant des protestations de la part du pr\u00e9sident Aoun et du ministre des Affaires \u00e9trang\u00e8res.<\/p>\n<p>Marco\u00a0Rubio a toutefois insist\u00e9 sur la n\u00e9cessit\u00e9 d\u2019un dialogue constructif, promettant un soutien accru des \u00c9tats-Unis \u2013 sous forme d\u2019aide militaire et \u00e9conomique \u2013 \u00e0 condition que le Liban respecte ses engagements. Cette aide, estim\u00e9e \u00e0 100 millions de dollars sur deux ans selon des fuites diplomatiques, vise \u00e0 renforcer l\u2019arm\u00e9e libanaise face aux milices et \u00e0 stabiliser le pays, qui fait face \u00e0 une crise \u00e9conomique sans pr\u00e9c\u00e9dent depuis 2019 et \u00e0 l\u2019h\u00e9ritage du conflit avec Isra\u00ebl.<\/p>\n<\/div>\n<p><br \/>\n<br \/><a href=\"https:\/\/francais.rt.com\/international\/125611-rubio-salue-efforts-aoun-gouvernement-libanais\" target=\"_blank\"\">Source link <\/a><\/p>\n","protected":false},"excerpt":{"rendered":"<p>Marco Rubio a salu\u00e9 les efforts de Joseph Aoun et du gouvernement libanais pour d\u00e9sarmer le Hezbollah et renforcer l\u2019arm\u00e9e, malgr\u00e9 les critiques de Tom Barrack. Il promet un soutien&hellip; <\/p>\n","protected":false},"author":1,"featured_media":16430,"comment_status":"open","ping_status":"open","sticky":false,"template":"","format":"standard","meta":{"footnotes":""},"categories":[1],"tags":[],"class_list":["post-16429","post","type-post","status-publish","format-standard","has-post-thumbnail","hentry","category-non-classe"],"_links":{"self":[{"href":"https:\/\/monde25.info\/index.php\/wp-json\/wp\/v2\/posts\/16429","targetHints":{"allow":["GET"]}}],"collection":[{"href":"https:\/\/monde25.info\/index.php\/wp-json\/wp\/v2\/posts"}],"about":[{"href":"https:\/\/monde25.info\/index.php\/wp-json\/wp\/v2\/types\/post"}],"author":[{"embeddable":true,"href":"https:\/\/monde25.info\/index.php\/wp-json\/wp\/v2\/users\/1"}],"replies":[{"embeddable":true,"href":"https:\/\/monde25.info\/index.php\/wp-json\/wp\/v2\/comments?post=16429"}],"version-history":[{"count":0,"href":"https:\/\/monde25.info\/index.php\/wp-json\/wp\/v2\/posts\/16429\/revisions"}],"wp:featuredmedia":[{"embeddable":true,"href":"https:\/\/monde25.info\/index.php\/wp-json\/wp\/v2\/media\/16430"}],"wp:attachment":[{"href":"https:\/\/monde25.info\/index.php\/wp-json\/wp\/v2\/media?parent=16429"}],"wp:term":[{"taxonomy":"category","embeddable":true,"href":"https:\/\/monde25.info\/index.php\/wp-json\/wp\/v2\/categories?post=16429"},{"taxonomy":"post_tag","embeddable":true,"href":"https:\/\/monde25.info\/index.php\/wp-json\/wp\/v2\/tags?post=16429"}],"curies":[{"name":"wp","href":"https:\/\/api.w.org\/{rel}","templated":true}]}}