{"id":16437,"date":"2025-09-24T15:05:38","date_gmt":"2025-09-24T13:05:38","guid":{"rendered":"https:\/\/monde25.info\/index.php\/2025\/09\/24\/deforestation-lue-repousse-encore-lentree-en-vigueur-de-son-reglement\/"},"modified":"2025-09-24T15:05:38","modified_gmt":"2025-09-24T13:05:38","slug":"deforestation-lue-repousse-encore-lentree-en-vigueur-de-son-reglement","status":"publish","type":"post","link":"https:\/\/monde25.info\/index.php\/2025\/09\/24\/deforestation-lue-repousse-encore-lentree-en-vigueur-de-son-reglement\/","title":{"rendered":"D\u00e9forestation\u00a0: l&#039;UE repousse encore l&#039;entr\u00e9e en vigueur de son r\u00e8glement"},"content":{"rendered":"<p> <br \/>\n<br \/><img loading=\"lazy\" decoding=\"async\" src=\"https:\/\/reporterre.net\/local\/cache-vignettes\/L700xH467\/43443482041_6d787a8676_4k_1_-673a2.png?1758718674\" class=\"spip_logo\" width=\"700\" height=\"467\" alt=\"\" \/><\/p>\n<p>Les for\u00eats devront (encore) attendre. Le 23\u00a0septembre, la commissaire europ\u00e9enne \u00e0 l&rsquo;Environnement, Jessika Roswall, a annonc\u00e9 vouloir reporter d&rsquo;un an, \u00e0 d\u00e9but 2027, la mise en \u0153uvre d&rsquo;un r\u00e8glement antid\u00e9forestation. Ce serait le deuxi\u00e8me report de ce texte essentiel, qui doit interdire la commercialisation dans l&rsquo;Union europ\u00e9enne de certains produits (cacao, caf\u00e9, soja, huile de palme) provenant de terres d\u00e9bois\u00e9es. <br class=\"autobr\" \/><br \/>\nOfficiellement, ce report est justifi\u00e9 par\u2026 un probl\u00e8me informatique. En\u00a0(\u2026)<\/p>\n<p>                    <a target=\"_blank\" href=\"https:\/\/reporterre.net\/Deforestation-l-UE-repousse-encore-l-entree-en-vigueur-de-son-reglement?utm_source=RSS&amp;utm_medium=RSS\">Lire la suite<\/a><\/p>\n<p>                    &#8211;<br \/>\n                        <a target=\"_blank\" href=\"https:\/\/reporterre.net\/Breves-20\" rel=\"directory\">En bref<\/a><\/p>\n<p>                    \/<br \/>\n                        <a target=\"_blank\" href=\"https:\/\/reporterre.net\/Europe\" rel=\"tag\">Europe<\/a><br \/>\n                    ,<br \/>\n                        <a target=\"_blank\" href=\"https:\/\/reporterre.net\/Politique\" rel=\"tag\">Politique<\/a><br \/>\n                    ,<br \/>\n                        <a target=\"_blank\" href=\"https:\/\/reporterre.net\/Forets\" rel=\"tag\">For\u00eats<\/a><br \/>\n<br \/><br \/>\n<br \/><a href=\"https:\/\/reporterre.net\/Deforestation-l-UE-repousse-encore-l-entree-en-vigueur-de-son-reglement\" target=\"_blank\"\">Source link <\/a><\/p>\n","protected":false},"excerpt":{"rendered":"<p>Les for\u00eats devront (encore) attendre. Le 23\u00a0septembre, la commissaire europ\u00e9enne \u00e0 l&rsquo;Environnement, Jessika Roswall, a annonc\u00e9 vouloir reporter d&rsquo;un an, \u00e0 d\u00e9but 2027, la mise en \u0153uvre d&rsquo;un r\u00e8glement antid\u00e9forestation.&hellip; <\/p>\n","protected":false},"author":1,"featured_media":0,"comment_status":"open","ping_status":"open","sticky":false,"template":"","format":"standard","meta":{"footnotes":""},"categories":[1],"tags":[],"class_list":["post-16437","post","type-post","status-publish","format-standard","hentry","category-non-classe"],"_links":{"self":[{"href":"https:\/\/monde25.info\/index.php\/wp-json\/wp\/v2\/posts\/16437","targetHints":{"allow":["GET"]}}],"collection":[{"href":"https:\/\/monde25.info\/index.php\/wp-json\/wp\/v2\/posts"}],"about":[{"href":"https:\/\/monde25.info\/index.php\/wp-json\/wp\/v2\/types\/post"}],"author":[{"embeddable":true,"href":"https:\/\/monde25.info\/index.php\/wp-json\/wp\/v2\/users\/1"}],"replies":[{"embeddable":true,"href":"https:\/\/monde25.info\/index.php\/wp-json\/wp\/v2\/comments?post=16437"}],"version-history":[{"count":0,"href":"https:\/\/monde25.info\/index.php\/wp-json\/wp\/v2\/posts\/16437\/revisions"}],"wp:attachment":[{"href":"https:\/\/monde25.info\/index.php\/wp-json\/wp\/v2\/media?parent=16437"}],"wp:term":[{"taxonomy":"category","embeddable":true,"href":"https:\/\/monde25.info\/index.php\/wp-json\/wp\/v2\/categories?post=16437"},{"taxonomy":"post_tag","embeddable":true,"href":"https:\/\/monde25.info\/index.php\/wp-json\/wp\/v2\/tags?post=16437"}],"curies":[{"name":"wp","href":"https:\/\/api.w.org\/{rel}","templated":true}]}}