{"id":16438,"date":"2025-09-24T16:11:20","date_gmt":"2025-09-24T14:11:20","guid":{"rendered":"https:\/\/monde25.info\/index.php\/2025\/09\/24\/lufc-que-choisir-demande-la-suspension-de-la-commercialisation-deaux-perrier\/"},"modified":"2025-09-24T16:11:20","modified_gmt":"2025-09-24T14:11:20","slug":"lufc-que-choisir-demande-la-suspension-de-la-commercialisation-deaux-perrier","status":"publish","type":"post","link":"https:\/\/monde25.info\/index.php\/2025\/09\/24\/lufc-que-choisir-demande-la-suspension-de-la-commercialisation-deaux-perrier\/","title":{"rendered":"L&rsquo;UFC-Que Choisir demande la suspension de la commercialisation d&rsquo;eaux Perrier"},"content":{"rendered":"<p> <br \/>\n<\/p>\n<div>\n<p>Nestl\u00e9 de plus en plus point\u00e9 du doigt sur bon nombre de sujets, de la sant\u00e9 \u00e0 l&rsquo;escroquerie av\u00e9r\u00e9e.<\/p>\n<p>Cette fois c&rsquo;est l&rsquo;association de consommateurs UFC-Que Choisir qui demande mercredi en fin de matin\u00e9e, au tribunal judiciaire de Nanterre, le retrait temporaire des bouteilles Perrier, marque de Nestl\u00e9 Waters, dont elle consid\u00e8re la commercialisation en tant qu&rsquo;eau \u00ab\u00a0min\u00e9rale naturelle\u00a0\u00bb comme trompeuse.<\/p>\n<p>L&rsquo;UFC estime que \u00ab\u00a0le consommateur ach\u00e8te une eau vendue comme min\u00e9rale naturelle alors qu\u2019elle n\u2019est pas naturelle, puisqu\u2019elle a \u00e9t\u00e9 trait\u00e9e\u00a0\u00bb, indique \u00e0 l&rsquo;AFP l&rsquo;avocat de l&rsquo;association, Ma\u00eetre Alexis Macchetto.<\/p>\n<p>L&rsquo;UFC avait saisi le tribunal judiciaire de Nanterre en r\u00e9f\u00e9r\u00e9 au printemps via un r\u00e9f\u00e9r\u00e9 d&rsquo;heure \u00e0 heure, proc\u00e9dure acc\u00e9l\u00e9r\u00e9e qui permet d&rsquo;assigner quelqu&rsquo;un \u00e0 compara\u00eetre dans un d\u00e9lai tr\u00e8s bref, mais l&rsquo;audience pr\u00e9vue en juillet avait finalement \u00e9t\u00e9 report\u00e9e.<\/p>\n<p>L&rsquo;objectif avanc\u00e9 par l&rsquo;association \u00e0 l&rsquo;\u00e9poque \u00e9tait d&rsquo;obtenir des mesures provisoires \u00ab\u00a0de retraits du march\u00e9 et de rappel de produits\u00a0\u00bb, \u00ab\u00a0d&rsquo;interdiction de commercialisation\u00a0\u00bb et \u00ab\u00a0la cessation des tromperies concernant ces eaux Perrier pr\u00e9sent\u00e9es comme +min\u00e9rales naturelles+\u00a0\u00bb.<\/p>\n<p>\u00c0 l&rsquo;AFP, Nestl\u00e9 Waters assure rester \u00ab\u00a0tout \u00e0 fait d\u00e9termin\u00e9\u00a0\u00bb \u00e0 \u00ab\u00a0contester\u00a0\u00bb l&rsquo;action en justice de l&rsquo;UFC, rappelant toujours \u00ab\u00a0op\u00e9rer sous le contr\u00f4le des autorit\u00e9s\u00a0\u00bb.<\/p>\n<p>D\u00e9but 2024, des articles de presse ont r\u00e9v\u00e9l\u00e9 l&rsquo;utilisation au cours d&rsquo;ann\u00e9es pr\u00e9c\u00e9dentes de traitements interdits (ultraviolets, charbon actif) sur des sites d&#8217;embouteillage de Nestl\u00e9 Waters pour, selon la filiale du groupe suisse qui rassemble notamment les marques Vittel, Perrier et Contrex, \u00ab\u00a0assurer la s\u00e9curit\u00e9 sanitaire\u00a0\u00bb des eaux.<\/p>\n<p>Or une eau min\u00e9rale naturelle ne peut faire l&rsquo;objet d&rsquo;aucune d\u00e9sinfection ou traitement de nature \u00e0 modifier ses caract\u00e9ristiques.<\/p>\n<p>L&rsquo;UFC-Que Choisir estime par ailleurs qu&rsquo;il y a \u00ab\u00a0un risque r\u00e9el pour le consommateur\u00a0: sans mesure prise, un jour quelqu&rsquo;un pourrait tomber malade\u00a0\u00bb, affirme M<sup>e<\/sup> Macchetto.<\/p>\n<p>Des contaminations, notamment par des bact\u00e9ries \u00ab\u00a0d&rsquo;origine f\u00e9cale\u00a0\u00bb, ont \u00e9t\u00e9 plusieurs fois relev\u00e9es ces derni\u00e8res ann\u00e9es, notamment apr\u00e8s de fortes pluies, sur les forages utilis\u00e9s pour Perrier. Le groupe affirme qu&rsquo;elles sont \u00ab\u00a0ponctuelles\u00a0\u00bb.<\/p>\n<p>Selon Radio France, qui a eu acc\u00e8s aux arguments de la d\u00e9fense de l&rsquo;entreprise, Nestl\u00e9 Waters compte notamment sur ce changement de filtre pour se d\u00e9fendre, faisant valoir que \u00ab\u00a0l&rsquo;action de l&rsquo;UFC-Que Choisir n&rsquo;a aujourd&rsquo;hui plus rien \u00e0 voir avec son assignation\u00a0\u00bb, qui portait sur une technologie (les filtres \u00e0 0,2 microm\u00e8tres) qui n&rsquo;est plus d&rsquo;actualit\u00e9. De la pure rh\u00e9torique&#8230;<\/p>\n<\/div>\n<p><script>(function(d, s, id) {  var js, fjs = d.getElementsByTagName(s)[0];  if (d.getElementById(id)) return;  js = d.createElement(s); js.id = id;  js.src = \"\/\/connect.facebook.net\/fr_FR\/sdk.js#xfbml=1&version=v2.3\";  fjs.parentNode.insertBefore(js, fjs);}(document, \"script\", \"facebook-jssdk\"));<\/script><br \/>\n<br \/><br \/>\n<br \/><a href=\"https:\/\/www.francesoir.fr\/societe-environnement\/l-ufc-que-choisir-demande-la-suspension-de-la-commercialisation-d-eaux\" target=\"_blank\"\">Source link <\/a><\/p>\n","protected":false},"excerpt":{"rendered":"<p>Nestl\u00e9 de plus en plus point\u00e9 du doigt sur bon nombre de sujets, de la sant\u00e9 \u00e0 l&rsquo;escroquerie av\u00e9r\u00e9e. Cette fois c&rsquo;est l&rsquo;association de consommateurs UFC-Que Choisir qui demande mercredi&hellip; <\/p>\n","protected":false},"author":1,"featured_media":16439,"comment_status":"open","ping_status":"open","sticky":false,"template":"","format":"standard","meta":{"footnotes":""},"categories":[1],"tags":[],"class_list":["post-16438","post","type-post","status-publish","format-standard","has-post-thumbnail","hentry","category-non-classe"],"_links":{"self":[{"href":"https:\/\/monde25.info\/index.php\/wp-json\/wp\/v2\/posts\/16438","targetHints":{"allow":["GET"]}}],"collection":[{"href":"https:\/\/monde25.info\/index.php\/wp-json\/wp\/v2\/posts"}],"about":[{"href":"https:\/\/monde25.info\/index.php\/wp-json\/wp\/v2\/types\/post"}],"author":[{"embeddable":true,"href":"https:\/\/monde25.info\/index.php\/wp-json\/wp\/v2\/users\/1"}],"replies":[{"embeddable":true,"href":"https:\/\/monde25.info\/index.php\/wp-json\/wp\/v2\/comments?post=16438"}],"version-history":[{"count":0,"href":"https:\/\/monde25.info\/index.php\/wp-json\/wp\/v2\/posts\/16438\/revisions"}],"wp:featuredmedia":[{"embeddable":true,"href":"https:\/\/monde25.info\/index.php\/wp-json\/wp\/v2\/media\/16439"}],"wp:attachment":[{"href":"https:\/\/monde25.info\/index.php\/wp-json\/wp\/v2\/media?parent=16438"}],"wp:term":[{"taxonomy":"category","embeddable":true,"href":"https:\/\/monde25.info\/index.php\/wp-json\/wp\/v2\/categories?post=16438"},{"taxonomy":"post_tag","embeddable":true,"href":"https:\/\/monde25.info\/index.php\/wp-json\/wp\/v2\/tags?post=16438"}],"curies":[{"name":"wp","href":"https:\/\/api.w.org\/{rel}","templated":true}]}}