{"id":16448,"date":"2025-09-24T18:55:45","date_gmt":"2025-09-24T16:55:45","guid":{"rendered":"https:\/\/monde25.info\/index.php\/2025\/09\/24\/la-fatalite-de-lor-au-surinam-par-helene-ferrarini-le-monde-diplomatique-octobre-2022\/"},"modified":"2025-09-24T18:55:45","modified_gmt":"2025-09-24T16:55:45","slug":"la-fatalite-de-lor-au-surinam-par-helene-ferrarini-le-monde-diplomatique-octobre-2022","status":"publish","type":"post","link":"https:\/\/monde25.info\/index.php\/2025\/09\/24\/la-fatalite-de-lor-au-surinam-par-helene-ferrarini-le-monde-diplomatique-octobre-2022\/","title":{"rendered":"La fatalit\u00e9 de l\u2019or au Surinam, par H\u00e9l\u00e8ne Ferrarini (Le Monde diplomatique, octobre 2022)"},"content":{"rendered":"<p> <br \/>\n<\/p>\n<div>\n<figure class=\"spip_document_30413 spip_documents spip_documents_center xl\" style=\"width:890px;\">\n<div class=\"limage\">\n<p>\t\t\t<img loading=\"lazy\" decoding=\"async\" src=\"https:\/\/www.monde-diplomatique.fr\/\/local\/cache-vignettes\/L890xH636\/img014-35-faf96.jpg?1664281572\" width=\"890\" height=\"636\" class=\"spip_logos\" alt=\"JPEG - 146.6\u00a0ko\"\/><\/p><\/div><figcaption>\n<p>Christophe Gin. \u2014 Maroni, juin 2015<\/p>\n<p>\u00a9 Christophe Gin\n<\/p>\n<\/figcaption><\/figure>\n<p><span class=\"mot-lettrine\"><span class=\"lettrine\">C\u2019<\/span>est<\/span> un paysage lunaire. La for\u00eat a \u00e9t\u00e9 \u00ab<small class=\"fine\">\u00a0<\/small>cass\u00e9e<small class=\"fine\">\u00a0<\/small>\u00bb, comme on dit ici. Elle a laiss\u00e9 place \u00e0 une terre crayeuse, creus\u00e9e de toutes parts. Dans une des fosses de dix m\u00e8tres de profondeur, des hommes s\u2019activent, chauss\u00e9s de cuissardes, portant manches longues et couvre-chefs sous un soleil de plomb. Ils s\u2019appuient de tout leur poids sur des lances \u00e0 eau d\u2019o\u00f9 s\u2019\u00e9chappe un jet puissant r\u00e9duisant la terre en une boue blanch\u00e2tre. Plus loin, un autre trou, o\u00f9 l\u2019eau peut enfin se reposer. Elle a pris une \u00e9trange couleur turquoise. Sans la guerre, le g\u00e9rant de ce chantier d\u2019orpaillage au c\u0153ur de la for\u00eat amazonienne o\u00f9 triment une trentaine d\u2019hommes, M.\u00a0Boke A., ne serait pas ici\u00a0: <i>\u00ab<small class=\"fine\">\u00a0<\/small>J\u2019aurais pu \u00eatre \u00e9lectricien<small class=\"fine\">\u00a0<\/small>\u00bb,<\/i> imagine-t-il dans un sourire r\u00eaveur.<\/p>\n<p>Il avait 11\u00a0ans quand a \u00e9clat\u00e9 la guerre du Surinam qui, de 1986 \u00e0 1992, a oppos\u00e9 une gu\u00e9rilla \u00e0 l\u2019arm\u00e9e nationale. Avec sa famille, il a fui le village des berges du Maroni, o\u00f9 il vivait, pour rejoindre un camp de r\u00e9fugi\u00e9s en Guyane fran\u00e7aise, de l\u2019autre c\u00f4t\u00e9 du fleuve fronti\u00e8re. Lorsqu\u2019il est retourn\u00e9 au Surinam dans les ann\u00e9es\u00a01990, il avait pass\u00e9 l\u2019\u00e2ge de faire des \u00e9tudes, et, comme pour beaucoup d\u2019autres jeunes hommes de la r\u00e9gion, l\u2019exploitation de l\u2019or a \u00e9t\u00e9 un moyen de gagner sa vie. D\u2019abord dans la fosse, o\u00f9 le travail est le plus \u00e9reintant et le plus dangereux, avant de se voir confier la g\u00e9rance de chantiers par des investisseurs \u2014 dont certains n\u2019ont sans doute jamais vu une fosse de leurs yeux.<\/p>\n<p>\u00c0 l\u2019image de la vie de M.\u00a0A., la situation actuelle du Surinam prend racine dans les ann\u00e9es\u00a01980. Ancienne colonie n\u00e9erlandaise, ce pays, le plus petit d\u2019Am\u00e9rique du Sud, est aussi le moins peupl\u00e9, avec six cent mille habitants. Situ\u00e9 sur le plateau des Guyanes, espace sud-am\u00e9ricain par son ancrage dans le continent, amazonien par son environnement, carib\u00e9en par son histoire et sa culture, il est frontalier du Guyana, du Br\u00e9sil et de la Guyane fran\u00e7aise.<\/p>\n<p>Dans le centre de Paramaribo, la capitale, le fort Zeelandia accueille un mus\u00e9e. Les visiteurs sont rares. Au\u00a0(&#8230;)<\/p>\n<\/p><\/div>\n<p>Taille de l\u2019article complet\u00a0:\u00a0<span>4\u00a0296<\/span>\u00a0mots.<\/p>\n<p><br \/>\n<br \/><a href=\"https:\/\/www.monde-diplomatique.fr\/2022\/10\/FERRARINI\/65188\" target=\"_blank\"\">Source link <\/a><\/p>\n","protected":false},"excerpt":{"rendered":"<p>Christophe Gin. \u2014 Maroni, juin 2015 \u00a9 Christophe Gin C\u2019est un paysage lunaire. La for\u00eat a \u00e9t\u00e9 \u00ab\u00a0cass\u00e9e\u00a0\u00bb, comme on dit ici. Elle a laiss\u00e9 place \u00e0 une terre crayeuse,&hellip; <\/p>\n","protected":false},"author":1,"featured_media":16449,"comment_status":"open","ping_status":"open","sticky":false,"template":"","format":"standard","meta":{"footnotes":""},"categories":[1],"tags":[],"class_list":["post-16448","post","type-post","status-publish","format-standard","has-post-thumbnail","hentry","category-non-classe"],"_links":{"self":[{"href":"https:\/\/monde25.info\/index.php\/wp-json\/wp\/v2\/posts\/16448","targetHints":{"allow":["GET"]}}],"collection":[{"href":"https:\/\/monde25.info\/index.php\/wp-json\/wp\/v2\/posts"}],"about":[{"href":"https:\/\/monde25.info\/index.php\/wp-json\/wp\/v2\/types\/post"}],"author":[{"embeddable":true,"href":"https:\/\/monde25.info\/index.php\/wp-json\/wp\/v2\/users\/1"}],"replies":[{"embeddable":true,"href":"https:\/\/monde25.info\/index.php\/wp-json\/wp\/v2\/comments?post=16448"}],"version-history":[{"count":0,"href":"https:\/\/monde25.info\/index.php\/wp-json\/wp\/v2\/posts\/16448\/revisions"}],"wp:featuredmedia":[{"embeddable":true,"href":"https:\/\/monde25.info\/index.php\/wp-json\/wp\/v2\/media\/16449"}],"wp:attachment":[{"href":"https:\/\/monde25.info\/index.php\/wp-json\/wp\/v2\/media?parent=16448"}],"wp:term":[{"taxonomy":"category","embeddable":true,"href":"https:\/\/monde25.info\/index.php\/wp-json\/wp\/v2\/categories?post=16448"},{"taxonomy":"post_tag","embeddable":true,"href":"https:\/\/monde25.info\/index.php\/wp-json\/wp\/v2\/tags?post=16448"}],"curies":[{"name":"wp","href":"https:\/\/api.w.org\/{rel}","templated":true}]}}