{"id":16451,"date":"2025-09-24T20:34:35","date_gmt":"2025-09-24T18:34:35","guid":{"rendered":"https:\/\/monde25.info\/index.php\/2025\/09\/24\/declarations-de-trump-a-lonu-le-climat-sous-le-feu-des-critiques-un-defi-pour-la-science-et-la-transparence\/"},"modified":"2025-09-24T20:34:35","modified_gmt":"2025-09-24T18:34:35","slug":"declarations-de-trump-a-lonu-le-climat-sous-le-feu-des-critiques-un-defi-pour-la-science-et-la-transparence","status":"publish","type":"post","link":"https:\/\/monde25.info\/index.php\/2025\/09\/24\/declarations-de-trump-a-lonu-le-climat-sous-le-feu-des-critiques-un-defi-pour-la-science-et-la-transparence\/","title":{"rendered":"D\u00e9clarations de Trump \u00e0 l&rsquo;ONU : le climat sous le feu des critiques, un d\u00e9fi pour la science et la transparence"},"content":{"rendered":"<p> <br \/>\n<\/p>\n<div>\n<p>Hier, lors de son discours devant l&rsquo;Assembl\u00e9e g\u00e9n\u00e9rale des Nations Unies, le pr\u00e9sident am\u00e9ricain Donald Trump a <strong>une fois de plus secou\u00e9 le monde diplomatique<\/strong>. Dans une allocution d&rsquo;une heure, marqu\u00e9e par un ton combatif et des attaques frontales contre les institutions internationales, il a qualifi\u00e9 le changement climatique de \u00ab\u00a0<em>plus grande arnaque jamais perp\u00e9tr\u00e9e sur le monde<\/em>\u00a0\u00bb et le \u00ab\u00a0<em>empreinte carbone<\/em>\u00a0\u00bb d&rsquo;une \u00ab\u00a0<em>farce invent\u00e9e par des gens aux intentions malveillantes<\/em>\u00a0\u00bb. Ces propos, <a target=\"_blank\" href=\"https:\/\/x.com\/atrupar\/status\/1970502199055724760\">diffus\u00e9s en direct<\/a>, ont relanc\u00e9 <strong>le d\u00e9bat mondial sur l&rsquo;urgence environnementale<\/strong>, tout en posant des questions profondes sur la transparence scientifique et les r\u00e9actions internationales.<\/p>\n<blockquote class=\"twitter-tweet\" data-media-max-width=\"560\">\n<p lang=\"en\" dir=\"ltr\">Trump to the UN: \u00ab\u00a0The &lsquo;carbon footprint&rsquo; is a hoax made up by people with evil intentions, and they&rsquo;re heading down a path of total destruction.\u00a0\u00bb <a target=\"_blank\" href=\"https:\/\/t.co\/cB1ngiK4zT\">pic.twitter.com\/cB1ngiK4zT<\/a><\/p>\n<p>\u2014 Aaron Rupar (@atrupar) <a target=\"_blank\" href=\"https:\/\/twitter.com\/atrupar\/status\/1970502199055724760?ref_src=twsrc%5Etfw\">September 23, 2025<\/a><\/p>\n<\/blockquote>\n<p>\u00a0<\/p>\n<h5><strong>Le climat au c\u0153ur de la d\u00e9claration trumpienne<\/strong><\/h5>\n<p>Trump n&rsquo;a pas m\u00e2ch\u00e9 ses mots. S&rsquo;adressant aux chefs d&rsquo;\u00c9tat et de gouvernement r\u00e9unis \u00e0 New York, il a d\u00e9nonc\u00e9 les politiques climatiques comme une \u00ab\u00a0<em>escroquerie verte<\/em>\u00a0\u00bb qui \u00ab\u00a0<em>redistribue la fabrication et l&rsquo;activit\u00e9 industrielle des pays d\u00e9velopp\u00e9s vers les pollueurs qui enfreignent les r\u00e8gles et s&rsquo;enrichissent<\/em>\u00a0\u00bb. Il a moqu\u00e9 les \u00e9nergies renouvelables \u2013 \u00e9olien et solaire \u2013 les qualifiant <strong>d&rsquo;inefficaces et plus co\u00fbteuses que les combustibles fossiles<\/strong>, tout en revendiquant le retrait des \u00c9tats-Unis de l&rsquo;Accord de Paris comme une victoire pour l\u2019\u00a0\u00ab\u00a0America First\u00a0\u00bb. \u00ab\u00a0<em>Le changement climatique est un travail d&rsquo;arnaqueurs<\/em>\u00a0\u00bb, a-t-il lanc\u00e9, affirmant que les pr\u00e9dictions de r\u00e9chauffement global \u00e9taient erron\u00e9es car \u00ab\u00a0<em>il a commenc\u00e9 \u00e0 faire plus frais<\/em>\u00a0\u00bb. Ces affirmations, qui vont \u00e0 l&rsquo;encontre du consensus scientifique sur l&rsquo;acc\u00e9l\u00e9ration du r\u00e9chauffement climatique due aux activit\u00e9s humaines, ont \u00e9t\u00e9 prononc\u00e9es alors que les m\u00e9dias, sans rel\u00e2che et sans d\u00e9bat v\u00e9ritable \u2013 hormis sur le consensus lui-m\u00eame \u2013, <strong>rab\u00e2chent, images \u00e0 l&rsquo;appui, que le monde bat des records de chaleur, d&rsquo;incendies et d&rsquo;inondations.<\/strong><\/p>\n<p>Ce discours s&rsquo;inscrit dans la rh\u00e9torique de Trump, qui a d\u00e9j\u00e0 trait\u00e9 le climat de \u00ab\u00a0<em>canular<\/em>\u00a0\u00bb pendant sa premi\u00e8re pr\u00e9sidence. Mais, cette fois, devant l&rsquo;ONU \u2013 bastion des efforts multilat\u00e9raux sur l&rsquo;environnement \u2013, ses mots r\u00e9sonnent, pour les globalistes, comme un rejet pur et simple de la coop\u00e9ration globale. Il a accus\u00e9 l&rsquo;organisation d&rsquo;\u00e9crire des \u00ab\u00a0<em>lettres fortes<\/em>\u00a0\u00bb sans effet concret, tout en vantant la domination \u00e9nerg\u00e9tique am\u00e9ricaine bas\u00e9e sur le p\u00e9trole et le gaz.<\/p>\n<h5><iframe loading=\"lazy\" title=\"President Trump delivers remarks to the United Nations General Assembly - 9:45 AM\" width=\"1110\" height=\"624\" src=\"https:\/\/www.youtube.com\/embed\/adqN1h9T-ZA?feature=oembed\" frameborder=\"0\" allow=\"accelerometer; autoplay; clipboard-write; encrypted-media; gyroscope; picture-in-picture; web-share\" referrerpolicy=\"strict-origin-when-cross-origin\" allowfullscreen><\/iframe><\/h5>\n<h5>\u00a0<\/h5>\n<h5><strong>Cons\u00e9quences pour la transparence et la science : un coup port\u00e9 au consensus mondial<\/strong><\/h5>\n<p>Les d\u00e9clarations de Trump ne se contentent pas de <strong>contredire les \u00e9l\u00e9ments avanc\u00e9s comme \u00ab faits et v\u00e9rit\u00e9s \u00bb<\/strong> par experts et m\u00e9dias r\u00e9unis. Les d\u00e9clarations de Trump viennent miner la transparence et la cr\u00e9dibilit\u00e9 de la science climatique qui s&rsquo;appuie sur le \u00ab consensus \u00bb. Des fact-checks imm\u00e9diats, comme celui d&rsquo;ABC News, <strong>se sont \u00e9vertu\u00e9s \u00e0 d\u00e9monter ses affirmations<\/strong> sans toutefois engager un r\u00e9el d\u00e9bat contradictoire : les \u00e9nergies renouvelables sont d\u00e9sormais moins ch\u00e8res que les fossiles dans de nombreux contextes (tout en oubliant les subventions et le cout de remise en \u00e9tat des sites impos\u00e9 par la loi pollueur payeur). Et, le retrait de Paris a co\u00fbt\u00e9 aux \u00c9tats-Unis des opportunit\u00e9s \u00e9conomiques et diplomatiques. En qualifiant les experts de \u00ab\u00a0<em>stupides<\/em>\u00a0\u00bb et les initiatives onusiennes de \u00ab\u00a0<em>fausses<\/em>\u00a0\u00bb, Trump prend une position ferme per\u00e7ue comme alimentant la d\u00e9fiance envers les donn\u00e9es scientifiques, issues d&rsquo;organismes comme le GIEC. Elles reposent sur des milliers d&rsquo;\u00e9tudes peer-reviewed, auxquelles de nombreuses voix scientifiques s\u2019opposent, \u00e0 commencer par Steven <a target=\"_blank\" href=\"https:\/\/www.francesoir.fr\/videos-les-debriefings\/pas-de-neutralite-carbone-2050-koonin\">Koonin<\/a> l\u2019ancien conseiller d\u2019Obama.<\/p>\n<p>Les critiques au discours de Trump \u00e9voquent \u00ab\u00a0<em>des r\u00e9percussions profondes\u00a0\u00bb<\/em>. Sur le plan de la transparence, ils avancent qu\u2019elle <strong>obscurcit les d\u00e9bats publics<\/strong> en favorisant les narratifs simplistes au d\u00e9triment des nuances scientifiques. Pour la science elle-m\u00eame, <strong>elle risque de d\u00e9courager les investissements dans la recherche<\/strong>, comme l&rsquo;a averti le New York Times, qui note que le monde doit \u00ab\u00a0<em>affronter le changement climatique, qui n&rsquo;est pas sous contr\u00f4le, et l&rsquo;effondrement de la biodiversit\u00e9<\/em>\u00a0\u00bb. \u00c0 l&rsquo;heure o\u00f9 les sommets climatiques se multiplient \u2013 avec une conf\u00e9rence majeure pr\u00e9vue au Br\u00e9sil en novembre \u2013, les propos de Trump pourraient isoler les \u00c9tats-Unis, affaiblissant les efforts globaux pour limiter le r\u00e9chauffement \u00e0 1,5\u2009\u00b0C. En somme, cet appel \u00e0 la souverainet\u00e9 nationale qui selon ses observateurs \u00ab\u00a0<em>sacrifie la transparence internationale\u00a0\u00bb<\/em>, l\u2019est potentiellement effectu\u00e9 au prix d&rsquo;une urgence environnementale non r\u00e9solue. Le d\u00e9bat vient donc d&rsquo;\u00eatre relanc\u00e9.<\/p>\n<h5>\u00a0<\/h5>\n<h5><strong>Les r\u00e9actions : de l&#8217;embarras \u00e0 l&rsquo;applaudissement<\/strong><\/h5>\n<p>Les r\u00e9actions n&rsquo;ont pas tard\u00e9, refl\u00e9tant la polarisation profonde autour de Trump. Dans la salle de l&rsquo;ONU, les <strong>applaudissements ont \u00e9t\u00e9 ti\u00e8des<\/strong>, avec des grognements audibles lors des attaques sur le climat, selon des t\u00e9moins cit\u00e9s par Reuters. Les m\u00e9dias internationaux ont qualifi\u00e9 le discours d&rsquo;\u00a0\u00ab\u00a0<em>embarrassant<\/em>\u00a0\u00bb et de \u00ab\u00a0<em>honte pour l&rsquo;Am\u00e9rique<\/em>\u00a0\u00bb, le Washington Post soulignant qu&rsquo;il \u00ab\u00a0<em>ridiculise les valeurs de l&rsquo;ONU<\/em>\u00a0\u00bb en ignorant les souffrances caus\u00e9es par les catastrophes climatiques. Tout est fait pour d\u00e9fendre le narratif du climat, peu importe les faits qui viendraient s\u2019y opposer, ou les experts qui demandent le d\u00e9bat.\u00a0<\/p>\n<blockquote>\n<p>La machine m\u00e9diatique est en place au m\u00eame titre <a target=\"_blank\" href=\"https:\/\/www.francesoir.fr\/politique-monde-societe-sante\/trump-et-kennedy-le-paracetamol-coupable-cache-de-l-epidemie-d\" target=\"_blank\">qu\u2019elle a \u00e9t\u00e9 d\u00e9clench\u00e9 la veille pour contrer les d\u00e9clarations de Trump et son secr\u00e9taire d\u2019Etat \u00e0 la Sant\u00e9, Robert Kennedy Jr, sur les liens pr\u00e9sum\u00e9s entre l\u2019autisme et le parac\u00e9tamol<\/a>.<\/p>\n<\/blockquote>\n<p>Sur les r\u00e9seaux sociaux, <strong>le foss\u00e9 est criant de r\u00e9alisme<\/strong>, ces v\u00e9rit\u00e9s que l\u2019on n\u2019entend pas sur les m\u00e9dias mainstream dont <a target=\"_blank\" href=\"https:\/\/web.archive.org\/web\/20250117105626\/https:\/\/chartejournalismeecologie.fr\/les-signataires\/\" target=\"_blank\">les journalistes et r\u00e9dactions<\/a> s&rsquo;imposent <a target=\"_blank\" href=\"https:\/\/www.lemonde.fr\/le-monde-et-vous\/article\/2023\/04\/21\/la-charte-climat-environnement-du-monde_6170442_6065879.html\" target=\"_blank\">des chartes Climat &amp; Environnement<\/a> ! Les soutiens MAGA acclament : \u00ab\u00a0<em>les environnementalistes volent en jet priv\u00e9 puis pr\u00e9tendent \u00eatre verts<\/em>\u00a0\u00bb, ou d\u00e9crivent ce \u00ab\u00a0<em>discours comme \u00e9tant g\u00e9nial et important<\/em>\u00a0\u00bb qui d\u00e9nonce les \u00ab\u00a0<em>arnaques vertes<\/em>\u00a0\u00bb. \u00c0 l&rsquo;oppos\u00e9, des voix se mettent \u00e0 prier pour \u00ab\u00a0<em>le vol d\u00e9mocratique<\/em>\u00a0de Trump \u00bb sans toutefois \u00e9voquer la pression mise sur ce narratif pendant des ann\u00e9es, et d\u2019autres s&rsquo;\u00e9tonnent de \u00ab\u00a0s<em>a d\u00e9termination \u00e0 dire l&rsquo;oppos\u00e9 de la v\u00e9rit\u00e9<\/em>\u00a0\u00bb.<\/p>\n<p>Des leaders mondiaux, via des d\u00e9clarations relay\u00e9es par Al Jazeera, ont critiqu\u00e9 l&rsquo;approche isolationniste, un dirigeant europ\u00e9en anonyme murmurant que \u00ab\u00a0<em>les pays vont en enfer<\/em>\u00a0\u00bb si on suit ce chemin. Des alli\u00e9s comme Marco Rubio, secr\u00e9taire d&rsquo;\u00c9tat, ont salu\u00e9 un \u00ab\u00a0<em>mod\u00e8le pour le monde libre<\/em>\u00a0\u00bb, et les fact-checks de CNN et The Guardian s\u2019empressent de lister au moins cinq mensonges flagrants sur le climat, l&rsquo;immigration et la paix mondiale, toujours avec l\u2019absence de d\u00e9bat.<\/p>\n<blockquote>\n<p>Globalement, le discours a raviv\u00e9 les tensions : lou\u00e9 par les climatosceptiques comme un \u00ab\u00a0<em>triomphe<\/em>\u00a0\u00bb, il est vu par les progressistes comme une \u00ab\u00a0<em>moquerie des valeurs onusiennes<\/em>\u00a0\u00bb, selon The Guardian.<\/p>\n<\/blockquote>\n<p>\u00a0<\/p>\n<h5><strong>R\u00e9actions dans les m\u00e9dias fran\u00e7ais : une condamnation unanime du d\u00e9ni climatique<\/strong><\/h5>\n<p>En France, les m\u00e9dias ont r\u00e9agi avec une virulence particuli\u00e8re, voyant dans les propos de Trump une menace directe pour les efforts europ\u00e9ens en mati\u00e8re de climat et de multilat\u00e9ralisme. Rappelons que <a target=\"_blank\" href=\"https:\/\/web.archive.org\/web\/20250117105626\/https:\/\/chartejournalismeecologie.fr\/les-signataires\/\" target=\"_blank\">les journalistes et r\u00e9dactions<\/a> fran\u00e7ais ont sign\u00e9 en nombre <a target=\"_blank\" href=\"https:\/\/web.archive.org\/web\/20220914054926\/https:\/\/chartejournalismeecologie.fr\/\" target=\"_blank\">une charte \u00e9ditoriale environnementale<\/a>\u00a0! Le site internet de cette charte, <a target=\"_blank\" href=\"https:\/\/web.archive.org\/web\/20220914054926\/https:\/\/chartejournalismeecologie.fr\/\" target=\"_blank\">lanc\u00e9 en grande pompe le 14 septembre 2022<\/a> et <a target=\"_blank\" href=\"https:\/\/web.archive.org\/web\/20250117105626\/https:\/\/chartejournalismeecologie.fr\/les-signataires\/\" target=\"_blank\">sign\u00e9e par les r\u00e9dactions et plus de 1500 journalistes<\/a>, a soudainement disparu des radars le 31 aout 2025. Le Monde allant m\u00eame jusqu&rsquo;\u00e0 se doter de sa <a target=\"_blank\" href=\"https:\/\/www.lemonde.fr\/le-monde-et-vous\/article\/2023\/04\/21\/la-charte-climat-environnement-du-monde_6170442_6065879.html\" target=\"_blank\">propre charte Climat et Environnement<\/a>. \u00a0La meilleure illustration \u00e9tant <a target=\"_blank\" href=\"https:\/\/www.francesoir.fr\/opinions-editos\/quoi-diable-adele-s-attelle-t-elle\">la censure d\u2019Ad\u00e8le Van Reeth sur le service public qui justifiait ainsi ne pas inviter des experts s\u2019opposant \u00e0 la th\u00e8se du d\u00e9r\u00e8glement climatique<\/a>.\u00a0<\/p>\n<p>France 24 a titr\u00e9 sur \u00ab\u00a0<em>la plus grande arnaque de l&rsquo;Histoire<\/em>\u00a0\u00bb, soulignant comment Trump s&rsquo;en prend frontalement \u00e0 la science du climat, qualifiant ses affirmations d&rsquo;\u00a0\u00ab\u00a0<em>insultes aux experts<\/em>\u00a0\u00bb et d&rsquo;un \u00ab\u00a0<em>recul dangereux<\/em>\u00a0\u00bb alors que l&rsquo;Europe m\u00e8ne la charge sur les transitions \u00e9nerg\u00e9tiques. France Info a mis en avant la charge contre l&rsquo;Europe, accus\u00e9e de \u00ab\u00a0<em>suicider son \u00e9conomie<\/em>\u00a0\u00bb par des politiques climatiques \u00ab\u00a0<em>arnaqueuses<\/em>\u00a0\u00bb, et a interview\u00e9 des diplomates fran\u00e7ais qui parlent d&rsquo;un \u00ab\u00a0<em>discours qui fragilise l&rsquo;Alliance atlantique sur l&rsquo;environnement<\/em>\u00a0\u00bb.<\/p>\n<p>La Croix et Ouest-France ont soi-disant d\u00e9cortiqu\u00e9 le \u00ab\u00a0<em>d\u00e9ni climatique<\/em>\u00a0\u00bb et les \u00ab\u00a0<em>mensonges<\/em>\u00a0\u00bb \u00e9gren\u00e9s par Trump, avec La Croix, notant que son rejet de l&rsquo;Accord de Paris \u00ab\u00a0<em>ignore les catastrophes actuelles en Europe, comme les inondations en France<\/em>\u00a0\u00bb. Lib\u00e9ration va plus loin, accusant Trump de \u00ab\u00a0<em>relever le d\u00e9ni<\/em>\u00a0\u00bb en reprenant \u00ab\u00a0<em>les \u00e9l\u00e9ments de langage des climatosceptiques<\/em>\u00a0\u00bb, et cite des ONG fran\u00e7aises qui le qualifient d&rsquo;\u00a0\u00bb<em>insulte au GIEC et \u00e0 la science<\/em>\u00a0\u00bb. Le Parisien rapporte la riposte d&rsquo;Emmanuel Macron, qui a d\u00e9fendu l&rsquo;ONU en fustigeant le \u00ab\u00a0<em>cynisme de Trump : \u00ab\u00a0Si cette assembl\u00e9e est inefficace, c&rsquo;est que quelques-uns la bloquent<\/em>\u00a0\u00bb, une pique directe au pr\u00e9sident am\u00e9ricain.<\/p>\n<p>Radio France et Le Nouvel Obs, sans rappeler la charte \u00e9ditoriale sign\u00e9e sur le sujet climatique qui enferme le d\u00e9bat, \u00e9voquent une \u00ab\u00a0<em>charge violente<\/em>\u00a0\u00bb contre l&rsquo;ONU et l&rsquo;Europe, destin\u00e9e \u00ab\u00a0<em>en enfer<\/em>\u00a0\u00bb selon Trump, avec un climatoscepticisme \u00ab\u00a0<em>r\u00e9p\u00e9t\u00e9 et d\u00e9sinhib\u00e9<\/em>\u00a0\u00bb qui \u00ab\u00a0<em>mine la coop\u00e9ration globale<\/em>\u00a0\u00bb. Sur les r\u00e9seaux, des \u00e9missions comme C \u00e0 vous sur France 5 s\u2019evertuent \u00e0 d\u00e9crypter un \u00ab\u00a0<em>festival de fanfaronnades et d&rsquo;accusations mensong\u00e8res<\/em>\u00a0\u00bb, tandis que Le Figaro relaie les citations choc sur l&#8217;empreinte carbone comme \u00ab\u00a0<em>supercherie<\/em>\u00a0\u00bb.\u00a0<\/p>\n<p>Globalement, la presse fran\u00e7aise voit dans ce discours un \u00ab\u00a0<em>froid glacial<\/em>\u00a0\u00bb jet\u00e9 sur les n\u00e9gociations climatiques, renfor\u00e7ant l&rsquo;isolement am\u00e9ricain et appelant \u00e0 une \u00ab\u00a0<em>riposte europ\u00e9enne unie<\/em>\u00a0\u00bb.\u00a0<\/p>\n<blockquote>\n<p>Aucun journaliste, probablement tenu par les chartes Climat et Environnement adopt\u00e9es par de nombreux m\u00e9dias fran\u00e7ais, <strong>ne semble s&rsquo;interroger sur les donn\u00e9es alternatives<\/strong>, pr\u00e9f\u00e9rant adh\u00e9rer au consensus scientifique dominant.\u00a0<\/p>\n<p>On a l&rsquo;impression que les le\u00e7ons tir\u00e9es des erreurs r\u00e9centes de l&rsquo;histoire \u2013 notamment sur la gestion de la Covid-19, avec les d\u00e9bats persistants sur l&rsquo;efficacit\u00e9 r\u00e9elle des mesures de distanciation sociale face \u00e0 leurs impacts sur la sant\u00e9 mentale et les libert\u00e9s, ou sur les b\u00e9n\u00e9fices nets des vaccins covid au regard de leurs risques d&rsquo;effets secondaires graves, comme la myocardite ou les thromboses \u2013 <strong>n&rsquo;ont pas p\u00e9n\u00e9tr\u00e9 les r\u00e9dactions fran\u00e7aises ni l&rsquo;esprit de leurs plumes<\/strong>.\u00a0<\/p>\n<p>Cela, malgr\u00e9 les principes de la Charte de Munich, qui impose aux professionnels de l&rsquo;information de respecter la v\u00e9rit\u00e9, de promouvoir le pluralisme et d&rsquo;inviter au d\u00e9bat des id\u00e9es, quoi qu&rsquo;il en co\u00fbte.<\/p>\n<\/blockquote>\n<p>\u00a0<\/p>\n<h5><strong>Un d\u00e9bat relanc\u00e9, des jours historiques de bascule<\/strong><\/h5>\n<p>Les d\u00e9clarations de Trump \u00e0 l&rsquo;ONU ne sont pas un \u00e9v\u00e9nement isol\u00e9 : elles s&rsquo;inscrivent dans une s\u00e9quence explosive du 22 et 23 septembre 2025, des jours \u00e0 marquer d&rsquo;une pierre blanche, o\u00f9 les narratifs dominants sur la sant\u00e9, la censure et le climat ont \u00e9t\u00e9 brutalement mis \u00e0 jour.\u00a0<\/p>\n<p>Le 22 septembre, Trump et Robert F. Kennedy Jr. ont <a target=\"_blank\" href=\"https:\/\/www.francesoir.fr\/politique-monde-societe-sante\/trump-et-kennedy-le-paracetamol-coupable-cache-de-l-epidemie-d\" target=\"_blank\">tenu une conf\u00e9rence \u00e0 la Maison Blanche<\/a> liant l&rsquo;usage du parac\u00e9tamol pendant la grossesse \u00e0 l&rsquo;\u00e9pid\u00e9mie d&rsquo;autisme, annon\u00e7ant des \u00e9tiquettes d&rsquo;avertissement sur le Tylenol et relan\u00e7ant le d\u00e9bat sur les vaccins \u2013 40 \u00e0 70 % des m\u00e8res d&rsquo;enfants autistes y voyant un lien, selon Kennedy. Le <a target=\"_blank\" href=\"https:\/\/www.francesoir.fr\/politique-monde-societe-justice-science-tech\/google-admet-la-censure-sous-pression-de-l\" target=\"_blank\">lendemain, <strong>l&rsquo;aveu de Google <\/strong>devant le Congr\u00e8s am\u00e9ricain<\/a> : <strong>la firme a censur\u00e9 du contenu COVID-19 sous pression de l&rsquo;administration Biden<\/strong>, sans violation de ses propres r\u00e8gles, promettant de lever des bans et d&rsquo;abandonner les fact-checkers biais\u00e9s. Cela expose une collusion entre Big Tech et le pouvoir, <strong>\u00e9branlant la confiance dans l&rsquo;information en ligne.<\/strong> Enfin, le discours de Trump sur le climat boucle cette trilogie : en d\u00e9non\u00e7ant une \u00ab\u00a0<em>arnaque<\/em>\u00a0\u00bb, <strong>il force un r\u00e9examen des politiques vertes, souvent accus\u00e9es d&rsquo;hypocrisie<\/strong>.<\/p>\n<blockquote>\n<p>Ces 48 heures marquent une bascule : le narratif de la sant\u00e9 publique (autisme masqu\u00e9 par le parac\u00e9tamol), de la censure (aveu de Google sous pression politique) et du climat (canular ou urgence ?) est fissur\u00e9. Le d\u00e9bat est vraiment relanc\u00e9 \u2013 non plus entre faits et fiction, mais entre souverainet\u00e9 et manipulation globale. L&rsquo;Histoire retiendra ces jours comme un tournant, o\u00f9 le r\u00e9alisme a pris le pas sur les consensus impos\u00e9s.\u00a0<\/p>\n<p>Ces v\u00e9rit\u00e9s de groupe, que l\u2019on ne pouvait plus \u00e9voquer au nom de l\u2019uniformit\u00e9 des chartes \u00e9ditoriales, vont devoir \u00eatre d\u00e9battues.\u00a0<\/p>\n<p><strong>Reste \u00e0 voir si cela m\u00e8nera \u00e0 une transparence accrue&#8230; ou \u00e0 plus de chaos.<\/strong><\/p>\n<\/blockquote>\n<\/div>\n<p><script async src=\"\/\/platform.twitter.com\/widgets.js\" charset=\"utf-8\"><\/script><script>(function(d, s, id) {  var js, fjs = d.getElementsByTagName(s)[0];  if (d.getElementById(id)) return;  js = d.createElement(s); js.id = id;  js.src = \"\/\/connect.facebook.net\/fr_FR\/sdk.js#xfbml=1&version=v2.3\";  fjs.parentNode.insertBefore(js, fjs);}(document, \"script\", \"facebook-jssdk\"));<\/script><br \/>\n<br \/><br \/>\n<br \/><a href=\"https:\/\/www.francesoir.fr\/politique-monde-societe-environnement-science-tech\/declarations-de-trump-l-onu-le-climat-sous-le\" target=\"_blank\"\">Source link <\/a><\/p>\n","protected":false},"excerpt":{"rendered":"<p>Hier, lors de son discours devant l&rsquo;Assembl\u00e9e g\u00e9n\u00e9rale des Nations Unies, le pr\u00e9sident am\u00e9ricain Donald Trump a une fois de plus secou\u00e9 le monde diplomatique. Dans une allocution d&rsquo;une heure,&hellip; <\/p>\n","protected":false},"author":1,"featured_media":16452,"comment_status":"open","ping_status":"open","sticky":false,"template":"","format":"standard","meta":{"footnotes":""},"categories":[1],"tags":[],"class_list":["post-16451","post","type-post","status-publish","format-standard","has-post-thumbnail","hentry","category-non-classe"],"_links":{"self":[{"href":"https:\/\/monde25.info\/index.php\/wp-json\/wp\/v2\/posts\/16451","targetHints":{"allow":["GET"]}}],"collection":[{"href":"https:\/\/monde25.info\/index.php\/wp-json\/wp\/v2\/posts"}],"about":[{"href":"https:\/\/monde25.info\/index.php\/wp-json\/wp\/v2\/types\/post"}],"author":[{"embeddable":true,"href":"https:\/\/monde25.info\/index.php\/wp-json\/wp\/v2\/users\/1"}],"replies":[{"embeddable":true,"href":"https:\/\/monde25.info\/index.php\/wp-json\/wp\/v2\/comments?post=16451"}],"version-history":[{"count":0,"href":"https:\/\/monde25.info\/index.php\/wp-json\/wp\/v2\/posts\/16451\/revisions"}],"wp:featuredmedia":[{"embeddable":true,"href":"https:\/\/monde25.info\/index.php\/wp-json\/wp\/v2\/media\/16452"}],"wp:attachment":[{"href":"https:\/\/monde25.info\/index.php\/wp-json\/wp\/v2\/media?parent=16451"}],"wp:term":[{"taxonomy":"category","embeddable":true,"href":"https:\/\/monde25.info\/index.php\/wp-json\/wp\/v2\/categories?post=16451"},{"taxonomy":"post_tag","embeddable":true,"href":"https:\/\/monde25.info\/index.php\/wp-json\/wp\/v2\/tags?post=16451"}],"curies":[{"name":"wp","href":"https:\/\/api.w.org\/{rel}","templated":true}]}}