{"id":1650,"date":"2024-12-06T22:27:50","date_gmt":"2024-12-06T21:27:50","guid":{"rendered":"https:\/\/monde25.info\/index.php\/2024\/12\/06\/a-la-martinique-le-leader-du-mouvement-contre-la-vie-chere-en-prison\/"},"modified":"2024-12-06T22:27:50","modified_gmt":"2024-12-06T21:27:50","slug":"a-la-martinique-le-leader-du-mouvement-contre-la-vie-chere-en-prison","status":"publish","type":"post","link":"https:\/\/monde25.info\/index.php\/2024\/12\/06\/a-la-martinique-le-leader-du-mouvement-contre-la-vie-chere-en-prison\/","title":{"rendered":"\u00c0 la Martinique, le leader du mouvement contre la vie ch\u00e8re en prison"},"content":{"rendered":"<p> <br \/>\n<br \/>D\u00e9j\u00e0 condamn\u00e9 \u00e0 10 mois de prison ferme pour des propos tenus sur TikTok, Rodrigue Petitot doit \u00eatre jug\u00e9 le 21 janvier apr\u00e8s s\u2019\u00eatre introduit dans la r\u00e9sidence du pr\u00e9fet sans autorisation. Ses avocats d\u00e9noncent une atteinte \u00e0 la libert\u00e9 d\u2019expression.<br \/>\n<br \/><br \/>\n<br \/><a href=\"https:\/\/www.mediapart.fr\/journal\/france\/061224\/la-martinique-le-leader-du-mouvement-contre-la-vie-chere-en-prison\" target=\"_blank\"\">Source link <\/a><\/p>\n","protected":false},"excerpt":{"rendered":"<p>D\u00e9j\u00e0 condamn\u00e9 \u00e0 10 mois de prison ferme pour des propos tenus sur TikTok, Rodrigue Petitot doit \u00eatre jug\u00e9 le 21 janvier apr\u00e8s s\u2019\u00eatre introduit dans la r\u00e9sidence du pr\u00e9fet&hellip; <\/p>\n","protected":false},"author":1,"featured_media":1651,"comment_status":"open","ping_status":"open","sticky":false,"template":"","format":"standard","meta":{"footnotes":""},"categories":[1],"tags":[],"class_list":["post-1650","post","type-post","status-publish","format-standard","has-post-thumbnail","hentry","category-non-classe"],"_links":{"self":[{"href":"https:\/\/monde25.info\/index.php\/wp-json\/wp\/v2\/posts\/1650","targetHints":{"allow":["GET"]}}],"collection":[{"href":"https:\/\/monde25.info\/index.php\/wp-json\/wp\/v2\/posts"}],"about":[{"href":"https:\/\/monde25.info\/index.php\/wp-json\/wp\/v2\/types\/post"}],"author":[{"embeddable":true,"href":"https:\/\/monde25.info\/index.php\/wp-json\/wp\/v2\/users\/1"}],"replies":[{"embeddable":true,"href":"https:\/\/monde25.info\/index.php\/wp-json\/wp\/v2\/comments?post=1650"}],"version-history":[{"count":0,"href":"https:\/\/monde25.info\/index.php\/wp-json\/wp\/v2\/posts\/1650\/revisions"}],"wp:featuredmedia":[{"embeddable":true,"href":"https:\/\/monde25.info\/index.php\/wp-json\/wp\/v2\/media\/1651"}],"wp:attachment":[{"href":"https:\/\/monde25.info\/index.php\/wp-json\/wp\/v2\/media?parent=1650"}],"wp:term":[{"taxonomy":"category","embeddable":true,"href":"https:\/\/monde25.info\/index.php\/wp-json\/wp\/v2\/categories?post=1650"},{"taxonomy":"post_tag","embeddable":true,"href":"https:\/\/monde25.info\/index.php\/wp-json\/wp\/v2\/tags?post=1650"}],"curies":[{"name":"wp","href":"https:\/\/api.w.org\/{rel}","templated":true}]}}