{"id":166,"date":"2024-11-15T10:09:44","date_gmt":"2024-11-15T09:09:44","guid":{"rendered":"https:\/\/monde25.info\/index.php\/2024\/11\/15\/les-dilemmes-du-monde-arabe-par-akram-belkaid-le-monde-diplomatique-novembre-2024\/"},"modified":"2024-11-15T10:09:44","modified_gmt":"2024-11-15T09:09:44","slug":"les-dilemmes-du-monde-arabe-par-akram-belkaid-le-monde-diplomatique-novembre-2024","status":"publish","type":"post","link":"https:\/\/monde25.info\/index.php\/2024\/11\/15\/les-dilemmes-du-monde-arabe-par-akram-belkaid-le-monde-diplomatique-novembre-2024\/","title":{"rendered":"Les dilemmes du monde arabe, par Akram Belka\u00efd (Le Monde diplomatique, novembre 2024)"},"content":{"rendered":"<p> <br \/>\n<\/p>\n<div couleurfade=\"eae8e5\" couleurclaire=\"e8e5e2\" couleurpale=\"dfcdb8\" couleurmi=\"71665a\" couleurfoncee=\"714c27\" couleursombre=\"1c1916\" couleurfond=\"56514c\" couleurtexte=\"ffffff\">\n<figure class=\"spip_document_33711 spip_documents spip_documents_center xl\" style=\"width:890px;\">\n<div class=\"limage\">\n<p>\t\t\t<img loading=\"lazy\" decoding=\"async\" src=\"https:\/\/www.monde-diplomatique.fr\/\/local\/cache-vignettes\/L890xH548\/13-8-787b1.jpg?1730162918\" width=\"890\" height=\"548\" class=\"spip_logos\" alt=\"JPEG - 142.5\u00a0ko\"\/><\/p><\/div><figcaption>\n<p>Mahmoud Alhaj. \u2013 \u00ab<small class=\"fine\">\u00a0<\/small>Fragile No.6<small class=\"fine\">\u00a0<\/small>\u00bb, 2020<\/p>\n<\/figcaption><\/figure>\n<p><span class=\"mot-lettrine\"><span class=\"lettrine\">L\u2019<\/span>affaire<\/span> est entendue. Malgr\u00e9 un d\u00e9ferlement inou\u00ef de violence contre les populations civiles et la destruction sans pr\u00e9c\u00e9dent des infrastructures urbaines, la quasi-totalit\u00e9 des \u00c9tats arabes ne porteront pas secours aux Palestiniens, \u00e0 Gaza et en Cisjordanie, ni aux Libanais<span class=\"spip_note_ref\">\u00a0(<a target=\"_blank\" href=\"http:\/\/www.monde-diplomatique.fr\/2024\/11\/BELKAID\/67730#nb1\" class=\"spip_note\" rel=\"appendix\" title=\"Lire \u00ab\u00a0Un silence arabe\u00a0\u00bb, Le Monde diplomatique, mars 2024.\" id=\"nh1\">1<\/a>)<\/span>. Constitu\u00e9 dans les ann\u00e9es\u00a01970 apr\u00e8s le rapprochement entre l\u2019\u00c9gypte et Isra\u00ebl, l\u2019ancien \u00ab<small class=\"fine\">\u00a0<\/small>front du refus<small class=\"fine\">\u00a0<\/small>\u00bb est dispers\u00e9, par l\u2019effet de la distance \u2014 dans le cas de l\u2019Alg\u00e9rie\u00a0\u2014, de guerres civiles ou de l\u2019effondrement de l\u2019\u00c9tat \u2014 dans les cas de l\u2019Irak, de la Libye, de la Syrie ou du Y\u00e9men. Quant aux monarchies du Golfe, au-del\u00e0 d\u2019une solidarit\u00e9 de fa\u00e7ade \u2014 notamment diplomatique au sein de l\u2019enceinte des Nations unies \u2014 ou de silences g\u00ean\u00e9s, leurs dirigeants allient duplicit\u00e9, complexe d\u2019inf\u00e9riorit\u00e9 militaire et fascination \u00e0 l\u2019\u00e9gard d\u2019Isra\u00ebl \u2014 sans oublier la volont\u00e9 de d\u00e9fendre leurs propres int\u00e9r\u00eats strat\u00e9giques.<\/p>\n<p>Les \u00c9mirats arabes unis (EAU) consentent ainsi une importante aide humanitaire achemin\u00e9e par camions vers Gaza et proposent de mettre \u00e0 disposition des troupes pour y g\u00e9rer l\u2019apr\u00e8s-guerre, mais sans jamais n\u00e9gliger leurs objectifs, dont l\u2019un des principaux reste le maintien de bonnes relations avec Tel-Aviv. Hors de question, d\u00e8s lors, pour cette f\u00e9d\u00e9ration compos\u00e9e de sept \u00e9mirats de remettre en cause la normalisation avec Isra\u00ebl ent\u00e9rin\u00e9e par les accords Abraham, conclus le 13\u00a0ao\u00fbt\u00a02020 sous la houlette des \u00c9tats-Unis. Les deux parties multiplient les projets communs en mati\u00e8re de nouvelles technologies, de d\u00e9fense ou de tourisme. L\u2019idylle r\u00e9siste \u00e0 l\u2019intensit\u00e9 d\u00e9vastatrice des \u00ab<small class=\"fine\">\u00a0<\/small>frappes<small class=\"fine\">\u00a0<\/small>\u00bb isra\u00e9liennes, aux drames humains qu\u2019elles engendrent, aux pires massacres \u00e0 Gaza ou \u00e0 Beyrouth. Et les dirigeants \u00e9miratis l\u2019assument sans ciller. Les m\u00e9dias officiels ainsi qu\u2019une kyrielle d\u2019intellectuels tr\u00e8s suivis sur les r\u00e9seaux sociaux ne cessent de reprocher au Hamas le d\u00e9clenchement de la guerre aux d\u00e9pens de son peuple. Soit un argumentaire identique \u00e0 celui de leurs homologues saoudiens.<\/p>\n<p>Certes, le royaume se montre moins \u00e9namour\u00e9 d\u2019Isra\u00ebl que son voisin, \u00e0 la fois partenaire et rival. Officiellement, Riyad a gel\u00e9 les n\u00e9gociations qui devaient mener \u00e0 une normalisation avec Tel-Aviv<span class=\"spip_note_ref\">\u00a0(<a target=\"_blank\" href=\"http:\/\/www.monde-diplomatique.fr\/2024\/11\/BELKAID\/67730#nb2\" class=\"spip_note\" rel=\"appendix\" title=\"Lire Hasni Abidi et Ang\u00e9lique Mounier-Kuhn, \u00ab\u00a0Riyad - Tel-Aviv, coup de frein\u00a0(...)\" id=\"nh2\">2<\/a>)<\/span><small class=\"fine\">\u00a0<\/small>; mais, contrairement \u00e0 ce qu\u2019affirment les Saoudiens, les contacts directs n\u2019ont pas cess\u00e9, notamment sur le plan s\u00e9curitaire. Alors que les \u00c9mirats comptent une population de cinq cent mille sujets \u2014 pour deux millions et demi d\u2019\u00e9trangers \u2014 facile \u00e0 museler pour l\u2019emp\u00eacher d\u2019exprimer son hostilit\u00e9 \u00e0 Isra\u00ebl, la monarchie saoudienne doit composer avec trente-six millions d\u2019habitants, dont une large partie demeure propalestiniens. Les autorit\u00e9s ont d\u2019ailleurs arr\u00eat\u00e9 plusieurs imams \u00e0 la suite de pr\u00eaches incendiaires \u2014 parfois \u00e0 connotation antis\u00e9mite \u2014 contre Isra\u00ebl. De son c\u00f4t\u00e9, le petit royaume de Bahre\u00efn, signataire des accords Abraham et vassal de Riyad, a conc\u00e9d\u00e9 une suspension des \u00e9changes commerciaux avec Tel-Aviv afin de calmer une col\u00e8re susceptible de provoquer un soul\u00e8vement populaire comparable \u00e0 celui de 2011<span class=\"spip_note_ref\">\u00a0(<a target=\"_blank\" href=\"http:\/\/www.monde-diplomatique.fr\/2024\/11\/BELKAID\/67730#nb3\" class=\"spip_note\" rel=\"appendix\" title=\"Lire Marc Pellas, \u00ab\u00a0Une monarchie de plomb r\u00e8gne sur Bahre\u00efn\u00a0\u00bb, Le Monde\u00a0(...)\" id=\"nh3\">3<\/a>)<\/span>.<\/p>\n<p>Dans les trois cas, en r\u00e9alit\u00e9, les dirigeants observent avec int\u00e9r\u00eat l\u2019\u00e9volution du rapport de forces r\u00e9gional. L\u2019affaiblissement conjoint du Hamas et du Hezbollah fait le jeu de ces monarchies hostiles \u00e0 la fois au mouvement des Fr\u00e8res musulmans \u2014 auquel appartient le parti palestinien \u2014 et \u00e0 une milice chiite alli\u00e9e de la R\u00e9publique islamique d\u2019Iran. On se souvient que c\u2019est pour avoir refus\u00e9 de provoquer une guerre civile au pays du C\u00e8dre en cr\u00e9ant une formation arm\u00e9e sunnite capable de s\u2019attaquer au Parti de Dieu que l\u2019ancien premier ministre libanais Saad Hariri a \u00e9t\u00e9 s\u00e9questr\u00e9 en novembre\u00a02017 \u00e0 Riyad, avant qu\u2019une intercession fran\u00e7aise ne le fasse lib\u00e9rer<span class=\"spip_note_ref\">\u00a0(<a target=\"_blank\" href=\"http:\/\/www.monde-diplomatique.fr\/2024\/11\/BELKAID\/67730#nb4\" class=\"spip_note\" rel=\"appendix\" title=\"Lire Marie Jordac, \u00ab\u00a0L\u2019\u00e9trange s\u00e9questration de Saad Hariri\u00a0\u00bb, dans Mani\u00e8re de\u00a0(...)\" id=\"nh4\">4<\/a>)<\/span>. Apparu le visage hagard sur les \u00e9crans de la t\u00e9l\u00e9vision satellitaire saoudienne Al-Arabiya, M.\u00a0Hariri avait alors d\u00e9nonc\u00e9 la mainmise du Hezbollah sur la vie politique libanaise et d\u00e9clar\u00e9 que <i>\u00ab<small class=\"fine\">\u00a0<\/small>les bras de l\u2019Iran dans la r\u00e9gion [seraient] coup\u00e9s<small class=\"fine\">\u00a0<\/small>\u00bb.<\/i> Cette pr\u00e9diction disait surtout l\u2019obsession du prince h\u00e9ritier Mohammed Ben Salman (MBS)\u00a0: elle se r\u00e9alise sept ans plus tard, gr\u00e2ce \u00e0 l\u2019arm\u00e9e isra\u00e9lienne, \u00e0 la grande satisfaction des monarchies du Golfe. M\u00eame le Qatar \u2014 r\u00e9guli\u00e8rement mis en cause pour sa proximit\u00e9 avec le Hamas en particulier, et avec les Fr\u00e8res musulmans en g\u00e9n\u00e9ral \u2014 voit d\u2019un bon \u0153il l\u2019amoindrissement de la capacit\u00e9 de nuisance de l\u2019Iran dans la r\u00e9gion.<\/p>\n<p>Ces m\u00eames monarchies ne vont pas jusqu\u2019\u00e0 souhaiter qu\u2019Isra\u00ebl \u00ab<small class=\"fine\">\u00a0<\/small>finisse le travail<small class=\"fine\">\u00a0<\/small>\u00bb en s\u2019attaquant \u00e0 T\u00e9h\u00e9ran. Toutes, \u00e0 commencer par les \u00c9mirats, savent qu\u2019elles auraient trop \u00e0 y perdre. Leur pays attaqu\u00e9, les gardiens de la r\u00e9volution n\u2019h\u00e9siteraient pas \u00e0 s\u2019en prendre \u00e0 leurs voisins du Golfe. Quelques missiles suffiraient \u00e0 priver une ville comme Duba\u00ef d\u2019\u00e9lectricit\u00e9 et d\u2019eau potable, sans oublier les dommages profonds inflig\u00e9s au tourisme, sur lequel repose, entre autres, l\u2019\u00e9conomie de cette cit\u00e9-\u00c9tat. D\u00e8s lors, toutes les capitales du Khaleej (\u00ab<small class=\"fine\">\u00a0<\/small>Golfe<small class=\"fine\">\u00a0<\/small>\u00bb) militent pour que les \u00c9tats-Unis freinent les ardeurs guerri\u00e8res de M.\u00a0Benyamin Netanyahou <i>(lire \u00ab<small class=\"fine\">\u00a0<\/small><a target=\"_blank\" href=\"https:\/\/www.monde-diplomatique.fr\/2024\/11\/ACHCAR\/67733\" class=\"spip_in\">Le triomphe sanglant de Benyamin Netanyahou<\/a><small class=\"fine\">\u00a0<\/small>\u00bb).<\/i> Le prince h\u00e9ritier Mohammed Ben Zayed (\u00ab<small class=\"fine\">\u00a0<\/small>MBZ<small class=\"fine\">\u00a0<\/small>\u00bb) des \u00c9mirats arabes unis a en ce sens effectu\u00e9 une visite officielle \u00e0 Washington du 23 au 26\u00a0septembre. Le pr\u00e9sident Joseph Biden a alors \u00e9lev\u00e9 son pays au rang de partenaire de d\u00e9fense majeur des \u00c9tats-Unis, une distinction pr\u00e9sent\u00e9e par les m\u00e9dias \u00e9miratis comme une reconnaissance de l\u2019importance strat\u00e9gique de leur f\u00e9d\u00e9ration sur l\u2019\u00e9chiquier mondial<span class=\"spip_note_ref\">\u00a0(<a target=\"_blank\" href=\"http:\/\/www.monde-diplomatique.fr\/2024\/11\/BELKAID\/67730#nb5\" class=\"spip_note\" rel=\"appendix\" title=\"Fatiha Dazi-Heni, \u00ab\u00a0Le pari gagnant et risqu\u00e9 des \u00c9mirats arabes unis au\u00a0(...)\" id=\"nh5\">5<\/a>)<\/span>. Durant son s\u00e9jour am\u00e9ricain, MBZ a rencontr\u00e9 de nombreuses personnalit\u00e9s politiques \u2014 dont les anciens pr\u00e9sidents William Clinton et George W. Bush \u2014 et il a tenu \u00e0 tous le m\u00eame message\u00a0: les \u00c9mirats sont des alli\u00e9s solides de l\u2019Am\u00e9rique et d\u2019Isra\u00ebl, charge \u00e0 Washington d\u2019emp\u00eacher que la guerre actuelle n\u2019aille trop loin.<\/p>\n<p>Une pr\u00e9occupation identique pr\u00e9vaut en \u00c9gypte, malgr\u00e9 une lecture strat\u00e9gique diff\u00e9rente de la situation. D\u00e8s le 7\u00a0octobre\u00a02023 au soir, comme \u00e0 chaque intervention militaire isra\u00e9lienne \u00e0 Gaza, le pays a propos\u00e9 ses bons offices pour conclure d\u2019un cessez-le-feu. Ses dirigeants ont tout mis en \u0153uvre pour emp\u00eacher l\u2019expulsion de centaines de milliers de Palestiniens vers le Sina\u00ef. Au Caire, comme ailleurs au Proche-Orient, perdure la m\u00e9moire de l\u2019histoire longue, et l\u2019on a bien saisi que ces r\u00e9fugi\u00e9s n\u2019auraient jamais pu revenir \u00e0 Gaza, qu\u2019ils n\u2019auraient d\u00e8s lors pas manqu\u00e9 de constituer un probl\u00e8me de politique, voire de stabilit\u00e9, int\u00e9rieure. Si le pr\u00e9sident Abdel Fattah Al-Sissi et son gouvernement ont critiqu\u00e9 l\u2019\u00ab<small class=\"fine\">\u00a0<\/small>aventurisme<small class=\"fine\">\u00a0<\/small>\u00bb du Hamas, ils ne se r\u00e9jouissent pas forc\u00e9ment de son effondrement. Leur position, pragmatique, se fonde sur la situation dans l\u2019enclave, o\u00f9 aucune force politique n\u2019est capable de prendre le relais du mouvement islamiste. Les dirigeants \u00e9gyptiens n\u2019ignorent pas le discr\u00e9dit total touchant l\u2019Autorit\u00e9 palestinienne <i>(lire \u00ab<small class=\"fine\">\u00a0<\/small><a target=\"_blank\" href=\"https:\/\/www.monde-diplomatique.fr\/2024\/11\/VESCOVI\/67735\" class=\"spip_in\">Quel avenir pour les Palestiniens<small class=\"fine\">\u00a0<\/small>?<\/a><small class=\"fine\">\u00a0<\/small>\u00bb)<\/i> et redoutent un recours \u00e0 une force internationale d\u2019interposition dans un territoire qu\u2019ils situent dans leur zone d\u2019influence. Du point de vue \u00e9gyptien, du reste, l\u2019existence du Hamas avait ceci de positif qu\u2019elle \u00ab<small class=\"fine\">\u00a0<\/small>occupait<small class=\"fine\">\u00a0<\/small>\u00bb les Isra\u00e9liens et conf\u00e9rait au Caire un r\u00f4le strat\u00e9gique, ne serait-ce que pour ses capacit\u00e9s de m\u00e9diation. Las, un an apr\u00e8s l\u2019attaque du 7\u00a0octobre\u00a02023, Isra\u00ebl a repris le contr\u00f4le de la fronti\u00e8re sud de Gaza et s\u2019installe dans un face-\u00e0-face in\u00e9dit depuis plusieurs d\u00e9cennies avec l\u2019\u00c9gypte. Si d\u2019aventure des colons revenaient dans la bande palestinienne, les exigences de s\u00e9curit\u00e9 frontali\u00e8re de Tel-Aviv se renforceraient, et l\u2019\u00c9gypte se trouverait dans la situation inconfortable de devoir s\u2019y plier.<\/p>\n<p>D\u2019ailleurs, c\u2019est l\u2019hubris isra\u00e9lienne qui inqui\u00e8te le plus les \u00c9gyptiens. Les rassemblements organis\u00e9s par des membres du Likoud et des repr\u00e9sentants de partis d\u2019extr\u00eame droite afin d\u2019exiger la colonisation de Gaza puis l\u2019\u00e9tablissement d\u2019un \u00ab<small class=\"fine\">\u00a0<\/small>Grand Isra\u00ebl<small class=\"fine\">\u00a0<\/small>\u00bb ne sont pas pass\u00e9s inaper\u00e7us au Caire. Les discours r\u00e9p\u00e9t\u00e9s de MM.\u00a0Itamar Ben-Gvir et Bezalel Smotrich en ce sens, non plus. Respectivement charg\u00e9s de la s\u00e9curit\u00e9 nationale et des finances, ces ministres de M.\u00a0Netanyahou n\u2019\u00e9prouvent aucune g\u00eane \u00e0 se d\u00e9clarer partisans, au nom d\u2019une lecture des textes bibliques, d\u2019un \u00c9tat qui comprendrait une partie du Liban, de la Syrie, de l\u2019Irak, de la Jordanie, de l\u2019Arabie saoudite mais aussi de l\u2019est de l\u2019\u00c9gypte, en sus du Sina\u00ef. Ces derni\u00e8res semaines, sur les r\u00e9seaux sociaux, de nombreux \u00c9gyptiens ont relay\u00e9 les captures d\u2019\u00e9cran montrant des soldats isra\u00e9liens \u00e0 Gaza qui arborent \u00e0 l\u2019\u00e9paule un \u00e9cusson dessinant cette nouvelle g\u00e9ographie r\u00e9gionale.<\/p>\n<p>Si l\u2019id\u00e9e que des Isra\u00e9liens r\u00eavent d\u2019annexer une partie de leur territoire fait \u2014 pour le moment \u2014 hausser les \u00e9paules en Irak ou en Arabie saoudite, tel n\u2019est pas le cas au Liban, o\u00f9 l\u2019on n\u2019oublie pas que le projet sioniste originel pr\u00e9voyait d\u2019englober le sud du pays du C\u00e8dre. Tel n\u2019est pas le cas non plus en \u00c9gypte, o\u00f9, sans parler de l\u2019hostilit\u00e9 d\u2019une grande partie de la population, nombre d\u2019\u00e9lites n\u2019assument toujours pas la paix conclue avec Isra\u00ebl \u00e0 la fin des ann\u00e9es\u00a01970<span class=\"spip_note_ref\">\u00a0(<a target=\"_blank\" href=\"http:\/\/www.monde-diplomatique.fr\/2024\/11\/BELKAID\/67730#nb6\" class=\"spip_note\" rel=\"appendix\" title=\"Marwa El-Shinawy, \u00ab\u00a0Netanyahu revives the Greater Israel plan\u00a0\u00bb, 15\u00a0octobre\u00a0(...)\" id=\"nh6\">6<\/a>)<\/span>. Ces milieux s\u2019inqui\u00e8tent du jusqu\u2019au-boutisme guerrier de M.\u00a0Netanyahou et de l\u2019exigence de nouvelles conqu\u00eates territoriales pr\u00f4n\u00e9e par ses alli\u00e9s. Selon nos informations, un d\u00e9bat agite actuellement la hi\u00e9rarchie de l\u2019arm\u00e9e \u00e9gyptienne, o\u00f9 la question d\u2019un effort de d\u00e9fense plus important se pose d\u00e9sormais. Un r\u00e9armement qu\u2019accompagnerait une \u00e9ventuelle remilitarisation pr\u00e9ventive du Sina\u00ef. Car, au Proche-Orient, le front de la guerre ne demande qu\u2019\u00e0 s\u2019\u00e9largir.<\/p>\n<\/p><\/div>\n<p><br \/>\n<br \/><a href=\"https:\/\/www.monde-diplomatique.fr\/2024\/11\/BELKAID\/67730\" target=\"_blank\"\">Source link <\/a><\/p>\n","protected":false},"excerpt":{"rendered":"<p>Mahmoud Alhaj. \u2013 \u00ab\u00a0Fragile No.6\u00a0\u00bb, 2020 L\u2019affaire est entendue. Malgr\u00e9 un d\u00e9ferlement inou\u00ef de violence contre les populations civiles et la destruction sans pr\u00e9c\u00e9dent des infrastructures urbaines, la quasi-totalit\u00e9 des&hellip; <\/p>\n","protected":false},"author":1,"featured_media":167,"comment_status":"open","ping_status":"open","sticky":false,"template":"","format":"standard","meta":{"footnotes":""},"categories":[1],"tags":[],"class_list":["post-166","post","type-post","status-publish","format-standard","has-post-thumbnail","hentry","category-non-classe"],"_links":{"self":[{"href":"https:\/\/monde25.info\/index.php\/wp-json\/wp\/v2\/posts\/166","targetHints":{"allow":["GET"]}}],"collection":[{"href":"https:\/\/monde25.info\/index.php\/wp-json\/wp\/v2\/posts"}],"about":[{"href":"https:\/\/monde25.info\/index.php\/wp-json\/wp\/v2\/types\/post"}],"author":[{"embeddable":true,"href":"https:\/\/monde25.info\/index.php\/wp-json\/wp\/v2\/users\/1"}],"replies":[{"embeddable":true,"href":"https:\/\/monde25.info\/index.php\/wp-json\/wp\/v2\/comments?post=166"}],"version-history":[{"count":0,"href":"https:\/\/monde25.info\/index.php\/wp-json\/wp\/v2\/posts\/166\/revisions"}],"wp:featuredmedia":[{"embeddable":true,"href":"https:\/\/monde25.info\/index.php\/wp-json\/wp\/v2\/media\/167"}],"wp:attachment":[{"href":"https:\/\/monde25.info\/index.php\/wp-json\/wp\/v2\/media?parent=166"}],"wp:term":[{"taxonomy":"category","embeddable":true,"href":"https:\/\/monde25.info\/index.php\/wp-json\/wp\/v2\/categories?post=166"},{"taxonomy":"post_tag","embeddable":true,"href":"https:\/\/monde25.info\/index.php\/wp-json\/wp\/v2\/tags?post=166"}],"curies":[{"name":"wp","href":"https:\/\/api.w.org\/{rel}","templated":true}]}}