{"id":1660,"date":"2024-12-07T02:21:37","date_gmt":"2024-12-07T01:21:37","guid":{"rendered":"https:\/\/monde25.info\/index.php\/2024\/12\/07\/finalise-laccord-ue-mercosur-est-une-bombe-environnementale-et-sociale\/"},"modified":"2024-12-07T02:21:37","modified_gmt":"2024-12-07T01:21:37","slug":"finalise-laccord-ue-mercosur-est-une-bombe-environnementale-et-sociale","status":"publish","type":"post","link":"https:\/\/monde25.info\/index.php\/2024\/12\/07\/finalise-laccord-ue-mercosur-est-une-bombe-environnementale-et-sociale\/","title":{"rendered":"Finalis\u00e9, l\u2019accord UE-Mercosur est une \u00ab\u00a0bombe environnementale et sociale\u00a0\u00bb"},"content":{"rendered":"<p> <br \/>\n<\/p>\n<div>\n<p>Le 6\u00a0d\u00e9cembre, depuis l\u2019Uruguay o\u00f9 elle se trouvait, la pr\u00e9sidente de la Commission europ\u00e9enne Ursula von der Leyen a annonc\u00e9 la conclusion des n\u00e9gociations de <a target=\"_blank\" href=\"https:\/\/reporterre.net\/Accord-UE-Mercosur-5-points-pour-comprendre-la-colere-des-agriculteurs\">l\u2019accord de libre-\u00e9change<\/a> entre l\u2019Union europ\u00e9enne et les pays du Mercosur (Argentine, Br\u00e9sil, Paraguay, Uruguay, Bolivie).<\/p>\n<p>Une d\u00e9cision consid\u00e9r\u00e9e comme un v\u00e9ritable d\u00e9sastre par de nombreuses organisations de la soci\u00e9t\u00e9 civile, qui d\u00e9noncent ses cons\u00e9quences \u00e9conomiques, sociales et environnementales. Cet accord, souvent qualifi\u00e9 de <i>\u00ab<small class=\"fine d-inline\">\u00a0<\/small>viande contre voitures<small class=\"fine d-inline\">\u00a0<\/small>\u00bb<\/i>, est per\u00e7u comme un symbole d\u2019une mondialisation n\u00e9olib\u00e9rale insoutenable.<\/p>\n<p><a target=\"_blank\" href=\"http:\/\/r.email.collectifstoptafta.org\/mk\/mr\/sh\/1t6AVsg9Ynm8rU3TRhArVtWeuGQYIU\/lm0nk5TRk0In\" class=\"spip_out\" rel=\"external\">Pour le collectif national Stop Mercosur<\/a>, cette annonce est une trahison envers les agriculteurs, la plan\u00e8te et les citoyens europ\u00e9ens. Selon Maxime Combes, \u00e9conomiste et coanimateur du collectif, cet accord <i>\u00ab<small class=\"fine d-inline\">\u00a0<\/small>divise profond\u00e9ment les pays europ\u00e9ens<small class=\"fine d-inline\">\u00a0<\/small>\u00bb<\/i> et risque de provoquer une crise politique majeure au sein de l\u2019Union europ\u00e9enne. Il appelle \u00e0 une refonte des relations entre l\u2019Europe et les pays du Mercosur, bas\u00e9e sur la lutte contre le <a target=\"_blank\" href=\"Qu-est-ce-que-le-rechauffement-climatique\">r\u00e9chauffement climatique<\/a> et la souverainet\u00e9 alimentaire, plut\u00f4t que sur la lib\u00e9ralisation des march\u00e9s.<\/p>\n<h2 class=\"spip\">Une \u00ab<small class=\"fine d-inline\">\u00a0<\/small>bombe environnementale et sociale<small class=\"fine d-inline\">\u00a0<\/small>\u00bb<\/h2>\n<p>Les cons\u00e9quences directes de cet accord inqui\u00e8tent particuli\u00e8rement le secteur agricole. Laurence Marandola, porte-parole de la Conf\u00e9d\u00e9ration paysanne, souligne que ce trait\u00e9 entra\u00eenera une chute des prix agricoles, nuisant gravement aux agriculteurs en Europe et en Am\u00e9rique du Sud. Elle d\u00e9nonce un commerce d\u00e9r\u00e9gul\u00e9 qui sert les multinationales aux d\u00e9pens des paysans et des populations locales. La col\u00e8re du monde paysan, <a target=\"_blank\" href=\"https:\/\/reporterre.net\/Un-coup-de-poignard-les-agriculteurs-denoncent-le-traite-UE-Mercosur\">qui s\u2019est raviv\u00e9e ces derni\u00e8res semaines<\/a>, ne devrait pas s\u2019apaiser apr\u00e8s cette d\u00e9cision.<\/p>\n<p>Greenpeace France qualifie cet accord de <i>\u00ab<small class=\"fine d-inline\">\u00a0<\/small>bombe environnementale et sociale<small class=\"fine d-inline\">\u00a0<\/small>\u00bb<\/i>. \u00c9ric Moranval, charg\u00e9 de campagne, estime qu\u2019aucune clause environnementale ne peut pallier les nombreux probl\u00e8mes qu\u2019il pose, notamment la d\u00e9forestation, les \u00e9missions de gaz \u00e0 effet de serre et la perte de biodiversit\u00e9.<\/p>\n<p><a target=\"_blank\" href=\"https:\/\/reporterre.net\/Un-coup-de-poignard-les-agriculteurs-denoncent-le-traite-UE-Mercosur\" class=\"lien_lireaussi\"><strong>Lire aussi : <\/strong> <span>\u00ab<small class=\"fine d-inline\">\u00a0<\/small>Un coup de poignard<small class=\"fine d-inline\">\u00a0<\/small>\u00bb\u00a0: les agriculteurs d\u00e9noncent le trait\u00e9 <span class=\"caps\">UE<\/span>-Mercosur<\/span><\/a><\/p>\n<p>Les critiques vont au-del\u00e0 des questions environnementales. Karine Jacquemart, directrice g\u00e9n\u00e9rale de Foodwatch, d\u00e9nonce une logique absurde o\u00f9 l\u2019Europe exporte des voitures et des pesticides interdits sur son territoire, pour en importer les r\u00e9sidus dans les produits alimentaires consomm\u00e9s par ses citoyens. Pour elle, cet accord symbolise une \u00e9conomie globale qui tourne le dos \u00e0 la sant\u00e9 publique et \u00e0 la justice sociale.<\/p>\n<p>Cet accord est \u00e9galement critiqu\u00e9 pour sa dimension n\u00e9ocoloniale. Aude Lorion, de la f\u00e9d\u00e9ration Artisans du Monde, accuse le trait\u00e9 de perp\u00e9tuer un syst\u00e8me in\u00e9gal, favorisant les grandes entreprises et exploitant les communaut\u00e9s paysannes et autochtones. Nabil Berbour, directeur de campagne chez Ek\u014d, ajoute que l\u2019Europe, en concluant cet accord, envoie un signal alarmant en privil\u00e9giant les profits des multinationales au d\u00e9triment des droits humains et de la plan\u00e8te.<\/p>\n<p>Malgr\u00e9 cette annonce, les opposants ne baissent pas les bras. Ils rappellent que l\u2019accord doit encore passer plusieurs \u00e9tapes, notamment une approbation par le Conseil et le Parlement europ\u00e9en. De nombreuses organisations, en lien avec leurs partenaires europ\u00e9ens et sud-am\u00e9ricains, s\u2019engagent \u00e0 intensifier la lutte pour emp\u00eacher sa ratification, en poussant notamment des pays <a target=\"_blank\" href=\"https:\/\/reporterre.net\/Accord-UE-Mercosur-l-opposition-de-facade-d-Emmanuel-Macron\">comme la France<\/a> \u00e0 former une minorit\u00e9 de blocage \u00e0 m\u00eame de rejeter cet accord.<\/p>\n<aside class=\"boite_encarts\">\n<div class=\"encart encart_gris noprint\">\n<p><strong>Il est de retour.<\/strong><\/p>\n<p>Dans quelques semaines, Donald Trump se r\u00e9-installera \u00e0 la Maison Blanche.<\/p>\n<p>Un milliardaire, pour qui le r\u00e9chauffement climatique est \u00ab<small class=\"fine d-inline\">\u00a0<\/small>un canular<small class=\"fine d-inline\">\u00a0<\/small>\u00bb, sera \u00e0 la t\u00eate de la plus grande puissance mondiale.<\/p>\n<p>Dans une d\u00e9cennie cruciale pour l\u2019\u00e9cologie, nous ne pouvons pas nous permettre de perdre plus de temps.<\/p>\n<p>La soci\u00e9t\u00e9 civile doit continuer de se soulever, de se mobiliser et de faire pression sur les puissants.<\/p>\n<p>Mais pour agir, il faut savoir.<\/p>\n<p><strong>Depuis 11 ans, nous publions des articles de qualit\u00e9 sur l\u2019\u00e9cologie, en acc\u00e8s libre et sans publicit\u00e9, pour tous.<\/strong><\/p>\n<p>Nous avons la conviction que l\u2019urgence \u00e9cologique est l\u2019enjeu majeur de notre \u00e9poque.<br class=\"autobr\"\/><br \/>\n Et comme plus de 2 millions de lectrices et lecteurs chaque mois, vous partagez sans doute cette conviction&#8230;<\/p>\n<p>Alors si vous en avez les moyens, sachez qu\u2019un don, m\u00eame d\u20191\u20ac, est un acte de soutien fort pour l\u2019\u00e9cologie et le journalisme ind\u00e9pendant.<br class=\"autobr\"\/><br \/>\n (Et \u00e7a vous prendra moins de temps que la lecture de ce texte).<\/p>\n<p><strong>Si vous le pouvez, choisissez un soutien mensuel. Merci.<\/strong><\/p>\n<p><a target=\"_blank\" href=\"https:\/\/reporterre.net\/dons\" class=\"bt_soutenir\">Je soutiens <i>Reporterre<\/i><\/a><\/p>\n<\/p><\/div>\n<div class=\"encart encart_vert noprint montre_1023\">\n<div class=\"infolettre-form-container noprint\">\n<p>Abonnez-vous \u00e0 la lettre d\u2019info de Reporterre<\/p>\n<\/div><\/div>\n<\/aside>\n<aside class=\"boite_apresarticle encart_note\">\n<h4>Apr\u00e8s cet article<\/h4>\n<p>      <a target=\"_blank\" href=\"https:\/\/reporterre.net\/Accord-UE-Mercosur-l-opposition-de-facade-d-Emmanuel-Macron\" class=\"lien_article\">\n      <picture class=\"vignette_gauche\"><source type=\"image\/webp\" srcset=\"https:\/\/reporterre.net\/https:\/\/reporterre.net\/local\/cache-gd2\/63\/744ae2c5b30775c4e26724c9ddcf5f.jpg@.webp?1731059157\"><img decoding=\"async\" src=\"https:\/\/reporterre.net\/local\/cache-gd2\/63\/744ae2c5b30775c4e26724c9ddcf5f.jpg?1731059157\" width=\"450\" height=\"300\" alt=\"\" class=\"marge12\" loading=\"lazy\"\/><br \/>\n<\/source><\/picture>\n<p class=\"libelle\">\n<p>      Trait\u00e9s de libre-\u00e9change\n    <\/p>\n<p class=\"titre pol20\">Accord <span class=\"caps\">UE<\/span>-Mercosur\u00a0: l\u2019opposition de fa\u00e7ade d\u2019Emmanuel Macron<\/p>\n<p>      <\/a><br \/>\n    <\/aside>\n<aside class=\"boite_complement texte\">\n<p>      <!-- zone_forum --><br \/>\n          <\/aside>\n<aside class=\"boite_lireaussi noprint\">\n<\/aside>\n<aside class=\"colonne\">\n<div class=\"article_info cache_1023 noprint\">\n<p>    <span class=\"date\">6 d\u00e9cembre 2024  \u00e0 15h53<\/span><\/p>\n<p class=\"duree_lecture\">\n        Dur\u00e9e de lecture : 3 minutes\n      <\/p>\n<\/p><\/div>\n<div class=\"bloc_infolettre\">\n<div class=\"infolettre-form-container noprint\">\n<p>Abonnez-vous \u00e0 la lettre d\u2019info de Reporterre<\/p>\n<\/div><\/div>\n<\/aside>\n<div id=\"galerie\">\n  <img decoding=\"async\" src=\"\" class=\"principale\" id=\"principale\"\/><\/p>\n<p id=\"legende\">legende<\/p>\n<\/div>\n<footer class=\"noprint\">\n<\/footer>\n<\/div>\n<p><br \/>\n<br \/><a href=\"https:\/\/reporterre.net\/Finalise-l-accord-UE-Mercosur-est-une-bombe-environnementale-et-sociale\" target=\"_blank\"\">Source link <\/a><\/p>\n","protected":false},"excerpt":{"rendered":"<p>Le 6\u00a0d\u00e9cembre, depuis l\u2019Uruguay o\u00f9 elle se trouvait, la pr\u00e9sidente de la Commission europ\u00e9enne Ursula von der Leyen a annonc\u00e9 la conclusion des n\u00e9gociations de l\u2019accord de libre-\u00e9change entre l\u2019Union&hellip; <\/p>\n","protected":false},"author":1,"featured_media":1661,"comment_status":"open","ping_status":"open","sticky":false,"template":"","format":"standard","meta":{"footnotes":""},"categories":[1],"tags":[],"class_list":["post-1660","post","type-post","status-publish","format-standard","has-post-thumbnail","hentry","category-non-classe"],"_links":{"self":[{"href":"https:\/\/monde25.info\/index.php\/wp-json\/wp\/v2\/posts\/1660","targetHints":{"allow":["GET"]}}],"collection":[{"href":"https:\/\/monde25.info\/index.php\/wp-json\/wp\/v2\/posts"}],"about":[{"href":"https:\/\/monde25.info\/index.php\/wp-json\/wp\/v2\/types\/post"}],"author":[{"embeddable":true,"href":"https:\/\/monde25.info\/index.php\/wp-json\/wp\/v2\/users\/1"}],"replies":[{"embeddable":true,"href":"https:\/\/monde25.info\/index.php\/wp-json\/wp\/v2\/comments?post=1660"}],"version-history":[{"count":0,"href":"https:\/\/monde25.info\/index.php\/wp-json\/wp\/v2\/posts\/1660\/revisions"}],"wp:featuredmedia":[{"embeddable":true,"href":"https:\/\/monde25.info\/index.php\/wp-json\/wp\/v2\/media\/1661"}],"wp:attachment":[{"href":"https:\/\/monde25.info\/index.php\/wp-json\/wp\/v2\/media?parent=1660"}],"wp:term":[{"taxonomy":"category","embeddable":true,"href":"https:\/\/monde25.info\/index.php\/wp-json\/wp\/v2\/categories?post=1660"},{"taxonomy":"post_tag","embeddable":true,"href":"https:\/\/monde25.info\/index.php\/wp-json\/wp\/v2\/tags?post=1660"}],"curies":[{"name":"wp","href":"https:\/\/api.w.org\/{rel}","templated":true}]}}