{"id":1676,"date":"2024-12-07T08:26:57","date_gmt":"2024-12-07T07:26:57","guid":{"rendered":"https:\/\/monde25.info\/index.php\/2024\/12\/07\/la-france-rejoint-les-pays-touches-par-la-desertification\/"},"modified":"2024-12-07T08:26:57","modified_gmt":"2024-12-07T07:26:57","slug":"la-france-rejoint-les-pays-touches-par-la-desertification","status":"publish","type":"post","link":"https:\/\/monde25.info\/index.php\/2024\/12\/07\/la-france-rejoint-les-pays-touches-par-la-desertification\/","title":{"rendered":"La France rejoint les pays touch\u00e9s par la d\u00e9sertification"},"content":{"rendered":"<p> <br \/>\n<\/p>\n<div>\n<p>    <span class=\"date\">6 d\u00e9cembre 2024  \u00e0 15h44<\/span><\/p>\n<p class=\"duree_lecture\">\n        Dur\u00e9e de lecture : 5 minutes\n      <\/p>\n<\/p><\/div>\n<div>\n<p>La d\u00e9sertification a longtemps \u00e9t\u00e9 circonscrite aux pays du Sud. La probl\u00e9matique est pourtant mondiale, et c\u2019est tout l\u2019enjeu de la Convention des parties (<span class=\"caps\">COP<\/span>) consacr\u00e9e \u00e0 ce sujet, dont la 16\u1d49\u00a0\u00e9dition se tient du 2 au 13\u00a0d\u00e9cembre \u00e0 Riyad, en Arabie Saoudite. Moins connue que les <span class=\"caps\">COP<\/span> climat et biodiversit\u00e9, <a target=\"_blank\" href=\"https:\/\/reporterre.net\/La-lutte-contre-la-desertification-est-bien-plus-rentable-que-l-inaction-selon-l-ONU\">la <span class=\"caps\">COP<\/span> sur la lutte contre la d\u00e9sertification<\/a> vise \u00e0 freiner la d\u00e9gradation des terres caus\u00e9e par les s\u00e9cheresses et les activit\u00e9s humaines. Et pour la premi\u00e8re fois, la France vient d\u2019y reconna\u00eetre qu\u2019elle est concern\u00e9e.<\/p>\n<p>Mardi 3\u00a0d\u00e9cembre lors de la session formelle d\u2019ouverture de la <span class=\"caps\">COP16<\/span>, le secr\u00e9taire d\u2019\u00c9tat \u00e0 la Francophonie et aux Partenariats internationaux a annonc\u00e9 que la France rejoignait la liste des 169\u00a0\u00c9tats qui se sont d\u00e9clar\u00e9s affect\u00e9s \u00e0 la convention des Nations unies sur la lutte contre la d\u00e9sertification (<span class=\"caps\">CNULCD<\/span>). Pour Thani Mohamed Soilihi, qui conduit la d\u00e9l\u00e9gation fran\u00e7aise \u00e0 Riyad, cette d\u00e9cision est <i>\u00ab<small class=\"fine d-inline\">\u00a0<\/small>un pas de plus pour prendre davantage en compte cette r\u00e9alit\u00e9<small class=\"fine d-inline\">\u00a0<\/small>\u00bb<\/i> dans l\u2019Hexagone.<\/p>\n<p>La France se transformerait-elle en d\u00e9sert<small class=\"fine d-inline\">\u00a0<\/small>? Pas tout \u00e0 fait, car seul 1<small class=\"fine d-inline\">\u00a0<\/small>% du territoire national est concern\u00e9. Il s\u2019agit essentiellement du pourtour m\u00e9diterran\u00e9en, de la Corse-du-Sud ainsi que La R\u00e9union, la Guadeloupe et Mayotte, selon le comit\u00e9 scientifique fran\u00e7ais sur la d\u00e9sertification. Une situation sans commune mesure avec des pays beaucoup plus affect\u00e9s, comme la Chine, l\u2019Inde ou le Pakistan. <a target=\"_blank\" href=\"https:\/\/reporterre.net\/Trois-milliards-d-humains-sont-affectes-par-la-desertification\">La d\u00e9sertification affecte aujourd\u2019hui 3,2\u00a0milliards de personnes<\/a> et menace 40<small class=\"fine d-inline\">\u00a0<\/small>% des terres \u00e9merg\u00e9es de la plan\u00e8te, selon l\u2019Institut de recherche pour le d\u00e9veloppement (<span class=\"caps\">IRD<\/span>).<\/p>\n<h2 class=\"spip\">D\u00e9gradation des terres<\/h2>\n<p>Contrairement \u00e0 ce que peut sous-entendre son nom, ce ph\u00e9nom\u00e8ne ne consiste pas uniquement \u00e0 l\u2019avanc\u00e9e du sable sur des zones cultiv\u00e9es ou habit\u00e9es\u00a0: <i>\u00ab<small class=\"fine d-inline\">\u00a0<\/small>La d\u00e9sertification ne se r\u00e9sume pas \u00e0 l\u2019avanc\u00e9e des d\u00e9serts, cela se traduit surtout par la d\u00e9gradation des terres des zones climatiques arides, semi-arides et sub-humides s\u00e8ches<small class=\"fine d-inline\">\u00a0<\/small>\u00bb<\/i>, explique Fr\u00e9d\u00e9rique Montfort, chercheuse au sein de  l\u2019association Nitidae et sp\u00e9cialiste de la d\u00e9gradation et de la restauration des paysages forestiers.<\/p>\n<p>L\u2019\u00e9valuation de la d\u00e9sertification se base sur deux indicateurs\u00a0: l\u2019indice d\u2019aridit\u00e9 et la d\u00e9gradation des terres. Le premier concerne les zones \u00e0 risque o\u00f9 les pr\u00e9cipitations sont nettement inf\u00e9rieures \u00e0 l\u2019\u00e9vapotranspiration potentielle. Le second est li\u00e9 aux activit\u00e9s humaines telles que l\u2019agriculture intensive, le surp\u00e2turage et l\u2019urbanisation, ainsi que l\u2019\u00e9rosion et le d\u00e9r\u00e8glement climatique.<\/p>\n<p><i>\u00ab<small class=\"fine d-inline\">\u00a0<\/small>La d\u00e9sertification est un processus pouvant \u00eatre graduel ou brutal, d\u00e9gradant la productivit\u00e9 biologique de l\u2019\u00e9cosyst\u00e8me concern\u00e9, ce qui entra\u00eene diff\u00e9rentes cons\u00e9quences comme la perte \u00e0 long terme de v\u00e9g\u00e9tation naturelle, le d\u00e9clin de la biodiversit\u00e9, la diminution de la fertilit\u00e9 des sols  et des ressources en eau<small class=\"fine d-inline\">\u00a0<\/small>\u00bb<\/i>, ajoute Fr\u00e9d\u00e9rique Montfort.<\/p>\n<blockquote class=\"spip\">\n<p>\u00ab<small class=\"fine d-inline\">\u00a0<\/small>De plus en plus de zones vont devenir arides<small class=\"fine d-inline\">\u00a0<\/small>\u00bb<\/p>\n<\/blockquote>\n<p>Si la France est pour l\u2019instant tr\u00e8s peu touch\u00e9e par la d\u00e9sertification, le processus devrait s\u2019acc\u00e9l\u00e9rer sous l\u2019effet du d\u00e9r\u00e8glement climatique. <i>\u00ab<small class=\"fine d-inline\">\u00a0<\/small>Puisque les s\u00e9cheresses vont devenir plus fr\u00e9quentes et plus intenses, celle de 2022 devrait devenir la norme d\u2019ici la fin du si\u00e8cle selon le Giec, de plus en plus de zones vont devenir arides et donc susceptibles de d\u00e9sertification<small class=\"fine d-inline\">\u00a0<\/small>\u00bb<\/i>, dit Nicolas Gross, chercheur \u00e0 l\u2019Institut national de recherche pour l\u2019agriculture, l\u2019alimentation et l\u2019environnement (Inrae).<\/p>\n<p>C\u2019est par exemple d\u00e9j\u00e0 le cas des Pyr\u00e9n\u00e9es-Orientales qui n\u2019ont connu que 252\u00a0millim\u00e8tres de pluie en 2023, alors que la normale se situe \u00e0 507\u00a0mm. Les zones arides ne se limiteront pas <a target=\"_blank\" href=\"https:\/\/reporterre.net\/Secheresses-crues-feux-Les-calamites-vont-empirer-en-Mediterranee\">au pourtour m\u00e9diterran\u00e9en<\/a> pr\u00e9vient le scientifique, <i>\u00ab<small class=\"fine d-inline\">\u00a0<\/small>des territoires comme le Massif-Central seront concern\u00e9s. D\u00e9j\u00e0 en 2019 les \u00e9leveurs manquaient de foin pour nourrir leurs animaux \u00e0 cause de la s\u00e9cheresse<small class=\"fine d-inline\">\u00a0<\/small>\u00bb<\/i>.<\/p>\n<p>Des raisons qui ont pouss\u00e9 la France \u00e0 changer officiellement sa position. Jusqu\u2019\u00e0 pr\u00e9sent, elle \u00e9tait la seule \u00e0 ne pas s\u2019\u00eatre d\u00e9clar\u00e9e affect\u00e9e par la d\u00e9sertification parmi ses voisins m\u00e9diterran\u00e9ens comme l\u2019Espagne, l\u2019Italie et la Gr\u00e8ce. <i>\u00ab<small class=\"fine d-inline\">\u00a0<\/small>La France clarifie enfin son statut et n\u2019est plus une exception parmi ses voisins<\/i>, se f\u00e9licite Patrice Burger, pr\u00e9sident du Cari, association qui lutte contre la d\u00e9sertification au Sahel. <i>Avant, elle \u00e9tait uniquement per\u00e7ue comme un bailleur de fonds pour aider les pays les plus impact\u00e9s, maintenant elle fait vraiment partie du groupe, c\u2019est symbolique mais \u00e7a permet de renforcer le multilat\u00e9ralisme.<small class=\"fine d-inline\">\u00a0<\/small>\u00bb<\/i><\/p>\n<h2 class=\"spip\">La d\u00e9sertification, pas encore une fatalit\u00e9<\/h2>\n<p>Concr\u00e8tement, la France devra rendre compte tous les quatre ans de la situation de ses territoires affect\u00e9s, de pr\u00e9senter les mesures adopt\u00e9es pour faire face \u00e0 ce ph\u00e9nom\u00e8ne \u2014\u00a0un plan d\u2019action contre la d\u00e9sertification\u00a0\u2014 et les effets de ces mesures d\u2019att\u00e9nuation et d\u2019adaptation.<\/p>\n<p>Enfin, cette d\u00e9cision pourrait encourager les recherches scientifiques sur la qualit\u00e9 des sols et des sous-sols sur le territoire. Si beaucoup de chercheurs fran\u00e7ais travaillent sur la question de la d\u00e9sertification, ils op\u00e8rent quasi exclusivement dans les pays du Sud.<\/p>\n<p><i>\u00ab<small class=\"fine d-inline\">\u00a0<\/small>La d\u00e9sertification n\u2019est pas une fatalit\u00e9<\/i>, insiste Nicolas Gross, <i>on peut agir.<\/i> Pour contrebalancer les effets des s\u00e9cheresses, <i>il faut pr\u00e9venir la d\u00e9gradation des sols, prot\u00e9ger la biodiversit\u00e9, tant animale que v\u00e9g\u00e9tale, car elle joue un r\u00f4le essentiel dans la r\u00e9silience des \u00e9cosyst\u00e8mes face aux s\u00e9cheresses et \u00e0 l\u2019aridit\u00e9 croissante<\/i>, d\u00e9taille-t-il. <i>Cela implique de repenser les pratiques agricoles dans un cadre agro\u00e9cologique soutenu par des choix politiques forts<\/i>. Et surtout, ajoute-t-il, <i>on ne gagnera pas la lutte contre la d\u00e9sertification si on n\u2019enraie pas le d\u00e9clin de la biodiversit\u00e9 et que l\u2019on ne r\u00e9duit pas nos \u00e9missions de gaz \u00e0 effet de serre, les trois sont intrins\u00e8quement li\u00e9s<small class=\"fine d-inline\">\u00a0<\/small>\u00bb<\/i>.<\/p>\n<aside class=\"boite_encarts\">\n<div class=\"encart encart_gris noprint\">\n<p><strong>Il est de retour.<\/strong><\/p>\n<p>Dans quelques semaines, Donald Trump se r\u00e9-installera \u00e0 la Maison Blanche.<\/p>\n<p>Un milliardaire, pour qui le r\u00e9chauffement climatique est \u00ab<small class=\"fine d-inline\">\u00a0<\/small>un canular<small class=\"fine d-inline\">\u00a0<\/small>\u00bb, sera \u00e0 la t\u00eate de la plus grande puissance mondiale.<\/p>\n<p>Dans une d\u00e9cennie cruciale pour l\u2019\u00e9cologie, nous ne pouvons pas nous permettre de perdre plus de temps.<\/p>\n<p>La soci\u00e9t\u00e9 civile doit continuer de se soulever, de se mobiliser et de faire pression sur les puissants.<\/p>\n<p>Mais pour agir, il faut savoir.<\/p>\n<p><strong>Depuis 11 ans, nous publions des articles de qualit\u00e9 sur l\u2019\u00e9cologie, en acc\u00e8s libre et sans publicit\u00e9, pour tous.<\/strong><\/p>\n<p>Nous avons la conviction que l\u2019urgence \u00e9cologique est l\u2019enjeu majeur de notre \u00e9poque.<br class=\"autobr\"\/><br \/>\n Et comme plus de 2 millions de lectrices et lecteurs chaque mois, vous partagez sans doute cette conviction&#8230;<\/p>\n<p>Alors si vous en avez les moyens, sachez qu\u2019un don, m\u00eame d\u20191\u20ac, est un acte de soutien fort pour l\u2019\u00e9cologie et le journalisme ind\u00e9pendant.<br class=\"autobr\"\/><br \/>\n (Et \u00e7a vous prendra moins de temps que la lecture de ce texte).<\/p>\n<p><strong>Si vous le pouvez, choisissez un soutien mensuel. Merci.<\/strong><\/p>\n<p><a target=\"_blank\" href=\"https:\/\/reporterre.net\/dons\" class=\"bt_soutenir\">Je soutiens <i>Reporterre<\/i><\/a><\/p>\n<\/p><\/div>\n<div class=\"encart encart_vert noprint montre_1023\">\n<div class=\"infolettre-form-container noprint\">\n<p>Abonnez-vous \u00e0 la lettre d\u2019info de Reporterre<\/p>\n<\/div><\/div>\n<\/aside>\n<aside class=\"boite_apresarticle encart_note\">\n<h4>Apr\u00e8s cet article<\/h4>\n<p>      <a target=\"_blank\" href=\"https:\/\/reporterre.net\/La-lutte-contre-la-desertification-est-bien-plus-rentable-que-l-inaction-selon-l-ONU\" class=\"lien_article\">\n      <picture class=\"vignette_gauche\"><source type=\"image\/webp\" srcset=\"https:\/\/reporterre.net\/https:\/\/reporterre.net\/local\/cache-gd2\/c7\/239702e6b0e0d611a8b5a1c6d209b0.jpg@.webp?1733246350\"><img decoding=\"async\" src=\"https:\/\/reporterre.net\/local\/cache-gd2\/c7\/239702e6b0e0d611a8b5a1c6d209b0.jpg?1733246350\" width=\"450\" height=\"300\" alt=\"\" class=\"marge12\" loading=\"lazy\"\/><br \/>\n<\/source><\/picture>\n<p class=\"libelle\">\n<p>      Climat\n    <\/p>\n<p class=\"titre pol20\">La lutte contre la d\u00e9sertification est bien plus rentable que l\u2019inaction, selon l\u2019<span class=\"caps\">ONU<\/span><\/p>\n<p>      <\/a><br \/>\n    <\/aside>\n<aside class=\"boite_complement texte\">\n<p>      <!-- zone_forum --><br \/>\n          <\/aside>\n<aside class=\"boite_lireaussi noprint\">\n<\/aside>\n<aside class=\"colonne\">\n<div class=\"article_info cache_1023 noprint\">\n<p>    <span class=\"date\">6 d\u00e9cembre 2024  \u00e0 15h44<\/span><\/p>\n<p class=\"duree_lecture\">\n        Dur\u00e9e de lecture : 5 minutes\n      <\/p>\n<\/p><\/div>\n<div class=\"bloc_infolettre\">\n<div class=\"infolettre-form-container noprint\">\n<p>Abonnez-vous \u00e0 la lettre d\u2019info de Reporterre<\/p>\n<\/div><\/div>\n<\/aside>\n<div id=\"galerie\">\n  <img decoding=\"async\" src=\"\" class=\"principale\" id=\"principale\"\/><\/p>\n<p id=\"legende\">legende<\/p>\n<\/div>\n<footer class=\"noprint\">\n<\/footer>\n<\/div>\n<p><br \/>\n<br \/><a href=\"https:\/\/reporterre.net\/La-France-rejoint-les-pays-touches-par-la-desertification\" target=\"_blank\"\">Source link <\/a><\/p>\n","protected":false},"excerpt":{"rendered":"<p>6 d\u00e9cembre 2024 \u00e0 15h44 Dur\u00e9e de lecture : 5 minutes La d\u00e9sertification a longtemps \u00e9t\u00e9 circonscrite aux pays du Sud. La probl\u00e9matique est pourtant mondiale, et c\u2019est tout l\u2019enjeu&hellip; <\/p>\n","protected":false},"author":1,"featured_media":1677,"comment_status":"open","ping_status":"open","sticky":false,"template":"","format":"standard","meta":{"footnotes":""},"categories":[1],"tags":[],"class_list":["post-1676","post","type-post","status-publish","format-standard","has-post-thumbnail","hentry","category-non-classe"],"_links":{"self":[{"href":"https:\/\/monde25.info\/index.php\/wp-json\/wp\/v2\/posts\/1676","targetHints":{"allow":["GET"]}}],"collection":[{"href":"https:\/\/monde25.info\/index.php\/wp-json\/wp\/v2\/posts"}],"about":[{"href":"https:\/\/monde25.info\/index.php\/wp-json\/wp\/v2\/types\/post"}],"author":[{"embeddable":true,"href":"https:\/\/monde25.info\/index.php\/wp-json\/wp\/v2\/users\/1"}],"replies":[{"embeddable":true,"href":"https:\/\/monde25.info\/index.php\/wp-json\/wp\/v2\/comments?post=1676"}],"version-history":[{"count":0,"href":"https:\/\/monde25.info\/index.php\/wp-json\/wp\/v2\/posts\/1676\/revisions"}],"wp:featuredmedia":[{"embeddable":true,"href":"https:\/\/monde25.info\/index.php\/wp-json\/wp\/v2\/media\/1677"}],"wp:attachment":[{"href":"https:\/\/monde25.info\/index.php\/wp-json\/wp\/v2\/media?parent=1676"}],"wp:term":[{"taxonomy":"category","embeddable":true,"href":"https:\/\/monde25.info\/index.php\/wp-json\/wp\/v2\/categories?post=1676"},{"taxonomy":"post_tag","embeddable":true,"href":"https:\/\/monde25.info\/index.php\/wp-json\/wp\/v2\/tags?post=1676"}],"curies":[{"name":"wp","href":"https:\/\/api.w.org\/{rel}","templated":true}]}}