{"id":168,"date":"2024-11-15T10:44:43","date_gmt":"2024-11-15T09:44:43","guid":{"rendered":"https:\/\/monde25.info\/index.php\/2024\/11\/15\/une-alliance-droite-extreme-droite-dirigee-contre-la-planete\/"},"modified":"2024-11-15T10:44:43","modified_gmt":"2024-11-15T09:44:43","slug":"une-alliance-droite-extreme-droite-dirigee-contre-la-planete","status":"publish","type":"post","link":"https:\/\/monde25.info\/index.php\/2024\/11\/15\/une-alliance-droite-extreme-droite-dirigee-contre-la-planete\/","title":{"rendered":"\u00ab\u00a0Une alliance droite-extr\u00eame droite dirig\u00e9e contre la plan\u00e8te\u00a0\u00bb"},"content":{"rendered":"<p> <br \/>\n<\/p>\n<div>\n<p>Marie Toussaint est membre des \u00c9cologistes et d\u00e9put\u00e9e europ\u00e9enne au sein du groupe des Verts\/Alliance libre europ\u00e9enne.<\/p>\n<p><strong>Reporterre \u2014 Le Parlement europ\u00e9en a approuv\u00e9 le report d\u2019un an de <a target=\"_blank\" href=\"https:\/\/reporterre.net\/La-loi-anti-deforestation-repoussee-d-un-an-par-l-Europe\" class=\"spip_in\">la loi contre la d\u00e9forestation import\u00e9e en Europe<\/a> ainsi que plusieurs amendements affaiblissant son contenu. Ce r\u00e8glement doit interdire la commercialisation, dans l\u2019Union europ\u00e9enne (<span class=\"caps\">UE<\/span>), de certains produits (cacao, caf\u00e9, soja, huile de palme, etc.) provenant de terres d\u00e9bois\u00e9es apr\u00e8s d\u00e9cembre 2020. Quelle est votre r\u00e9action<small class=\"fine d-inline\">\u00a0<\/small>?<\/strong><\/p>\n<p><strong>Marie Toussaint \u2014<\/strong> Je suis scandalis\u00e9e \u00e0 plusieurs titres. \u00c0 l\u2019heure o\u00f9 les importations de l\u2019Union europ\u00e9enne sont responsables de 16<small class=\"fine d-inline\">\u00a0<\/small>% de la d\u00e9forestation mondiale, et alors m\u00eame que l\u2019<span class=\"caps\">UE<\/span> veut signer d\u2019ici la fin de l\u2019ann\u00e9e <a target=\"_blank\" href=\"https:\/\/reporterre.net\/Accord-UE-Mercosur-l-opposition-de-facade-d-Emmanuel-Macron\">un accord de libre-\u00e9change avec les pays du Mercosur<\/a>, reporter d\u2019un an cette loi est dramatique\u00a0: au moment m\u00eame o\u00f9 le d\u00e9r\u00e8glement climatique s\u2019acc\u00e9l\u00e8re et o\u00f9 les puits de carbone s\u2019effondrent, cela revient \u00e0 laisser partir en fum\u00e9e l\u2019\u00e9quivalent de plus de 800 000 terrains de foot de for\u00eats.<\/p>\n<p>Par ailleurs, les amendements du Parti populaire europ\u00e9en (<span class=\"caps\">PPE<\/span>) posent un double probl\u00e8me\u00a0: l\u2019un d\u2019eux propose par exemple de cr\u00e9er une cat\u00e9gorie de pays consid\u00e9r\u00e9s comme <i>\u00ab<small class=\"fine d-inline\">\u00a0<\/small>z\u00e9ro risque<small class=\"fine d-inline\">\u00a0<\/small>\u00bb<\/i>, qui ne seraient <i>a fortiori<\/i> pas tenus de respecter certaines obligations de ce r\u00e8glement. Or, aucun \u00c9tat n\u2019est d\u00e9nu\u00e9 de risques en mati\u00e8re de d\u00e9forestation. La droite l\u2019a en outre fait avec le soutien et les applaudissements appuy\u00e9s de l\u2019extr\u00eame droite. Il s\u2019agit donc d\u2019une rupture totale du cordon sanitaire.<\/p>\n<p>On voit l\u00e0 une alliance dirig\u00e9e contre la plan\u00e8te, laquelle m\u00e8ne une bataille culturelle extr\u00eamement construite contre les politiques \u00e9cologistes. Le tout avec le soutien de gros lobbies du bois, du cacao ou encore du soja\u00a0: le Copa-Cogeca <i>[Comit\u00e9 des organisations professionnelles agricoles de l\u2019<span class=\"caps\">UE<\/span>, soit l\u2019\u00e9quivalent europ\u00e9en de la <span class=\"caps\">FNSEA<\/span>]<\/i> a par exemple largement attaqu\u00e9 cette loi contre la d\u00e9forestation.<\/p>\n<p><strong>Est-ce \u00e0 dire que la droite et l\u2019extr\u00eame droite europ\u00e9ennes sont les bras arm\u00e9s des entreprises climaticides<small class=\"fine d-inline\">\u00a0<\/small>?<\/strong><\/p>\n<p>Elles vont m\u00eame plus loin\u00a0: m\u00eame si certains l\u2019ont sans doute fait, je n\u2019ai vu aucun lobby demander un report de deux ans de la loi, ce qu\u2019avait d\u2019abord fait la droite europ\u00e9enne avant de renoncer [et revenir \u00e0 un report de un an] face \u00e0 notre pression et \u00e0 la mobilisation citoyenne et scientifique. La droite europ\u00e9enne fait donc du z\u00e8le dans sa bataille contre l\u2019environnement.<\/p>\n<blockquote class=\"spip\">\n<p>\u00ab<small class=\"fine d-inline\">\u00a0<\/small>Cette droite est totalement sous l\u2019influence de l\u2019extr\u00eame droite<small class=\"fine d-inline\">\u00a0<\/small>\u00bb<\/p>\n<\/blockquote>\n<p>Cette droite, qui depuis deux-trois ans fait circuler l\u2019id\u00e9e selon laquelle les normes environnementales seraient la cause de tous les maux europ\u00e9ens, est par ailleurs totalement sous l\u2019influence de l\u2019extr\u00eame droite, sans que cela n\u2019ait donn\u00e9 un v\u00e9ritable r\u00e9sultat \u00e9lectoral\u00a0: plus la droite court apr\u00e8s l\u2019extr\u00eame droite, plus cette derni\u00e8re re\u00e7oit des voix. C\u2019est dramatique, tant pour les questions environnementales que pour les questions sociales et d\u00e9mocratiques, qui vont toutes de pair.<\/p>\n<p>Cette loi sur la d\u00e9forestation est d\u2019ailleurs l\u2019incarnation du fait que les enjeux sociaux et environnementaux sont les m\u00eames\u00a0: c\u2019est un enjeu tant pour les peuples qui vivent dans la for\u00eat et pour les petits producteurs du Br\u00e9sil, d\u2019Indon\u00e9sie, etc., que pour les producteurs europ\u00e9ens et pour les for\u00eats du monde.<\/p>\n<p><strong>Au regard des forces en pr\u00e9sence au sein du Parlement europ\u00e9en, cet affaiblissement de la loi sur la d\u00e9forestation est-il la porte ouverte \u00e0 un d\u00e9tricotage de tous les textes environnementaux au sein de l\u2019<span class=\"caps\">UE<\/span><small class=\"fine d-inline\">\u00a0<\/small>? <\/strong><\/p>\n<p>Il s\u2019agit en effet d\u2019un appel au d\u00e9tricotage du Pacte vert. Une fois que l\u2019on a ouvert un texte, tout devient possible, car des amendements peuvent \u00eatre d\u00e9pos\u00e9s. La pr\u00e9sidente de la Commission europ\u00e9enne Ursula von der Leyen, issue des rangs de la droite, a aussi annonc\u00e9 vouloir r\u00e9viser la <i>\u00ab<small class=\"fine d-inline\">\u00a0<\/small>directive habitats<small class=\"fine d-inline\">\u00a0<\/small>\u00bb<\/i> afin <a target=\"_blank\" href=\"https:\/\/www.touteleurope.eu\/environnement\/les-etats-membres-de-l-ue-s-accordent-pour-abaisser-le-statut-de-protection-du-loup\/#:~:text=Cette%20\u201cdirective%20habitats\u201d%2C%20adopt\u00e9e,qui%20comporte%20d\u00e9j\u00e0%20quelques%20d\u00e9rogations.\" class=\"spip_out\" rel=\"external\">d\u2019abaisser le statut de protection du loup<\/a>. Il est \u00e9vident que des amendements concernant d\u2019autres esp\u00e8ces, voire m\u00eame les zones Natura 2\u00a0000, vont \u00eatre d\u00e9pos\u00e9s. Nous sommes entr\u00e9s dans l\u2019\u00e8re du grand recul environnemental, contre laquelle il va falloir se battre.<\/p>\n<p><strong>De quelle mani\u00e8re<small class=\"fine d-inline\">\u00a0<\/small>?<\/strong><\/p>\n<p>On ne cessera d\u2019appeler \u00e0 exclure l\u2019extr\u00eame droite de toute discussion d\u00e9mocratique. Il faut r\u00e9tablir le cordon sanitaire qui \u00e9tait en vigueur au Parlement europ\u00e9en jusqu\u2019\u00e0 il y a encore quelques mois\u00a0: la droite doit rompre ses liens, qu\u2019ils soient institutionnels ou id\u00e9ologiques, avec l\u2019extr\u00eame droite.<\/p>\n<p>Nous avons \u00e9galement besoin de recr\u00e9er toute la capacit\u00e9 de r\u00e9sistance et de mobilisation avec la soci\u00e9t\u00e9 civile. C\u2019est ce que l\u2019on a fait pour ce texte sur la d\u00e9forestation, ce qui a permis le retrait d\u2019un certain nombre d\u2019amendements du <span class=\"caps\">PPE<\/span>. Cela veut dire que l\u2019on peut y arriver.<\/p>\n<p>Je crois qu\u2019il existe des cycles\u00a0: en 2019, la grande mobilisation citoyenne pour le climat a donn\u00e9 le Pacte vert et a permis d\u2019avancer sur un certain nombre d\u2019enjeux, et notamment sur cette loi sur la d\u00e9forestation. Cela a pris trois ans aux lobbies et aux opposants de l\u2019\u00e9cologie de relancer la bataille culturelle et politique et de remporter des victoires. Nous pouvons faire la m\u00eame chose. Il est de notre responsabilit\u00e9 de ressouder cette mobilisation, de repartir \u00e0 l\u2019attaque et de mener cette bataille culturelle en sens inverse.<\/p>\n<aside class=\"boite_encarts\">\n<div class=\"encart encart_gris noprint\">\n<p><strong>Il est de retour.<\/strong><\/p>\n<p>Dans quelques semaines, Donald Trump se r\u00e9-installera \u00e0 la Maison Blanche.<\/p>\n<p>Un milliardaire, pour qui le r\u00e9chauffement climatique est \u00ab<small class=\"fine d-inline\">\u00a0<\/small>un canular<small class=\"fine d-inline\">\u00a0<\/small>\u00bb, sera \u00e0 la t\u00eate de la plus grande puissance mondiale.<\/p>\n<p>Dans une d\u00e9cennie cruciale pour l\u2019\u00e9cologie, nous ne pouvons pas nous permettre de perdre plus de temps.<\/p>\n<p>La soci\u00e9t\u00e9 civile doit continuer de se soulever, de se mobiliser et de faire pression sur les puissants.<\/p>\n<p>Mais pour agir, il faut savoir.<\/p>\n<p><strong>Depuis 11 ans, nous publions des articles de qualit\u00e9 sur l\u2019\u00e9cologie, en acc\u00e8s libre et sans publicit\u00e9, pour tous.<\/strong><\/p>\n<p>Nous avons la conviction que l\u2019urgence \u00e9cologique est l\u2019enjeu majeur de notre \u00e9poque.<br class=\"autobr\"\/><br \/>\n Et comme plus de 2 millions de lectrices et lecteurs chaque mois, vous partagez sans doute cette conviction&#8230;<\/p>\n<p>Alors si vous en avez les moyens, sachez qu\u2019un don, m\u00eame d\u20191\u20ac, est un acte de soutien fort pour l\u2019\u00e9cologie et le journalisme ind\u00e9pendant.<br class=\"autobr\"\/><br \/>\n (Et \u00e7a vous prendra moins de temps que la lecture de ce texte).<\/p>\n<p><strong>Si vous le pouvez, choisissez un soutien mensuel. Merci.<\/strong><\/p>\n<p><a target=\"_blank\" href=\"https:\/\/reporterre.net\/dons\" class=\"bt_soutenir\">Je soutiens <i>Reporterre<\/i><\/a><\/p>\n<\/p><\/div>\n<div class=\"encart encart_vert noprint montre_1023\">\n<div class=\"infolettre-form-container noprint\">\n<p>Abonnez-vous \u00e0 la lettre d\u2019info de Reporterre<\/p>\n<\/div><\/div>\n<\/aside>\n<aside class=\"boite_apresarticle encart_note\">\n<h4>Apr\u00e8s cet article<\/h4>\n<p>      <a target=\"_blank\" href=\"https:\/\/reporterre.net\/La-loi-anti-deforestation-repoussee-d-un-an-par-l-Europe\" class=\"lien_article\">\n      <picture class=\"vignette_gauche\"><source type=\"image\/webp\" srcset=\"https:\/\/reporterre.net\/https:\/\/reporterre.net\/local\/cache-gd2\/15\/5b04fd00e2d7af0b2e51aee6a4a5c0.jpg@.webp?1730133539\"><img decoding=\"async\" src=\"https:\/\/reporterre.net\/local\/cache-gd2\/15\/5b04fd00e2d7af0b2e51aee6a4a5c0.jpg?1730133539\" width=\"450\" height=\"300\" alt=\"\" class=\"marge12\" loading=\"lazy\"\/><br \/>\n<\/source><\/picture>\n<p class=\"libelle\">\n<p>      For\u00eats\n    <\/p>\n<p class=\"titre pol20\">La loi anti-d\u00e9forestation repouss\u00e9e d\u2019un an par l\u2019Europe<\/p>\n<p>      <\/a><br \/>\n    <\/aside>\n<aside class=\"boite_complement texte\">\n<p>      <!-- zone_forum --><br \/>\n          <\/aside>\n<aside class=\"boite_lireaussi noprint\">\n<\/aside>\n<aside class=\"colonne\">\n<div class=\"article_info cache_1023 noprint\">\n<p>    <span class=\"date\">15 novembre 2024  \u00e0 09h44<\/span><\/p>\n<p class=\"duree_lecture\">\n        Dur\u00e9e de lecture : 5 minutes\n      <\/p>\n<\/p><\/div>\n<div class=\"bloc_infolettre\">\n<div class=\"infolettre-form-container noprint\">\n<p>Abonnez-vous \u00e0 la lettre d\u2019info de Reporterre<\/p>\n<\/div><\/div>\n<\/aside>\n<div id=\"galerie\">\n  <img decoding=\"async\" src=\"\" class=\"principale\" id=\"principale\"\/><\/p>\n<p id=\"legende\">legende<\/p>\n<\/div>\n<footer class=\"noprint\">\n<\/footer>\n<\/div>\n<p><br \/>\n<br \/><a href=\"https:\/\/reporterre.net\/Report-de-la-loi-contre-la-deforestation-Une-alliance-droite-extreme-droite-dirigee\" target=\"_blank\"\">Source link <\/a><\/p>\n","protected":false},"excerpt":{"rendered":"<p>Marie Toussaint est membre des \u00c9cologistes et d\u00e9put\u00e9e europ\u00e9enne au sein du groupe des Verts\/Alliance libre europ\u00e9enne. Reporterre \u2014 Le Parlement europ\u00e9en a approuv\u00e9 le report d\u2019un an de la&hellip; <\/p>\n","protected":false},"author":1,"featured_media":169,"comment_status":"open","ping_status":"open","sticky":false,"template":"","format":"standard","meta":{"footnotes":""},"categories":[1],"tags":[],"class_list":["post-168","post","type-post","status-publish","format-standard","has-post-thumbnail","hentry","category-non-classe"],"_links":{"self":[{"href":"https:\/\/monde25.info\/index.php\/wp-json\/wp\/v2\/posts\/168","targetHints":{"allow":["GET"]}}],"collection":[{"href":"https:\/\/monde25.info\/index.php\/wp-json\/wp\/v2\/posts"}],"about":[{"href":"https:\/\/monde25.info\/index.php\/wp-json\/wp\/v2\/types\/post"}],"author":[{"embeddable":true,"href":"https:\/\/monde25.info\/index.php\/wp-json\/wp\/v2\/users\/1"}],"replies":[{"embeddable":true,"href":"https:\/\/monde25.info\/index.php\/wp-json\/wp\/v2\/comments?post=168"}],"version-history":[{"count":0,"href":"https:\/\/monde25.info\/index.php\/wp-json\/wp\/v2\/posts\/168\/revisions"}],"wp:featuredmedia":[{"embeddable":true,"href":"https:\/\/monde25.info\/index.php\/wp-json\/wp\/v2\/media\/169"}],"wp:attachment":[{"href":"https:\/\/monde25.info\/index.php\/wp-json\/wp\/v2\/media?parent=168"}],"wp:term":[{"taxonomy":"category","embeddable":true,"href":"https:\/\/monde25.info\/index.php\/wp-json\/wp\/v2\/categories?post=168"},{"taxonomy":"post_tag","embeddable":true,"href":"https:\/\/monde25.info\/index.php\/wp-json\/wp\/v2\/tags?post=168"}],"curies":[{"name":"wp","href":"https:\/\/api.w.org\/{rel}","templated":true}]}}