{"id":1683,"date":"2024-12-07T10:39:34","date_gmt":"2024-12-07T09:39:34","guid":{"rendered":"https:\/\/monde25.info\/index.php\/2024\/12\/07\/le-hezbollah-aurait-envoye-des-renforts-a-homs-pour-soutenir-larmee-de-bachar-al-assad-rt-en-francais\/"},"modified":"2024-12-07T10:39:34","modified_gmt":"2024-12-07T09:39:34","slug":"le-hezbollah-aurait-envoye-des-renforts-a-homs-pour-soutenir-larmee-de-bachar-al-assad-rt-en-francais","status":"publish","type":"post","link":"https:\/\/monde25.info\/index.php\/2024\/12\/07\/le-hezbollah-aurait-envoye-des-renforts-a-homs-pour-soutenir-larmee-de-bachar-al-assad-rt-en-francais\/","title":{"rendered":"Le Hezbollah aurait envoy\u00e9 des renforts \u00e0 Homs pour soutenir l&rsquo;arm\u00e9e de Bachar al-Assad \u2014 RT en fran\u00e7ais"},"content":{"rendered":"<p> <br \/>\n<br \/><img decoding=\"async\" src=\"https:\/\/mf.b37mrtl.ru\/french\/images\/2024.12\/thumbnail\/6754101c87f3ec2e1058a78b.jpg\" \/><\/p>\n<div>\n<p class=\"text__summary\">\n                                        Un petit nombre de \u00abforces de supervision\u00bb a \u00e9t\u00e9 envoy\u00e9 par le Hezbollah \u00e0 Homs pour contrer l&rsquo;offensive djihadiste en Syrie, rapportent plusieurs sources libanaises \u00e0 l&rsquo;agence Reuters. Le leader du parti chiite, Na\u00efm Qassem, a \u00e9galement fait savoir que le mouvement \u00e9tait pr\u00eat \u00e0 aider Damas en fonction de ses moyens.\n                                    <\/p>\n<p>H\u00e9sitant jusque-l\u00e0, le Hezbollah aurait fini par trancher. Le mouvement chiite libanais\u00a0a envoy\u00e9 en Syrie un petit nombre de \u00abforces de supervision\u00bb afin d&rsquo;aider \u00e0 emp\u00eacher les combattants djihadistes de prendre la ville strat\u00e9gique de Homs, a-t-on appris le 6 d\u00e9cembre de deux sources de s\u00e9curit\u00e9 libanaises de haut rang.<\/p>\n<p>\u00abHoms ne doit pas tomber\u00bb, a affirm\u00e9 <a target=\"_blank\" href=\"https:\/\/www.reuters.com\/world\/middle-east\/hezbollah-sent-supervising-forces-syrias-homs-sources-say-2024-12-06\/\" target=\"_blank\" rel=\"noopener noreferrer\">l&rsquo;agence<\/a> Reuters, citant l&rsquo;une des sources et ajoutant que des officiers sup\u00e9rieurs avaient \u00e9t\u00e9 d\u00e9p\u00each\u00e9s pendant la nuit pour superviser certains combattants du Hezbollah qui se trouvaient d\u00e9j\u00e0 depuis des ann\u00e9es en Syrie pr\u00e8s de la fronti\u00e8re libanaise. Un officier syrien et deux responsables r\u00e9gionaux proches de T\u00e9h\u00e9ran ont aussi indiqu\u00e9 que des forces d&rsquo;\u00e9lite du Hezbollah \u00e9taient pass\u00e9es du Liban en Syrie et avaient pris position \u00e0 Homs.<\/p>\n<h2>Le Hezbollah pointe du doigt la responsabilit\u00e9 d&rsquo;Isra\u00ebl et des \u00c9tats-Unis<\/h2>\n<p>Depuis le d\u00e9but de l&rsquo;offensive djihadiste dans le nord de la Syrie \u00e0 Alep, \u00e0 Hama et maintenant \u00e0 Homs, le Hezbollah est rest\u00e9 quelque peu discret sur ses r\u00e9elles intentions \u00e0 l&rsquo;\u00e9gard de Bachar al-Assad. Le mouvement chiite a aid\u00e9 le pr\u00e9sident syrien en envoyant plusieurs milliers de combattants \u00e0 partir de 2013. Or, l&rsquo;organisation pro-iranienne vient de sortir d&rsquo;une guerre ouverte de deux mois tr\u00e8s destructrice contre l&rsquo;arm\u00e9e isra\u00e9lienne.<\/p>\n<p>Dans son allocution du 5 d\u00e9cembre, le chef de l&rsquo;organisation chiite libanaise,\u00a0Na\u00efm Qassem, a d\u00e9clar\u00e9\u00a0que le parti soutiendrait Damas\u00a0\u00abselon ses moyens pour stopper cette agression\u00bb, en r\u00e9f\u00e9rence \u00e0 l&rsquo;offensive djihadiste qui s&rsquo;abat sur le nord de la Syrie depuis le 27 novembre.<\/p>\n<p>\u00abL&rsquo;agression en Syrie est soutenue par les \u00c9tats-Unis et Isra\u00ebl\u00bb, a martel\u00e9 le leader du Hezbollah. \u00abCes groupes takfiristes [sunnites radicaux] sont des outils qu&rsquo;ils utilisent pour tenter de d\u00e9truire la Syrie\u00bb, a-t-il ajout\u00e9. Na\u00efm Qassem a donc tranch\u00e9 en d\u00e9clarant : \u00abNous serons aux c\u00f4t\u00e9s de la Syrie selon nos moyens pour faire stopper cette agression.\u00bb<\/p>\n<\/div>\n<p><br \/>\n<br \/><a href=\"https:\/\/francais.rt.com\/international\/115194-hezbollah-aurait-envoye-renforts-homs-soutenir-bachar-al-assad\" target=\"_blank\"\">Source link <\/a><\/p>\n","protected":false},"excerpt":{"rendered":"<p>Un petit nombre de \u00abforces de supervision\u00bb a \u00e9t\u00e9 envoy\u00e9 par le Hezbollah \u00e0 Homs pour contrer l&rsquo;offensive djihadiste en Syrie, rapportent plusieurs sources libanaises \u00e0 l&rsquo;agence Reuters. Le leader&hellip; <\/p>\n","protected":false},"author":1,"featured_media":1684,"comment_status":"open","ping_status":"open","sticky":false,"template":"","format":"standard","meta":{"footnotes":""},"categories":[1],"tags":[],"class_list":["post-1683","post","type-post","status-publish","format-standard","has-post-thumbnail","hentry","category-non-classe"],"_links":{"self":[{"href":"https:\/\/monde25.info\/index.php\/wp-json\/wp\/v2\/posts\/1683","targetHints":{"allow":["GET"]}}],"collection":[{"href":"https:\/\/monde25.info\/index.php\/wp-json\/wp\/v2\/posts"}],"about":[{"href":"https:\/\/monde25.info\/index.php\/wp-json\/wp\/v2\/types\/post"}],"author":[{"embeddable":true,"href":"https:\/\/monde25.info\/index.php\/wp-json\/wp\/v2\/users\/1"}],"replies":[{"embeddable":true,"href":"https:\/\/monde25.info\/index.php\/wp-json\/wp\/v2\/comments?post=1683"}],"version-history":[{"count":0,"href":"https:\/\/monde25.info\/index.php\/wp-json\/wp\/v2\/posts\/1683\/revisions"}],"wp:featuredmedia":[{"embeddable":true,"href":"https:\/\/monde25.info\/index.php\/wp-json\/wp\/v2\/media\/1684"}],"wp:attachment":[{"href":"https:\/\/monde25.info\/index.php\/wp-json\/wp\/v2\/media?parent=1683"}],"wp:term":[{"taxonomy":"category","embeddable":true,"href":"https:\/\/monde25.info\/index.php\/wp-json\/wp\/v2\/categories?post=1683"},{"taxonomy":"post_tag","embeddable":true,"href":"https:\/\/monde25.info\/index.php\/wp-json\/wp\/v2\/tags?post=1683"}],"curies":[{"name":"wp","href":"https:\/\/api.w.org\/{rel}","templated":true}]}}