{"id":1693,"date":"2024-12-07T13:59:48","date_gmt":"2024-12-07T12:59:48","guid":{"rendered":"https:\/\/monde25.info\/index.php\/2024\/12\/07\/immersion-dans-4-espaces-de-lutte-sociales\/"},"modified":"2024-12-07T13:59:48","modified_gmt":"2024-12-07T12:59:48","slug":"immersion-dans-4-espaces-de-lutte-sociales","status":"publish","type":"post","link":"https:\/\/monde25.info\/index.php\/2024\/12\/07\/immersion-dans-4-espaces-de-lutte-sociales\/","title":{"rendered":"Immersion dans 4 espaces de lutte sociales"},"content":{"rendered":"<p> <br \/>\n<\/p>\n<div>\n<h3 style=\"text-align: left;\"><strong>Apr\u00e8s avoir dress\u00e9 le constat d\u2019une soci\u00e9t\u00e9 extr\u00eamement malade, in\u00e9galitaire et violente, il \u00e9tait temps de mettre en lumi\u00e8re ces tiers-lieux qui \u0153uvrent, loin des cam\u00e9ras, pour une soci\u00e9t\u00e9 plus s\u00fbre. Quatre espaces qui nous emp\u00eachent de c\u00e9der au d\u00e9sespoir et des initiatives qui prouvent que \u2013 rupture politique et social entam\u00e9e -, des collectifs se tiennent pr\u00eats \u00e0 offrir des mod\u00e8les de soci\u00e9t\u00e9 d\u00e9sirables.<\/strong><\/h3>\n<p style=\"text-align: left;\">Pour la 3\u00e8me ann\u00e9e de suite, <strong>Fsoci\u00e9t\u00e9 sort\u00a0<a target=\"_blank\" href=\"https:\/\/fr.tipeee.com\/fs3\">sa revue annuelle<\/a>,<\/strong> cette fois-ci le jeune m\u00e9dia est all\u00e9 \u00e0 la rencontre des acteurs et actrices du changement social.<\/p>\n<p style=\"text-align: left;\">Dans ce billet pour Mr Mondialisation, il propose une br\u00e8ve immersion dans les reportages de ce dernier num\u00e9ro,<strong> dont le financement se termine le 13 d\u00e9cembre.<\/strong> La collecte est <a target=\"_blank\" href=\"https:\/\/fr.tipeee.com\/fs3\">accessible ici<\/a>, l\u2019occasion de soutenir un coll\u00e8gue totalement ind\u00e9pendant \u00e0 financer l\u2019impression d\u2019un magazine et <strong>la mise en lumi\u00e8re de ces activistes qui luttent pour d\u00e9fendre nos libert\u00e9s.<\/strong><\/p>\n<p style=\"text-align: left;\"><img fetchpriority=\"high\" decoding=\"async\" class=\"wp-image-1186 aligncenter\" style=\"text-align: center;\" src=\"https:\/\/fsociete.fr\/wp-content\/uploads\/2024\/12\/FSPadoueMRM-1024x708.jpg\" alt=\"\" width=\"1166\" height=\"806\"\/><\/p>\n<h2 class=\"wp-block-heading\" style=\"text-align: left;\"><strong>\u00ab\u00a0Not safe but safer\u00a0\u00bb : rencontre avec Padov-HA!<\/strong><\/h2>\n<p style=\"text-align: left;\">La<strong> culture Ballroom <\/strong>h\u00e9rit\u00e9e des battles de danse de rue s\u2019est diffus\u00e9e \u00e0 New York et ses environs dans les ann\u00e9es 1960 et 1970. Les actrices de ce changement \u00e9taient d\u2019abord les femmes transgenres de la ville. Des manifestations avaient d\u00e9j\u00e0 eu lieu dans les ann\u00e9es 1920, mais elles concernaient des groupes compos\u00e9s presque exclusivement de Blancs. Les Noirs, s\u2019ils \u00e9taient admis, devaient souvent se maquiller en blanc.<\/p>\n<blockquote><p>&#13;<\/p>\n<p><strong>les Noirs homosexuels <em>\u00ab<\/em><em>\u00a0passent de la culpabilit\u00e9 et des excuses \u00e0 des sentiments d\u2019acceptation de soi et de fiert\u00e9 \u00bb.<\/em><\/strong><\/p>\n<p>&#13;\n<\/p><\/blockquote>\n<p style=\"text-align: left;\">\u00c0 la suite des \u00e9v\u00e9nements de Stonewall, on assiste \u00e0 un changement de paradigme : <strong>les Noirs homosexuels <em>\u00ab modifient leur perception d\u2019eux-m\u00eames au sein de la sous-culture<\/em><em> : ils passent de la culpabilit\u00e9 et des excuses \u00e0 des sentiments d\u2019acceptation de soi et de fiert\u00e9 \u00bb.<\/em><\/strong><\/p>\n<p><iframe loading=\"lazy\" title=\"Le voguing expliqu\u00e9 en mots-cl\u00e9s\" width=\"1110\" height=\"624\" src=\"https:\/\/www.youtube.com\/embed\/SuxSY5lXIiQ?feature=oembed\" frameborder=\"0\" allow=\"accelerometer; autoplay; clipboard-write; encrypted-media; gyroscope; picture-in-picture; web-share\" referrerpolicy=\"strict-origin-when-cross-origin\" allowfullscreen><\/iframe><\/p>\n<p style=\"text-align: left;\">Les salles de Ballroom deviennent ainsi <strong>un espace s\u00fbr pour les personnes queer noires et latinas,<\/strong> marginalis\u00e9es non seulement par la soci\u00e9t\u00e9, mais aussi par leur famille biologique. Ce n\u2019est pas un hasard si les groupes sont appel\u00e9s <strong>\u00ab maison \u00bb ou \u00ab famille \u00bb<\/strong> et sont dirig\u00e9s par <strong>des \u00ab p\u00e8res \u00bb et des \u00ab m\u00e8res \u00bb.<\/strong> C\u2019est un lexique qui exprime bien<strong> la n\u00e9cessit\u00e9 de reconstruire une fronti\u00e8re de protection et d\u2019accueil.<\/strong><\/p>\n<p style=\"text-align: left;\">Les participantes <strong>\u00ab\u00a0marchent\u00a0\u00bb<\/strong> (dans le jargon du Ballroom, c\u2019est-\u00e0-dire d\u00e9filent), concourant dans des cat\u00e9gories impliquant diff\u00e9rents modes d\u2019expression dans des comp\u00e9titions o\u00f9 elles ambitionnent de remporter des prix. Les performances vont de<strong> la danse \u00e0 la pose, de l\u2019interpr\u00e9tation \u00e0 la transfiguration du personnage. <\/strong><\/p>\n<p style=\"text-align: left;\">Surtout, les performances dans les balls et les \u00e9v\u00e9nements organis\u00e9s rendent possible<strong> la repr\u00e9sentation de soi dans un horizon lib\u00e9r\u00e9 des contraintes de la soci\u00e9t\u00e9 traditionnelle.<\/strong><\/p>\n<h2 class=\"wp-block-heading\" style=\"text-align: left;\"><strong>Le bien-\u00eatre accessible \u00e0 tous, l\u2019ambition du projet Passi<\/strong><\/h2>\n<p><img loading=\"lazy\" decoding=\"async\" class=\"wp-image-1159\" style=\"margin-bottom: 0px;\" src=\"http:\/\/fsociete.fr\/wp-content\/uploads\/2024\/08\/360141437_17912442164784793_3700763372608185719_n.jpg\" alt=\"\" width=\"1273\" height=\"715\"\/><\/p>\n<div class=\"td-a-rec td-a-rec-id-content_inlineright  tdi_1 td_block_template_1\">\n<span class=\"td-adspot-title\">&#8211; Pour une information libre ! &#8211;<\/span><a target=\"_blank\" href=\"https:\/\/fr.tipeee.com\/mr-mondialisation\" class=\"tipeee-project-small\">Soutenir Mr Japanization sur Tipeee<\/a>\n<\/div>\n<p style=\"text-align: left;\">Le <a target=\"_blank\" href=\"https:\/\/mrmondialisation.org\/danse-sante-migration\/\">projet Passi,<\/a> n\u00e9 \u00e0 Padoue en Italie, est une initiative \u201cOne Bridge to\u201d imagin\u00e9e par des psychologues visant \u00e0 <strong>prendre soin de notre sant\u00e9 psychophysique.<\/strong><\/p>\n<p style=\"text-align: left;\">Au-del\u00e0 d\u2019une nouvelle proposition de la pratique du bien-\u00eatre par<strong> la socialisation et le mouvement corporel,<\/strong> le Projet Passi repose sur des bases fondamentales<strong> d\u2019inclusivit\u00e9 et de soutien aux populations les plus vuln\u00e9rables,<\/strong> en menant notamment des missions dans <strong>un camp de r\u00e9fugi\u00e9s \u00e0 Corinthe en Gr\u00e8ce.<\/strong> Nous avons eu la chance de participer \u00e0 deux sessions et d\u2019\u00e9changer avec plusieurs membres du collectif.<\/p>\n<p style=\"text-align: left;\">Le mouvement est le ma\u00eetre mot du projet PASSI, dont le sigle signifie pr\u00e9cis\u00e9ment <strong>\u201cParcours Alternatifs Soutien-psychologique, Socio et Interculturel\u201d.<\/strong> \u201cPassi\u201d signifie d\u2019ailleurs \u201cdes pas\u201d en italien. Un nom qui \u00e9voque \u00e0 la fois la forme des activit\u00e9s que propose l\u2019association \u2013 \u00e0 savoir<strong> la mise en mouvement des corps -, <\/strong>mais aussi le public cibl\u00e9 :<strong> celui des r\u00e9fugi\u00e9s<\/strong>, populations en mouvement, contraintes de fuir leur pays, leur culture et leur famille.<\/p>\n<h2 class=\"wp-block-heading\" style=\"text-align: left;\"><strong>\u201cSpazio Catai\u201d : foyer italien de la r\u00e9sistance palestinienne<\/strong><\/h2>\n<figure id=\"attachment_660216\" aria-describedby=\"caption-attachment-660216\" style=\"width: 1080px\" class=\"wp-caption alignnone\"><img loading=\"lazy\" decoding=\"async\" class=\"size-full wp-image-660216\" src=\"https:\/\/mrmondialisation.org\/wp-content\/uploads\/2024\/05\/snapinstaapp-437719737-18426433471005974-6432493500591488692-n-1080-e1716656882241.jpg\" alt=\"\u201cSpazio Catai\u201d : lieu de r\u00e9sistance pour la Palestine en V\u00e9n\u00e9tie\" width=\"1080\" height=\"721\" srcset=\"https:\/\/mrmondialisation.org\/wp-content\/uploads\/2024\/05\/snapinstaapp-437719737-18426433471005974-6432493500591488692-n-1080-e1716656882241.jpg 1080w, https:\/\/mrmondialisation.org\/wp-content\/uploads\/2024\/05\/snapinstaapp-437719737-18426433471005974-6432493500591488692-n-1080-e1716656882241-1024x684.jpg 1024w, https:\/\/mrmondialisation.org\/wp-content\/uploads\/2024\/05\/snapinstaapp-437719737-18426433471005974-6432493500591488692-n-1080-e1716656882241-768x513.jpg 768w, https:\/\/mrmondialisation.org\/wp-content\/uploads\/2024\/05\/snapinstaapp-437719737-18426433471005974-6432493500591488692-n-1080-e1716656882241-696x465.jpg 696w, https:\/\/mrmondialisation.org\/wp-content\/uploads\/2024\/05\/snapinstaapp-437719737-18426433471005974-6432493500591488692-n-1080-e1716656882241-1068x713.jpg 1068w, https:\/\/mrmondialisation.org\/wp-content\/uploads\/2024\/05\/snapinstaapp-437719737-18426433471005974-6432493500591488692-n-1080-e1716656882241-629x420.jpg 629w\" sizes=\"auto, (max-width: 1080px) 100vw, 1080px\"\/><figcaption id=\"caption-attachment-660216\" class=\"wp-caption-text\">\u201cSpazio Catai\u201d : lieu de r\u00e9sistance pour la Palestine en V\u00e9n\u00e9tie<\/figcaption><\/figure>\n<p style=\"text-align: left;\">Padoue, ville universitaire comptant environ 70 000 \u00e9tudiant.es, regorge d\u2019espaces et d\u2019initiatives sociales, solidaires, politiques et culturelles. Parmi elles, <a target=\"_blank\" href=\"https:\/\/mrmondialisation.org\/spazio-catai-resistance-palestine-venetie\/\">le \u201cCatai\u201d,<\/a> qui s\u2019est positionn\u00e9 <strong>en premi\u00e8re ligne de la lutte pour la lib\u00e9ration palestinienne.<\/strong><\/p>\n<p style=\"text-align: left;\">Aujourd\u2019hui, le Catai est bien plus que le si\u00e8ge d\u2019un parti politique, et se d\u00e9finit avant tout par les activit\u00e9s qu\u2019il propose et les initiatives des membres qui le composent. Le nom \u201cCatai\u201d provient d\u2019ailleurs de<strong> l\u2019id\u00e9e de se retrouver, se rencontrer, dans le dialecte v\u00e9nitien.<\/strong><\/p>\n<p style=\"text-align: left;\">Le Catai est \u00e0 la fois un espace, une association et un collectif, mais aussi et surtout <strong><em>\u00ab une attitude et une m\u00e9thode dans l\u2019affrontement, dans la th\u00e9orie et dans la pratique, des questions et des probl\u00e8mes de notre soci\u00e9t\u00e9 \u00bb.<\/em><\/strong><\/p>\n<p style=\"text-align: left;\">Le reportage complet est d\u2019ailleurs \u00e9galement l\u2019occasion de r\u00e9flexions plus g\u00e9n\u00e9rales sur<strong> l\u2019\u00e9volution des mouvements sociaux et leur capacit\u00e9 \u00e0 accompagner le changement social.<\/strong><\/p>\n<p style=\"text-align: left;\">Deux \u00e9tudiants en sociologie y offrent ainsi leur regard hybride sur le mouvement social auquel ils appartiennent : <strong>en tant qu\u2019acteurs militants d\u2019une part, mais aussi en tant qu\u2019analystes auto-critiques.<\/strong> Transformer la soci\u00e9t\u00e9, l\u2019am\u00e9liorer, et \u00e0 plus court terme faire pression sur les instances politiques, voici les objectifs de tout militant. Mais comment y parvenir ?<\/p>\n<h2 class=\"wp-block-heading\" style=\"text-align: left;\"><strong>Pas un f\u00e9minicide de plus, le combat de la Consultoria<\/strong><\/h2>\n<figure id=\"attachment_687864\" aria-describedby=\"caption-attachment-687864\" style=\"width: 2560px\" class=\"wp-caption alignnone\"><img loading=\"lazy\" decoding=\"async\" class=\"size-full wp-image-687864\" src=\"https:\/\/mrmondialisation.org\/wp-content\/uploads\/2024\/10\/img-20240428-184641-scaled.jpg\" alt=\"\" width=\"2560\" height=\"1920\" srcset=\"https:\/\/mrmondialisation.org\/wp-content\/uploads\/2024\/10\/img-20240428-184641-scaled.jpg 2560w, https:\/\/mrmondialisation.org\/wp-content\/uploads\/2024\/10\/img-20240428-184641-1024x768.jpg 1024w, https:\/\/mrmondialisation.org\/wp-content\/uploads\/2024\/10\/img-20240428-184641-1524x1143.jpg 1524w, https:\/\/mrmondialisation.org\/wp-content\/uploads\/2024\/10\/img-20240428-184641-768x576.jpg 768w, https:\/\/mrmondialisation.org\/wp-content\/uploads\/2024\/10\/img-20240428-184641-1536x1152.jpg 1536w, https:\/\/mrmondialisation.org\/wp-content\/uploads\/2024\/10\/img-20240428-184641-2048x1536.jpg 2048w, https:\/\/mrmondialisation.org\/wp-content\/uploads\/2024\/10\/img-20240428-184641-696x522.jpg 696w, https:\/\/mrmondialisation.org\/wp-content\/uploads\/2024\/10\/img-20240428-184641-1068x801.jpg 1068w, https:\/\/mrmondialisation.org\/wp-content\/uploads\/2024\/10\/img-20240428-184641-560x420.jpg 560w, https:\/\/mrmondialisation.org\/wp-content\/uploads\/2024\/10\/img-20240428-184641-80x60.jpg 80w, https:\/\/mrmondialisation.org\/wp-content\/uploads\/2024\/10\/img-20240428-184641-265x198.jpg 265w\" sizes=\"auto, (max-width: 2560px) 100vw, 2560px\"\/><figcaption id=\"caption-attachment-687864\" class=\"wp-caption-text\">\u00ab\u00a0Pas tous les hommes = toujours trop nombreux\u00a0\u00bb. Photo : Fsoci\u00e9t\u00e9.<\/figcaption><\/figure>\n<p style=\"text-align: left;\">Dans l\u2019Italie de Giorgia Meloni, <strong>les droits des femmes sont s\u00e9rieusement menac\u00e9s, particuli\u00e8rement en ce qui concerne l\u2019acc\u00e8s \u00e0 l\u2019avortement.<\/strong> Un r\u00e9trop\u00e9dalage inqui\u00e9tant qui s\u2019oppose \u00e0 l\u2019autod\u00e9termination des femmes. Face aux violences de genre et aux politiques r\u00e9actionnaires, <a target=\"_blank\" href=\"https:\/\/mrmondialisation.org\/en-italie-des-feministes-occupent-un-planning-familial\/\">le mouvement f\u00e9ministe et transf\u00e9ministe italien<\/a> tente de reprendre la main par<strong> l\u2019occupation de l\u2019espace public, mais aussi par l\u2019occupation d\u2019un nouvel espace physique : la Consultoria\u2026 un \u00e9quivalent du planning familial.\u00a0<\/strong><\/p>\n<p>Comme le pr\u00e9cise la gyn\u00e9cologue Marina Toschi, \u00e0 d\u00e9faut de supprimer le droit \u00e0 l\u2019IVG, les gouvernants rendent son acc\u00e8s de plus en plus difficile. Ainsi :<em><strong> \u00ab les structures publiques des consultori sont en net d\u00e9clin dans le pays, contraintes de fermer une \u00e0 une faute de financement par les pouvoirs publics \u00bb. <\/strong><\/em>Comment ces espaces sont-ils r\u00e9investis par les mouvements f\u00e9ministes ? \u00c0 suivre dans la derni\u00e8re revue FSoci\u00e9t\u00e9\u2026<\/p>\n<p style=\"text-align: left;\">Fsoci\u00e9t\u00e9, est <strong>un m\u00e9dia ind\u00e9pendant,<\/strong> en acc\u00e8s libre et sans publicit\u00e9. Pour en savoir plus, ou soutenir son travail : rendez-vous sur<strong> <a target=\"_blank\" href=\"https:\/\/fr.tipeee.com\/fs3\">la pr\u00e9sentation de la collecte.<\/a><\/strong><\/p>\n<p style=\"text-align: right;\"><em>\u2013 Benjamin Remtoula (<a target=\"_blank\" href=\"https:\/\/www.instagram.com\/fsociete_fr\/\" target=\"_blank\" rel=\"noopener\">Fsoci\u00e9t\u00e9<\/a>)<\/em><\/p>\n<div class=\"td-a-rec td-a-rec-id-content_bottom  tdi_2 td_block_template_1\">\n<span class=\"td-adspot-title\">&#8211; Cet article gratuit et ind\u00e9pendant existe gr\u00e2ce \u00e0 vous &#8211;<\/span><\/p>\n<div class=\"td-all-devices\">\n    <a target=\"_blank\" href=\"https:\/\/mrmondialisation.org\/donation\/\" title=\"Faire_un_don\"><img decoding=\"async\" class=\"donationArticle\" src=\"https:\/\/mrmondialisation.org\/wp-content\/uploads\/2022\/12\/220405-flikalicious-final.jpg\" alt=\"Donation\"\/><\/a>\n<\/div>\n<\/div><\/div>\n<p><script async defer src=\"https:\/\/platform.instagram.com\/en_US\/embeds.js\"><\/script><br \/>\n<br \/><br \/>\n<br \/><a href=\"https:\/\/mrmondialisation.org\/immersion-espaces-lutte-sociales\/\" target=\"_blank\"\">Source link <\/a><\/p>\n","protected":false},"excerpt":{"rendered":"<p>Apr\u00e8s avoir dress\u00e9 le constat d\u2019une soci\u00e9t\u00e9 extr\u00eamement malade, in\u00e9galitaire et violente, il \u00e9tait temps de mettre en lumi\u00e8re ces tiers-lieux qui \u0153uvrent, loin des cam\u00e9ras, pour une soci\u00e9t\u00e9 plus&hellip; <\/p>\n","protected":false},"author":1,"featured_media":1694,"comment_status":"open","ping_status":"open","sticky":false,"template":"","format":"standard","meta":{"footnotes":""},"categories":[1],"tags":[],"class_list":["post-1693","post","type-post","status-publish","format-standard","has-post-thumbnail","hentry","category-non-classe"],"_links":{"self":[{"href":"https:\/\/monde25.info\/index.php\/wp-json\/wp\/v2\/posts\/1693","targetHints":{"allow":["GET"]}}],"collection":[{"href":"https:\/\/monde25.info\/index.php\/wp-json\/wp\/v2\/posts"}],"about":[{"href":"https:\/\/monde25.info\/index.php\/wp-json\/wp\/v2\/types\/post"}],"author":[{"embeddable":true,"href":"https:\/\/monde25.info\/index.php\/wp-json\/wp\/v2\/users\/1"}],"replies":[{"embeddable":true,"href":"https:\/\/monde25.info\/index.php\/wp-json\/wp\/v2\/comments?post=1693"}],"version-history":[{"count":0,"href":"https:\/\/monde25.info\/index.php\/wp-json\/wp\/v2\/posts\/1693\/revisions"}],"wp:featuredmedia":[{"embeddable":true,"href":"https:\/\/monde25.info\/index.php\/wp-json\/wp\/v2\/media\/1694"}],"wp:attachment":[{"href":"https:\/\/monde25.info\/index.php\/wp-json\/wp\/v2\/media?parent=1693"}],"wp:term":[{"taxonomy":"category","embeddable":true,"href":"https:\/\/monde25.info\/index.php\/wp-json\/wp\/v2\/categories?post=1693"},{"taxonomy":"post_tag","embeddable":true,"href":"https:\/\/monde25.info\/index.php\/wp-json\/wp\/v2\/tags?post=1693"}],"curies":[{"name":"wp","href":"https:\/\/api.w.org\/{rel}","templated":true}]}}