{"id":1712,"date":"2024-12-07T20:34:55","date_gmt":"2024-12-07T19:34:55","guid":{"rendered":"https:\/\/monde25.info\/index.php\/2024\/12\/07\/remettre-du-plomb-dans-la-toiture-cest-sciemment-continuer-a-polluer\/"},"modified":"2024-12-07T20:34:55","modified_gmt":"2024-12-07T19:34:55","slug":"remettre-du-plomb-dans-la-toiture-cest-sciemment-continuer-a-polluer","status":"publish","type":"post","link":"https:\/\/monde25.info\/index.php\/2024\/12\/07\/remettre-du-plomb-dans-la-toiture-cest-sciemment-continuer-a-polluer\/","title":{"rendered":"\u00ab\u00a0Remettre du plomb dans la toiture, c\u2019est sciemment continuer \u00e0 polluer\u00a0\u00bb"},"content":{"rendered":"<p> <br \/>\n<\/p>\n<div>\n<p>    <span class=\"date\">7 d\u00e9cembre 2024  \u00e0 09h47<\/span><\/p>\n<p>    <span class=\"date_modif\">Mis \u00e0 jour le 7 d\u00e9cembre 2024 \u00e0 16h33<\/span>      <\/p>\n<p class=\"duree_lecture\">\n        Dur\u00e9e de lecture : 5 minutes\n      <\/p>\n<\/p><\/div>\n<div>\n<p>Apr\u00e8s plus de cinq ans de travaux de reconstruction, \u00e0 la suite de l\u2019incendie du 15\u00a0avril 2019, la cath\u00e9drale Notre-Dame de Paris doit rouvrir ses portes le samedi 7\u00a0d\u00e9cembre. Les pol\u00e9miques autour de sa reconstruction ne s\u2019arr\u00eatent pas. Notamment celle de la contamination des alentours par le plomb utilis\u00e9 pour recouvrir le toit et la fl\u00e8che de la cath\u00e9drale.<\/p>\n<p>L\u2019Association des familles victimes du saturnisme (<span class=\"caps\">AFVS<\/span>), la <span class=\"caps\">CGT<\/span> Paris et l\u2019association Henri P\u00e9zerat <a target=\"_blank\" href=\"https:\/\/www.droitaulogement.org\/2024\/12\/le-plomb-a-notre-dame-et-le-president-macron-chronique-dun-desastre-annonce\/\" class=\"spip_out\" rel=\"external\">continuent de d\u00e9noncer<\/a> de <i>\u00ab<small class=\"fine d-inline\">\u00a0<\/small>graves cons\u00e9quences sanitaires<small class=\"fine d-inline\">\u00a0<\/small>\u00bb<\/i>. <i>\u00ab<small class=\"fine d-inline\">\u00a0<\/small>Le plomb est neurotoxique, canc\u00e9rog\u00e8ne et n\u00e9faste pour la reproduction<small class=\"fine d-inline\">\u00a0<\/small>\u00bb<\/i>, explique Annie Th\u00e9baud-Mony, pr\u00e9sidente de cette derni\u00e8re association.<\/p>\n<p><strong>Reporterre\u00a0\u2014 Vous estimez que la r\u00e9ouverture de Notre-Dame est \u00ab<small class=\"fine d-inline\">\u00a0<\/small>une fuite en avant d\u00e9lib\u00e9r\u00e9e d\u2019une contamination continue au plomb<small class=\"fine d-inline\">\u00a0<\/small>\u00bb. En quoi la cath\u00e9drale pollue m\u00eame apr\u00e8s l\u2019incendie<small class=\"fine d-inline\">\u00a0<\/small>?<\/strong><\/p>\n<p><strong>Annie Th\u00e9baud-Mony \u2014<\/strong> D\u2019une part, la pollution issue de l\u2019incendie n\u2019a absolument pas disparu. Il y a eu une d\u00e9contamination de l\u2019int\u00e9rieur de la cath\u00e9drale, tardive, mais il est quasiment impossible de tout enlever. Les abords de Notre-Dame, eux, sont encore pollu\u00e9s. Il y a eu un peu de d\u00e9contamination sur le parvis, mais, l\u00e0 aussi, ils n\u2019ont pas r\u00e9ussi \u00e0 tout enlever. Et dans les abords qui n\u2019ont pas \u00e9t\u00e9 d\u00e9contamin\u00e9s, la poussi\u00e8re de plomb s\u2019envole en permanence\u00a0: c\u2019est une source de contamination non n\u00e9gligeable qui va se poursuivre. D\u2019autre part, la toiture et la fl\u00e8che ont \u00e9t\u00e9 r\u00e9nov\u00e9es avec du plomb.<\/p>\n<p><strong>En quoi est-ce probl\u00e9matique<small class=\"fine d-inline\">\u00a0<\/small>?<\/strong><\/p>\n<p>Il s\u2019agit de feuilles de plomb pos\u00e9es les unes sur les autres, du plomb lamin\u00e9. Cela relargue r\u00e9guli\u00e8rement des poussi\u00e8res. Le Haut Conseil de la sant\u00e9 publique <a target=\"_blank\" href=\"https:\/\/reporterre.net\/IMG\/pdf\/hcspr20210128_plodanlenvextrecpoulamatduris.pdf\">a \u00e9valu\u00e9<\/a> que 21\u00a0kilos de plomb par an seront relargu\u00e9s dans les eaux de ruissellement \u00e0 partir de la toiture et la fl\u00e8che de Notre-Dame. Avoir remis du plomb sur la toiture et la fl\u00e8che, c\u2019est sciemment continuer \u00e0 polluer.<\/p>\n<blockquote class=\"spip\">\n<p>\u00ab<small class=\"fine d-inline\">\u00a0<\/small>Le plomb est neurotoxique, canc\u00e9rog\u00e8ne et n\u00e9faste pour la reproduction<small class=\"fine d-inline\">\u00a0<\/small>\u00bb<\/p>\n<\/blockquote>\n<p>Le plus pr\u00e9occupant est que cela banalise le recours au plomb comme mat\u00e9riau de couverture dans les monuments historiques, alors que l\u2019on sait que c\u2019est une source de contamination, et qu\u2019il n\u2019y a pas de seuil de toxicit\u00e9. Nous avons le sentiment de n\u2019avoir \u00e9t\u00e9 \u00e9cout\u00e9s sur rien par les autorit\u00e9s. On demandait un confinement du chantier, pour \u00e9viter que les poussi\u00e8res se r\u00e9pandent. Cela demandait certainement un gros d\u00e9lai par rapport au planning fix\u00e9<small class=\"fine d-inline\">\u00a0<\/small>; Emmanuel Macron avait dit qu\u2019il fallait reconstruire en cinq ans.<\/p>\n<p><strong>Jusqu\u2019o\u00f9 va cette contamination autour de la cath\u00e9drale<small class=\"fine d-inline\">\u00a0<\/small>?<\/strong><\/p>\n<p>Le plomb s\u2019est r\u00e9pandu avec le nuage de fum\u00e9e au gr\u00e9 des vents. Les autorit\u00e9s n\u2019ont pas du tout cherch\u00e9 \u00e0 cartographier pr\u00e9cis\u00e9ment la pr\u00e9sence du plomb aux alentours.<\/p>\n<p>Ce que l\u2019on sait, c\u2019est que la station Saint-Michel a \u00e9t\u00e9 plusieurs fois nettoy\u00e9e et ferm\u00e9e juste apr\u00e8s l\u2019incendie. Apr\u00e8s, ils ont arr\u00eat\u00e9 de mesurer. On ne sait donc pas exactement quelle est la situation aujourd\u2019hui. On sait aussi que les abords imm\u00e9diats, la rue du Clo\u00eetre-Notre-Dame et probablement une grande partie de l\u2019\u00eele de la Cit\u00e9, surtout c\u00f4t\u00e9 ouest, ont \u00e9t\u00e9 impact\u00e9s. Mais cette pollution ne s\u2019arr\u00eate pas aux abords imm\u00e9diats de Notre-Dame.<\/p>\n<p><strong>Quels sont les risques pour les touristes, les personnes qui travaillent et vivent autour de la cath\u00e9drale<small class=\"fine d-inline\">\u00a0<\/small>?<\/strong><\/p>\n<p>Si vous passez une heure devant Notre-Dame, vous allez peut-\u00eatre en respirer un peu et \u00eatre au contact. Mais c\u2019est surtout pr\u00e9occupant pour toutes les personnes qui r\u00e9sident ou travaillent l\u00e0, les restaurants, les caf\u00e9s, magasins, bouquinistes, nettoyeurs, expos\u00e9s toute la journ\u00e9e. Avec la <span class=\"caps\">CGT<\/span>, on a tent\u00e9 de les informer<small class=\"fine d-inline\">\u00a0<\/small>; personne ne leur avait donn\u00e9 les moyens de se prot\u00e9ger.<\/p>\n<p>Il y a aussi les \u00e9coles. Une <a target=\"_blank\" href=\"https:\/\/www.mediapart.fr\/journal\/france\/021224\/du-plomb-en-quantite-dans-les-ecoles-parisiennes-mais-un-suivi-de-la-mairie-defaillant\" class=\"spip_out\" rel=\"external\">enqu\u00eate de Mediapart<\/a> a montr\u00e9 la d\u00e9faillance du suivi des enfants <i>[chez l\u2019enfant, l\u2019intoxication au plomb, dite saturnisme, peut avoir des effets neurologiques et mener \u00e0 des retards de d\u00e9veloppement]<\/i>.<\/p>\n<p>Il n\u2019y a pas de seuil en dessous duquel le plomb n\u2019est pas toxique pour les reins et le syst\u00e8me cardiovasculaire. Il est neurotoxique, canc\u00e9rog\u00e8ne et n\u00e9faste pour la reproduction. Chez une femme enceinte contamin\u00e9e, le plomb peut passer dans le sang et atteindre l\u2019enfant \u00e0 na\u00eetre.<\/p>\n<p><strong>Philippe Jost, pr\u00e9sident de l\u2019\u00e9tablissement public charg\u00e9 de la conservation et de la restauration de Notre-Dame de Paris, <a target=\"_blank\" href=\"https:\/\/sante.lefigaro.fr\/social\/sante-publique\/notre-dame-de-paris-faut-il-s-inquieter-du-futur-toit-en-plomb-de-la-cathedrale-20231208\" class=\"spip_out\" rel=\"external\">d\u00e9clarait au <i>Figaro<\/i><\/a> il y a un an qu\u2019ils <i>\u00ab<small class=\"fine d-inline\">\u00a0<\/small>innover[aient] en installant un syst\u00e8me de recueil et de filtration des eaux de pluie qui [ruisselleraient] sur la toiture de la cath\u00e9drale<small class=\"fine d-inline\">\u00a0<\/small>\u00bb<\/i>. Qu\u2019en pensez-vous<small class=\"fine d-inline\">\u00a0<\/small>?<\/strong><\/p>\n<p>Toutes les poussi\u00e8res de plomb n\u2019iront pas dans les goutti\u00e8res. Un coup de vent, et \u00e7a redescend sur le trottoir. Cette toiture est \u00e9norme, il est impossible d\u2019\u00e9viter tout envol de poussi\u00e8re.<\/p>\n<p><strong>Malgr\u00e9 les alertes sur le plomb, pourquoi la toiture a-t-elle quand m\u00eame \u00e9tait refaite dans ce mat\u00e9riau<small class=\"fine d-inline\">\u00a0<\/small>?<\/strong><\/p>\n<p>C\u2019est une mauvaise interpr\u00e9tation de la <a target=\"_blank\" href=\"https:\/\/www.icomos.org\/fr\/informations-pratiques\/179-articles-en-francais\/ressources\/charters-and-standards\/171-charte-internationale-sur-la-conservation-et-la-restauration-des-monuments-et-des-sites\" class=\"spip_out\" rel=\"external\">charte de Venise<\/a> sur la reconstruction des monuments historiques. Il n\u2019y est pas du tout \u00e9crit qu\u2019il faut faire une reconstruction <i>\u00ab<small class=\"fine d-inline\">\u00a0<\/small>\u00e0 l\u2019identique<small class=\"fine d-inline\">\u00a0<\/small>\u00bb<\/i>, comme a insist\u00e9 Emmanuel Macron. Son article 10 dit m\u00eame que s\u2019il y a des mat\u00e9riaux inad\u00e9quats, il est possible d\u2019utiliser d\u2019autres techniques. Sans compter que la fl\u00e8che et l\u2019utilisation du plomb datent du <span class=\"caps\">XIX<\/span><sup class=\"typo_exposants\">e<\/sup> si\u00e8cle et de la restauration de la cath\u00e9drale par Viollet-le-Duc. \u00c0 Chartres, Nantes, Reims, des r\u00e9novations ont \u00e9t\u00e9 faites dans le respect de l\u2019esth\u00e9tique, avec des mat\u00e9riaux moins dangereux.<\/p>\n<aside class=\"boite_encarts\">\n<div class=\"encart encart_gris noprint\">\n<p><strong>Il est de retour.<\/strong><\/p>\n<p>Dans quelques semaines, Donald Trump se r\u00e9-installera \u00e0 la Maison Blanche.<\/p>\n<p>Un milliardaire, pour qui le r\u00e9chauffement climatique est \u00ab<small class=\"fine d-inline\">\u00a0<\/small>un canular<small class=\"fine d-inline\">\u00a0<\/small>\u00bb, sera \u00e0 la t\u00eate de la plus grande puissance mondiale.<\/p>\n<p>Dans une d\u00e9cennie cruciale pour l\u2019\u00e9cologie, nous ne pouvons pas nous permettre de perdre plus de temps.<\/p>\n<p>La soci\u00e9t\u00e9 civile doit continuer de se soulever, de se mobiliser et de faire pression sur les puissants.<\/p>\n<p>Mais pour agir, il faut savoir.<\/p>\n<p><strong>Depuis 11 ans, nous publions des articles de qualit\u00e9 sur l\u2019\u00e9cologie, en acc\u00e8s libre et sans publicit\u00e9, pour tous.<\/strong><\/p>\n<p>Nous avons la conviction que l\u2019urgence \u00e9cologique est l\u2019enjeu majeur de notre \u00e9poque.<br class=\"autobr\"\/><br \/>\n Et comme plus de 2 millions de lectrices et lecteurs chaque mois, vous partagez sans doute cette conviction&#8230;<\/p>\n<p>Alors si vous en avez les moyens, sachez qu\u2019un don, m\u00eame d\u20191\u20ac, est un acte de soutien fort pour l\u2019\u00e9cologie et le journalisme ind\u00e9pendant.<br class=\"autobr\"\/><br \/>\n (Et \u00e7a vous prendra moins de temps que la lecture de ce texte).<\/p>\n<p><strong>Si vous le pouvez, choisissez un soutien mensuel. Merci.<\/strong><\/p>\n<p><a target=\"_blank\" href=\"https:\/\/reporterre.net\/dons\" class=\"bt_soutenir\">Je soutiens <i>Reporterre<\/i><\/a><\/p>\n<\/p><\/div>\n<div class=\"encart encart_vert noprint montre_1023\">\n<div class=\"infolettre-form-container noprint\">\n<p>Abonnez-vous \u00e0 la lettre d\u2019info de Reporterre<\/p>\n<\/div><\/div>\n<\/aside>\n<aside class=\"boite_apresarticle encart_note\">\n<h4>Apr\u00e8s cet article<\/h4>\n<p>      <a target=\"_blank\" href=\"https:\/\/reporterre.net\/A-Notre-Dame-oiseaux-et-chauve-souris-attendent-la-fin-des-travaux-pour-revenir\" class=\"lien_article\">\n      <picture class=\"vignette_gauche\"><source type=\"image\/webp\" srcset=\"https:\/\/reporterre.net\/https:\/\/reporterre.net\/local\/cache-gd2\/08\/8f56989769f432e1ea75ad41f8b194.jpg@.webp?1733488485\"><img decoding=\"async\" src=\"https:\/\/reporterre.net\/local\/cache-gd2\/08\/8f56989769f432e1ea75ad41f8b194.jpg?1733488485\" width=\"450\" height=\"300\" alt=\"\" class=\"marge12\" loading=\"lazy\"\/><br \/>\n<\/source><\/picture>\n<p class=\"libelle\">\n<p>      Animaux\n    <\/p>\n<p class=\"titre pol20\">Faucon, moineau&#8230; \u00c0 Notre-Dame, les oiseaux pourraient bient\u00f4t revenir<\/p>\n<p>      <\/a><br \/>\n    <\/aside>\n<aside class=\"boite_complement texte\">\n<p>      <!-- zone_forum --><br \/>\n          <\/aside>\n<aside class=\"boite_lireaussi noprint\">\n<\/aside>\n<aside class=\"colonne\">\n<div class=\"article_info cache_1023 noprint\">\n<p>    <span class=\"date\">7 d\u00e9cembre 2024  \u00e0 09h47<\/span><\/p>\n<p>    <span class=\"date_modif\">Mis \u00e0 jour le 7 d\u00e9cembre 2024 \u00e0 16h33<\/span>      <\/p>\n<p class=\"duree_lecture\">\n        Dur\u00e9e de lecture : 5 minutes\n      <\/p>\n<\/p><\/div>\n<div class=\"bloc_infolettre\">\n<div class=\"infolettre-form-container noprint\">\n<p>Abonnez-vous \u00e0 la lettre d\u2019info de Reporterre<\/p>\n<\/div><\/div>\n<\/aside>\n<div id=\"galerie\">\n  <img decoding=\"async\" src=\"\" class=\"principale\" id=\"principale\"\/><\/p>\n<p id=\"legende\">legende<\/p>\n<\/div>\n<footer class=\"noprint\">\n<\/footer>\n<\/div>\n<p><br \/>\n<br \/><a href=\"https:\/\/reporterre.net\/Notre-Dame-Remettre-du-plomb-dans-la-toiture-c-est-sciemment-continuer-a-polluer\" target=\"_blank\"\">Source link <\/a><\/p>\n","protected":false},"excerpt":{"rendered":"<p>7 d\u00e9cembre 2024 \u00e0 09h47 Mis \u00e0 jour le 7 d\u00e9cembre 2024 \u00e0 16h33 Dur\u00e9e de lecture : 5 minutes Apr\u00e8s plus de cinq ans de travaux de reconstruction, \u00e0&hellip; <\/p>\n","protected":false},"author":1,"featured_media":1713,"comment_status":"open","ping_status":"open","sticky":false,"template":"","format":"standard","meta":{"footnotes":""},"categories":[1],"tags":[],"class_list":["post-1712","post","type-post","status-publish","format-standard","has-post-thumbnail","hentry","category-non-classe"],"_links":{"self":[{"href":"https:\/\/monde25.info\/index.php\/wp-json\/wp\/v2\/posts\/1712","targetHints":{"allow":["GET"]}}],"collection":[{"href":"https:\/\/monde25.info\/index.php\/wp-json\/wp\/v2\/posts"}],"about":[{"href":"https:\/\/monde25.info\/index.php\/wp-json\/wp\/v2\/types\/post"}],"author":[{"embeddable":true,"href":"https:\/\/monde25.info\/index.php\/wp-json\/wp\/v2\/users\/1"}],"replies":[{"embeddable":true,"href":"https:\/\/monde25.info\/index.php\/wp-json\/wp\/v2\/comments?post=1712"}],"version-history":[{"count":0,"href":"https:\/\/monde25.info\/index.php\/wp-json\/wp\/v2\/posts\/1712\/revisions"}],"wp:featuredmedia":[{"embeddable":true,"href":"https:\/\/monde25.info\/index.php\/wp-json\/wp\/v2\/media\/1713"}],"wp:attachment":[{"href":"https:\/\/monde25.info\/index.php\/wp-json\/wp\/v2\/media?parent=1712"}],"wp:term":[{"taxonomy":"category","embeddable":true,"href":"https:\/\/monde25.info\/index.php\/wp-json\/wp\/v2\/categories?post=1712"},{"taxonomy":"post_tag","embeddable":true,"href":"https:\/\/monde25.info\/index.php\/wp-json\/wp\/v2\/tags?post=1712"}],"curies":[{"name":"wp","href":"https:\/\/api.w.org\/{rel}","templated":true}]}}