{"id":1716,"date":"2024-12-07T21:40:14","date_gmt":"2024-12-07T20:40:14","guid":{"rendered":"https:\/\/monde25.info\/index.php\/2024\/12\/07\/accord-avec-le-mercosur-lue-conclut-les-pays-membres-doivent-encore-ratifier\/"},"modified":"2024-12-07T21:40:14","modified_gmt":"2024-12-07T20:40:14","slug":"accord-avec-le-mercosur-lue-conclut-les-pays-membres-doivent-encore-ratifier","status":"publish","type":"post","link":"https:\/\/monde25.info\/index.php\/2024\/12\/07\/accord-avec-le-mercosur-lue-conclut-les-pays-membres-doivent-encore-ratifier\/","title":{"rendered":"Accord avec le Mercosur l\u2019UE conclut ! Les pays membres doivent encore ratifier"},"content":{"rendered":"<p> <br \/>\n<\/p>\n<div>\n<p><span data-contrast=\"auto\">Le Mercosur et l&rsquo;UE ont conclu vendredi \u00e0 Montevideo \u00ab\u00a0les n\u00e9gociations en vue d&rsquo;un accord\u00a0\u00bb de libre-\u00e9change auquel plusieurs pays europ\u00e9ens, France en t\u00eate, s&rsquo;opposent, estimant que \u00ab\u00a0cela n&rsquo;engage\u00a0\u00bb que la Commission europ\u00e9enne. Il appartient d\u00e9sormais aux pays membres de ratifier le trait\u00e9.<\/span><span data-ccp-props=\"{&quot;134233117&quot;:false,&quot;134233118&quot;:false,&quot;335559738&quot;:300,&quot;335559739&quot;:300}\">\u00a0<\/span><\/p>\n<p><span data-contrast=\"auto\">\u00ab\u00a0C&rsquo;est le d\u00e9but d&rsquo;une nouvelle histoire\u00a0\u00bb avec \u00ab\u00a0un accord qui b\u00e9n\u00e9ficiera aux deux\u00a0\u00bb parties et \u00ab\u00a0apportera des b\u00e9n\u00e9fices significatifs aux consommateurs et aux entreprises\u00a0\u00bb s&rsquo;il est approuv\u00e9, a d\u00e9clar\u00e9 la pr\u00e9sidente de la Commission europ\u00e9enne Ursula von der Leyen. Affirmant que \u00ab\u00a0les pr\u00e9occupations de nos agriculteurs\u00a0\u00bb ont \u00e9t\u00e9 \u00e9cout\u00e9es et que \u00ab\u00a0cet accord inclut des garanties solides pour prot\u00e9ger nos moyens de subsistance\u00a0\u00bb, elle c\u00e9l\u00e9brait ce projet de trait\u00e9 conclu apr\u00e8s 25 ans de discussions avec les pr\u00e9sidents de l&rsquo;Argentine, du Br\u00e9sil, du Paraguay et de l&rsquo;Uruguay.<\/span><span data-ccp-props=\"{&quot;134233117&quot;:false,&quot;134233118&quot;:false,&quot;335559738&quot;:300,&quot;335559739&quot;:300}\">\u00a0<\/span><\/p>\n<p><span data-contrast=\"auto\">Mais pour la France, cheffe de file des pays oppos\u00e9s \u00e0 cet accord au nom de la d\u00e9fense du monde agricole et qui r\u00e9clame du Mercosur les m\u00eames normes environnementales et sanitaires en vigueur dans l&rsquo;UE pour \u00e9viter \u00ab\u00a0une concurrence d\u00e9loyale\u00a0\u00bb, l&rsquo;accord \u00ab\u00a0reste inacceptable en l&rsquo;\u00e9tat\u00a0\u00bb.<\/span><span data-ccp-props=\"{&quot;134233117&quot;:false,&quot;134233118&quot;:false,&quot;335559738&quot;:300,&quot;335559739&quot;:300}\">\u00a0<\/span><\/p>\n<p><span data-contrast=\"auto\">\u00ab\u00a0La Commission a achev\u00e9 son travail de n\u00e9gociation avec le Mercosur, c&rsquo;est sa responsabilit\u00e9, mais l&rsquo;accord n&rsquo;est ni sign\u00e9, ni ratifi\u00e9. Ce n&rsquo;est donc pas la fin de l&rsquo;histoire. Il n&rsquo;y a aucune entr\u00e9e en vigueur de l&rsquo;accord avec le Mercosur\u00a0\u00bb, a soulign\u00e9 l&rsquo;Elys\u00e9e lors d&rsquo;un \u00e9change avec des journalistes.<\/span><span data-ccp-props=\"{&quot;134233117&quot;:false,&quot;134233118&quot;:false,&quot;335559738&quot;:300,&quot;335559739&quot;:300}\">\u00a0<\/span><\/p>\n<p><span data-contrast=\"auto\">\u00ab\u00a0Il n&rsquo;y a donc aucun effet juridique et les Etats ne sont pas li\u00e9s par l&rsquo;annonce de fin des n\u00e9gociations\u00a0\u00bb, a pr\u00e9cis\u00e9 un conseiller pr\u00e9sidentiel, alors que les syndicats agricoles et les partis d&rsquo;opposition ont tous d\u00e9nonc\u00e9 la conclusion des n\u00e9gociations.<\/span><span data-ccp-props=\"{&quot;134233117&quot;:false,&quot;134233118&quot;:false,&quot;335559738&quot;:300,&quot;335559739&quot;:300}\">\u00a0<\/span><\/p>\n<p><span data-contrast=\"auto\">La Coordination Rurale, et L&rsquo;alliance syndicale agricole majoritaire fran\u00e7aise FNSEA-Jeunes agriculteurs (JA), ont intensifi\u00e9 leurs actions de protestation ces derni\u00e8res semaines, Ces derniers pointent \u00ab\u00a0une provocation pour les agriculteurs europ\u00e9ens qui appliquent les standards de production les plus \u00e9lev\u00e9s au monde\u00a0\u00bb.<\/span><span data-ccp-props=\"{&quot;134233117&quot;:false,&quot;134233118&quot;:false,&quot;335559738&quot;:300,&quot;335559739&quot;:300}\">\u00a0<\/span><\/p>\n<p><span data-contrast=\"auto\">L&rsquo;organisation europ\u00e9enne des syndicats agricoles majoritaires, le Copa-Cogeca, appelle \u00ab\u00a0les \u00c9tats membres et le Parlement europ\u00e9en \u00e0 se mobiliser contre cet accord\u00a0\u00bb.<\/span><span data-ccp-props=\"{&quot;134233117&quot;:false,&quot;134233118&quot;:false,&quot;335559738&quot;:300,&quot;335559739&quot;:300}\">\u00a0<\/span><\/p>\n<p><span data-contrast=\"none\" data-ccp-parastyle=\"heading 2\"><strong>&#8211; \u00ab\u00a0Accord historique\u00a0\u00bb &#8211;<\/strong><\/span><span data-ccp-props=\"{&quot;134233117&quot;:false,&quot;134233118&quot;:false,&quot;134245418&quot;:true,&quot;134245529&quot;:true,&quot;201341983&quot;:0,&quot;335559738&quot;:600,&quot;335559739&quot;:360,&quot;335559740&quot;:450}\">\u00a0<\/span><\/p>\n<p><span data-contrast=\"auto\">Le projet de trait\u00e9, discut\u00e9 depuis 1999, vise \u00e0 supprimer la majorit\u00e9 des droits de douane entre l&rsquo;Union europ\u00e9enne et le Mercosur afin de cr\u00e9er un vaste march\u00e9 de plus de 700 millions de consommateurs, soit le \u00ab\u00a0plus grand partenariat commercial et d&rsquo;investissement jamais vu\u00a0\u00bb, selon Mme von der Leyen.<\/span><span data-ccp-props=\"{&quot;134233117&quot;:false,&quot;134233118&quot;:false,&quot;335559738&quot;:300,&quot;335559739&quot;:300}\">\u00a0<\/span><\/p>\n<p><span data-contrast=\"auto\">L&rsquo;accord permettrait \u00e0 l&rsquo;UE, d\u00e9j\u00e0 premier partenaire commercial du Mercosur, d&rsquo;exporter plus facilement ses voitures, machines et produits pharmaceutiques. De l&rsquo;autre c\u00f4t\u00e9, il permettrait aux pays sud-am\u00e9ricains concern\u00e9s d&rsquo;\u00e9couler vers l&rsquo;Europe de la viande, du sucre, du riz, du miel, du soja, aux d\u00e9pens de nos agriculteurs.<\/span><span data-ccp-props=\"{&quot;134233117&quot;:false,&quot;134233118&quot;:false,&quot;335559738&quot;:300,&quot;335559739&quot;:300}\">\u00a0<\/span><\/p>\n<p><span data-contrast=\"auto\">Le chancelier allemand Olaf Scholz, soucieux d&rsquo;ouvrir de nouveaux march\u00e9s \u00e0 l&rsquo;industrie essouffl\u00e9e de son pays, attend \u00ab\u00a0plus de croissance et de comp\u00e9titivit\u00e9\u00a0\u00bb.<\/span><span data-ccp-props=\"{&quot;134233117&quot;:false,&quot;134233118&quot;:false,&quot;335559738&quot;:300,&quot;335559739&quot;:300}\">\u00a0<\/span><\/p>\n<p><span data-contrast=\"auto\">Le Premier ministre espagnol, Pedro Sanchez, se r\u00e9jouit d&rsquo;un \u00ab\u00a0accord historique\u00a0\u00bb avec \u00ab\u00a0les pays fr\u00e8res d&rsquo;Am\u00e9rique latine\u00a0\u00bb.<\/span><span data-ccp-props=\"{&quot;134233117&quot;:false,&quot;134233118&quot;:false,&quot;335559738&quot;:300,&quot;335559739&quot;:300}\">\u00a0<\/span><\/p>\n<p><span data-contrast=\"auto\">Greenpeace juge \u00ab\u00a0toxique\u00a0\u00bb un tel accord de libre-\u00e9change et d\u00e9nonce \u00ab\u00a0vingt-cinq ans de discussions secr\u00e8tes \u00e0 huis clos\u00a0\u00bb qui ont \u00ab\u00a0abouti \u00e0 un consensus qui augmentera le commerce de viande, de pesticides et de plastiques, avec des impacts d\u00e9sastreux sur l&rsquo;Amazonie, le climat et les droits de l&rsquo;Homme\u00a0\u00bb.<\/span><span data-ccp-props=\"{&quot;134233117&quot;:false,&quot;134233118&quot;:false,&quot;335559738&quot;:300,&quot;335559739&quot;:300}\">\u00a0<\/span><\/p>\n<p><span data-contrast=\"auto\">Pour le pr\u00e9sident br\u00e9silien Lula au contraire, il s&rsquo;agit d&rsquo;un \u00ab\u00a0texte moderne et \u00e9quilibr\u00e9, qui reconna\u00eet les r\u00e9f\u00e9rences environnementales du Mercosur et renforce notre engagement envers les Accords de Paris sur le changement climatique\u00a0\u00bb.<\/span><span data-ccp-props=\"{&quot;134233117&quot;:false,&quot;134233118&quot;:false,&quot;335559738&quot;:300,&quot;335559739&quot;:300}\">\u00a0<\/span><\/p>\n<p><span data-contrast=\"none\" data-ccp-parastyle=\"heading 2\"><strong>&#8211; Ratification &#8211;<\/strong><\/span><span data-ccp-props=\"{&quot;134233117&quot;:false,&quot;134233118&quot;:false,&quot;134245418&quot;:true,&quot;134245529&quot;:true,&quot;201341983&quot;:0,&quot;335559738&quot;:600,&quot;335559739&quot;:360,&quot;335559740&quot;:450}\">\u00a0<\/span><\/p>\n<p><span data-contrast=\"auto\">Si en vertu des trait\u00e9s europ\u00e9ens, la Commission est seule n\u00e9gociatrice des accords commerciaux au nom des Vingt-Sept, l&rsquo;accord sign\u00e9 vendredi doit encore obtenir sa ratification en gagnant l&rsquo;approbation d&rsquo;au moins 15 \u00c9tats membres repr\u00e9sentant 65\u2009% de la population de l&rsquo;UE, puis en r\u00e9unissant une majorit\u00e9 au Parlement europ\u00e9en.<\/span><span data-ccp-props=\"{&quot;134233117&quot;:false,&quot;134233118&quot;:false,&quot;335559738&quot;:300,&quot;335559739&quot;:300}\">\u00a0<\/span><\/p>\n<p><span data-contrast=\"auto\">Une minorit\u00e9 de blocage peut \u00e9galement stopper toute ratification. C&rsquo;est d\u00e9sormais le combat engag\u00e9 par Emmanuel Macron, affirmant \u00e0 Mme von der Leyen qu&rsquo;il entendait continuer \u00ab\u00a0de d\u00e9fendre sans rel\u00e2che notre souverainet\u00e9 agricole\u00a0\u00bb.<\/span><span data-ccp-props=\"{&quot;134233117&quot;:false,&quot;134233118&quot;:false,&quot;335559738&quot;:300,&quot;335559739&quot;:300}\">\u00a0<\/span><\/p>\n<p><span data-contrast=\"auto\">Apr\u00e8s le Premier ministre polonais Donald Tusk disant fin novembre qu&rsquo;il n&rsquo;accepterait pas le projet \u00ab\u00a0sous cette forme\u00a0\u00bb, l&rsquo;Italie a rejoint jeudi le front du refus fran\u00e7ais estimant que \u00ab\u00a0les conditions ne sont pas r\u00e9unies pour souscrire au texte actuel\u00a0\u00bb.<\/span><span data-ccp-props=\"{&quot;134233117&quot;:false,&quot;134233118&quot;:false,&quot;335559738&quot;:300,&quot;335559739&quot;:300}\">\u00a0<\/span><\/p>\n<p><span data-contrast=\"auto\">Et ce trio d\u00e9clar\u00e9 n&rsquo;est pas seul, puisque l&rsquo;Autriche, les Pays-Bas ou l&rsquo;Irlande ont d\u00e9j\u00e0 exprim\u00e9 des r\u00e9ticences.<\/span><span data-ccp-props=\"{&quot;134233117&quot;:false,&quot;134233118&quot;:false,&quot;335559738&quot;:300,&quot;335559739&quot;:300}\">\u00a0<\/span><\/p>\n<p><span data-contrast=\"auto\">Pour emp\u00eacher l&rsquo;adoption du texte, la France a besoin de rallier trois autres pays repr\u00e9sentant plus de 35\u2009% de la population de l&rsquo;UE, un seuil ais\u00e9ment franchi si l&rsquo;appui de Rome et de Varsovie se confirme au moment du vote.<\/span><span data-ccp-props=\"{&quot;134233117&quot;:false,&quot;134233118&quot;:false,&quot;335559738&quot;:300,&quot;335559739&quot;:300}\">\u00a0<\/span><\/p>\n<\/div>\n<p><script>(function(d, s, id) {  var js, fjs = d.getElementsByTagName(s)[0];  if (d.getElementById(id)) return;  js = d.createElement(s); js.id = id;  js.src = \"\/\/connect.facebook.net\/fr_FR\/sdk.js#xfbml=1&version=v2.3\";  fjs.parentNode.insertBefore(js, fjs);}(document, \"script\", \"facebook-jssdk\"));<\/script><br \/>\n<br \/><br \/>\n<br \/><a href=\"https:\/\/www.francesoir.fr\/societe-economie\/accord-avec-le-mercosur-l-ue-conclue-les-pays-membres-doivent-encore-ratifier\" target=\"_blank\"\">Source link <\/a><\/p>\n","protected":false},"excerpt":{"rendered":"<p>Le Mercosur et l&rsquo;UE ont conclu vendredi \u00e0 Montevideo \u00ab\u00a0les n\u00e9gociations en vue d&rsquo;un accord\u00a0\u00bb de libre-\u00e9change auquel plusieurs pays europ\u00e9ens, France en t\u00eate, s&rsquo;opposent, estimant que \u00ab\u00a0cela n&rsquo;engage\u00a0\u00bb que&hellip; <\/p>\n","protected":false},"author":1,"featured_media":1717,"comment_status":"open","ping_status":"open","sticky":false,"template":"","format":"standard","meta":{"footnotes":""},"categories":[1],"tags":[],"class_list":["post-1716","post","type-post","status-publish","format-standard","has-post-thumbnail","hentry","category-non-classe"],"_links":{"self":[{"href":"https:\/\/monde25.info\/index.php\/wp-json\/wp\/v2\/posts\/1716","targetHints":{"allow":["GET"]}}],"collection":[{"href":"https:\/\/monde25.info\/index.php\/wp-json\/wp\/v2\/posts"}],"about":[{"href":"https:\/\/monde25.info\/index.php\/wp-json\/wp\/v2\/types\/post"}],"author":[{"embeddable":true,"href":"https:\/\/monde25.info\/index.php\/wp-json\/wp\/v2\/users\/1"}],"replies":[{"embeddable":true,"href":"https:\/\/monde25.info\/index.php\/wp-json\/wp\/v2\/comments?post=1716"}],"version-history":[{"count":0,"href":"https:\/\/monde25.info\/index.php\/wp-json\/wp\/v2\/posts\/1716\/revisions"}],"wp:featuredmedia":[{"embeddable":true,"href":"https:\/\/monde25.info\/index.php\/wp-json\/wp\/v2\/media\/1717"}],"wp:attachment":[{"href":"https:\/\/monde25.info\/index.php\/wp-json\/wp\/v2\/media?parent=1716"}],"wp:term":[{"taxonomy":"category","embeddable":true,"href":"https:\/\/monde25.info\/index.php\/wp-json\/wp\/v2\/categories?post=1716"},{"taxonomy":"post_tag","embeddable":true,"href":"https:\/\/monde25.info\/index.php\/wp-json\/wp\/v2\/tags?post=1716"}],"curies":[{"name":"wp","href":"https:\/\/api.w.org\/{rel}","templated":true}]}}