{"id":1726,"date":"2024-12-08T00:27:41","date_gmt":"2024-12-07T23:27:41","guid":{"rendered":"https:\/\/monde25.info\/index.php\/2024\/12\/08\/le-loup-perd-son-statut-despece-strictement-protegee-les-moutons-enrages\/"},"modified":"2024-12-08T00:27:41","modified_gmt":"2024-12-07T23:27:41","slug":"le-loup-perd-son-statut-despece-strictement-protegee-les-moutons-enrages","status":"publish","type":"post","link":"https:\/\/monde25.info\/index.php\/2024\/12\/08\/le-loup-perd-son-statut-despece-strictement-protegee-les-moutons-enrages\/","title":{"rendered":"Le loup perd son statut d\u2019esp\u00e8ce \u00ab strictement prot\u00e9g\u00e9e \u00bb \u2013 Les moutons enrag\u00e9s"},"content":{"rendered":"<p> <br \/>\n<\/p>\n<div>\n<div class=\"wp-block-image\">\n<figure class=\"alignleft size-large is-resized\"><img fetchpriority=\"high\" decoding=\"async\" width=\"495\" height=\"330\" src=\"https:\/\/lesmoutonsenrages.fr\/wp-content\/uploads\/2024\/12\/wolf-725380_640-495x330.jpg\" alt=\"\" class=\"wp-image-164302\" style=\"width:329px;height:auto\" srcset=\"https:\/\/lesmoutonsenrages.fr\/wp-content\/uploads\/2024\/12\/wolf-725380_640-495x330.jpg 495w, https:\/\/lesmoutonsenrages.fr\/wp-content\/uploads\/2024\/12\/wolf-725380_640-250x167.jpg 250w, https:\/\/lesmoutonsenrages.fr\/wp-content\/uploads\/2024\/12\/wolf-725380_640-150x100.jpg 150w, https:\/\/lesmoutonsenrages.fr\/wp-content\/uploads\/2024\/12\/wolf-725380_640.jpg 640w\" sizes=\"(max-width: 495px) 100vw, 495px\"\/><figcaption class=\"wp-element-caption\">Canis Lupus\/Pixabay<\/figcaption><\/figure>\n<\/div>\n<p>Gr\u00e2ce \u00e0 la pr\u00e9sentation du livre <a target=\"_blank\" href=\"https:\/\/lareleveetlapeste.fr\/boutique\/\" data-type=\"link\" data-id=\"https:\/\/lareleveetlapeste.fr\/boutique\/\"><strong>Animal<\/strong><\/a>, nous pourrons d\u00e9battre sur, comment cohabiter avec les esp\u00e8ces sauvages. Je rappelle qu\u2019un d\u00e9bat se fait, en confrontant des id\u00e9es et des arguments constructifs au del\u00e0 de toutes id\u00e9ologies et positions extr\u00eames, dans le respect de l\u2019autre. Chacun peut d\u00e9fendre ses positions, qu\u2019il soit chasseur, \u00e9leveur, berger, agriculteur, randonneur, ou simple contemplateur amoureux de la Nature. Si ce sujet vous int\u00e9resse, nous pourrons savoir (s\u2019il y a des t\u00e9moignages) quelles mesures sont prises pour prot\u00e9ger les \u00e9levages, \u00ab\u00a0r\u00e9guler\u00a0\u00bb les pr\u00e9dateurs etc\u2026. Ce qu\u2019il faudrait faire et ne pas faire, les succ\u00e8s et les \u00e9checs des mesures prises jusqu\u2019\u00e0 pr\u00e9sent. La protection de la Nature doit commencer par la prise de conscience, que nous formons un TOUT. Merci \u00e0 \u00c9nigmus pour m\u2019avoir sugg\u00e9r\u00e9 ce sujet, et \u00e0 <a target=\"_blank\" href=\"https:\/\/lareleveetlapeste.fr\" data-type=\"link\" data-id=\"https:\/\/lareleveetlapeste.fr\">La Rel\u00e8ve et La Peste<\/a> de m\u2019en avoir offert l\u2019opportunit\u00e9. Lisez et offrez des livres  \ud83d\ude09<\/p>\n<p>Source <a target=\"_blank\" href=\"https:\/\/lareleveetlapeste.fr\" data-type=\"link\" data-id=\"https:\/\/lareleveetlapeste.fr\"><strong>La Rel\u00e8ve et La Peste<\/strong><\/a><\/p>\n<p>Apr\u00e8s un retour en force suite \u00e0 sa quasi-extinction, le loup est de nouveau dans le viseur de l\u2019Union Europ\u00e9enne. Le Comit\u00e9 permanent de la Convention de Berne vient de d\u00e9classer le loup. Cette triste premi\u00e8re est d\u00e9cri\u00e9e par les scientifiques et les ONGs comme un recul majeur sur la protection de la biodiversit\u00e9.<\/p>\n<p>\u00ab Cette d\u00e9cision s\u2019inscrit dans un recul global de la l\u00e9gislation environnementale : pesticides r\u00e9-autoris\u00e9s, esp\u00e8ces class\u00e9es comme occasionnant des d\u00e9g\u00e2ts\u2026 On ouvre la porte \u00e0 n\u2019importe quoi avec ce d\u00e9classement, cela risque d\u2019en entra\u00eener d\u2019autres. Il y a d\u00e9j\u00e0 des demandes sur le lynx qui ne cause aucun d\u00e9g\u00e2t, l\u2019ours depuis longtemps, le vautour qui est un charognard et m\u00eame le Grand Cormoran pour le p\u00eacheur ! \u00bb alerte Thierry Ruf de l\u2019ASPAS pour La Rel\u00e8ve et La Peste.<\/p>\n<p><span id=\"more-164300\"\/><\/p>\n<p>Alors que la couverture de notre nouveau livre \u00ab\u00a0Animal\u00a0\u00bb est celle d\u2019un loup, en France et en Europe sa traque se fait de plus en plus violente. Nous expliquons dans notre nouveau livre comment coexister avec le loup et comment le respecter.<\/p>\n<p>Pour les passionn\u00e9s de nature et les amoureux des animaux, nous rendons hommage au peuple animal dans notre nouveau livre Animal. \u00abAnimal\u00bb vous invite \u00e0 vous \u00e9merveiller face \u00e0 la beaut\u00e9 du peuple animal. Des derni\u00e8res d\u00e9couvertes scientifiques sur le g\u00e9nie animal, jusqu\u2019au r\u00f4le primordial de chaque esp\u00e8ce qui peuple notre terre, notre livre vous plonge au c\u0153ur du monde animal et vous invite a retrouver votre instinct. Pour commander \u00abAnimal\u00bb, rendez-vous sur notre site internet La Rel\u00e8ve et La Peste, le lien est dans la bio. Livraison sous 3 \u00e0 4 jours.<\/p>\n<p>Du point de vue de la m\u00e9thode scientifique, l\u2019\u00eatre humain est un animal comme les autres \u2013 une branche terminale parmi des millions d\u2019autres au sein de l\u2019arborescence du vivant. Et pourtant, \u00e0 cause de notre seule esp\u00e8ce, c\u2019est le monde sauvage tout entier qui est en train de vivre ses derniers instants, pris dans les rouages de la machinerie infernale de notre civilisation. D\u2019o\u00f9 l\u2019importance capitale de prot\u00e9ger les \u00eatres vivants, comme le rappellent haut et fort les naturalistes, \u00e9thologues, c\u00e9tologues, ornithologues et journalistes de ce nouveau livre-journal, qui se sont unis pour vous proposer un tour d\u2019horizon complet sur l\u2019\u00e9tat du monde animal.<\/p>\n<p>La Rel\u00e8ve et La Peste<\/p>\n<p>note : <\/p>\n<p><strong><a target=\"_blank\" href=\"https:\/\/lareleveetlapeste.fr\/boutique\/\" data-type=\"link\" data-id=\"https:\/\/lareleveetlapeste.fr\/boutique\/\">Visiter la boutique<\/a><\/strong>, En cette fin d\u2019ann\u00e9es morose, un livre sur la nature peut-\u00eatre un beau cadeau d\u2019\u00e9veil \u00e0 notre environnement, et \u00e0 notre responsabilit\u00e9 envers le vivant. <\/p>\n<p>Les titres propos\u00e9s : <\/p>\n<ul class=\"wp-block-list\">\n<li>Animal<\/li>\n<li>Oc\u00e9ans<\/li>\n<li>For\u00eats<\/li>\n<li>et autres \u2026<\/li>\n<\/ul><\/div>\n<p><br \/>\n<br \/><a href=\"https:\/\/lesmoutonsenrages.fr\/2024\/12\/07\/le-loup-perd-son-statut-despece-strictement-protegee\/\" target=\"_blank\"\">Source link <\/a><\/p>\n","protected":false},"excerpt":{"rendered":"<p>Canis Lupus\/Pixabay Gr\u00e2ce \u00e0 la pr\u00e9sentation du livre Animal, nous pourrons d\u00e9battre sur, comment cohabiter avec les esp\u00e8ces sauvages. Je rappelle qu\u2019un d\u00e9bat se fait, en confrontant des id\u00e9es et&hellip; <\/p>\n","protected":false},"author":1,"featured_media":1727,"comment_status":"open","ping_status":"open","sticky":false,"template":"","format":"standard","meta":{"footnotes":""},"categories":[1],"tags":[],"class_list":["post-1726","post","type-post","status-publish","format-standard","has-post-thumbnail","hentry","category-non-classe"],"_links":{"self":[{"href":"https:\/\/monde25.info\/index.php\/wp-json\/wp\/v2\/posts\/1726","targetHints":{"allow":["GET"]}}],"collection":[{"href":"https:\/\/monde25.info\/index.php\/wp-json\/wp\/v2\/posts"}],"about":[{"href":"https:\/\/monde25.info\/index.php\/wp-json\/wp\/v2\/types\/post"}],"author":[{"embeddable":true,"href":"https:\/\/monde25.info\/index.php\/wp-json\/wp\/v2\/users\/1"}],"replies":[{"embeddable":true,"href":"https:\/\/monde25.info\/index.php\/wp-json\/wp\/v2\/comments?post=1726"}],"version-history":[{"count":0,"href":"https:\/\/monde25.info\/index.php\/wp-json\/wp\/v2\/posts\/1726\/revisions"}],"wp:featuredmedia":[{"embeddable":true,"href":"https:\/\/monde25.info\/index.php\/wp-json\/wp\/v2\/media\/1727"}],"wp:attachment":[{"href":"https:\/\/monde25.info\/index.php\/wp-json\/wp\/v2\/media?parent=1726"}],"wp:term":[{"taxonomy":"category","embeddable":true,"href":"https:\/\/monde25.info\/index.php\/wp-json\/wp\/v2\/categories?post=1726"},{"taxonomy":"post_tag","embeddable":true,"href":"https:\/\/monde25.info\/index.php\/wp-json\/wp\/v2\/tags?post=1726"}],"curies":[{"name":"wp","href":"https:\/\/api.w.org\/{rel}","templated":true}]}}