{"id":1730,"date":"2024-12-08T02:42:26","date_gmt":"2024-12-08T01:42:26","guid":{"rendered":"https:\/\/monde25.info\/index.php\/2024\/12\/08\/les-associations-ecologistes-nont-plus-dargent\/"},"modified":"2024-12-08T02:42:26","modified_gmt":"2024-12-08T01:42:26","slug":"les-associations-ecologistes-nont-plus-dargent","status":"publish","type":"post","link":"https:\/\/monde25.info\/index.php\/2024\/12\/08\/les-associations-ecologistes-nont-plus-dargent\/","title":{"rendered":"les associations \u00e9cologistes n\u2019ont plus d\u2019argent"},"content":{"rendered":"<p> <br \/>\n<\/p>\n<div>\n<p>Le mouvement \u00e9cologiste continue \u00e0 affronter des vents contraires. Et ce mois de d\u00e9cembre pourrait \u00eatre un moment charni\u00e8re. De nombreuses associations engag\u00e9es en faveur du climat et de la biodiversit\u00e9 sont actuellement confront\u00e9es \u00e0 une baisse de financement brutale qui pr\u00e9carise leur activit\u00e9. \u00c0 la cl\u00e9\u00a0: de possibles licenciements, des missions abandonn\u00e9es. Une cure d\u2019aust\u00e9rit\u00e9 qui ne dit pas son nom.<\/p>\n<p>L\u2019inqui\u00e9tude grandit au sein du petit monde des charg\u00e9s de collecte. <i>\u00ab<small class=\"fine d-inline\">\u00a0<\/small>On a peu de lisibilit\u00e9 sur ce qui nous arrive<small class=\"fine d-inline\">\u00a0<\/small>\u00bb<\/i>, dit Charlotte B\u00e9al de Zero Waste France alors que le montant de ses dons a baiss\u00e9 de 9<small class=\"fine d-inline\">\u00a0<\/small>% cette ann\u00e9e. <i>\u00ab<small class=\"fine d-inline\">\u00a0<\/small>La situation est tr\u00e8s pr\u00e9occupante<small class=\"fine d-inline\">\u00a0<\/small>\u00bb<\/i>, ajoute, pudiquement, Anne Bringault, la directrice du R\u00e9seau Action Climat.<\/p>\n<p>\u00c0 l\u2019instabilit\u00e9 politique qui g\u00e8le nombre de subventions publiques s\u2019ajoute aussi la crise \u00e9conomique et l\u2019inflation qui gr\u00e8vent les dons des particuliers. Dans ce contexte morose, l\u2019\u00e9cologie semble \u00eatre la derni\u00e8re roue du carrosse. Alors m\u00eame qu\u2019elle est marginalis\u00e9e dans   <a target=\"_blank\" href=\"https:\/\/reporterre.net\/Dans-les-medias-d-extreme-droite-une-croisade-anti-ecolo\">le d\u00e9bat public<\/a> et prise \u00e0 partie par <a target=\"_blank\" href=\"https:\/\/reporterre.net\/Les-ecologistes-nouveaux-coupables-de-la-crise-climatique\">les forces r\u00e9actionnaires<\/a>.<\/p>\n<blockquote class=\"spip\">\n<p>\u00ab<small class=\"fine d-inline\">\u00a0<\/small>On a d\u00e9j\u00e0 act\u00e9 qu\u2019on allait finir l\u2019ann\u00e9e en d\u00e9ficit<small class=\"fine d-inline\">\u00a0<\/small>\u00bb<\/p>\n<\/blockquote>\n<p>Le 12\u00a0novembre dernier, Greenpeace s\u2019est fendu d\u2019un courriel, comme un cri d\u2019alarme, \u00e0 l\u2019ensemble de ses donatrices et donateurs. <i>\u00ab<small class=\"fine d-inline\">\u00a0<\/small>Nous faisons face \u00e0 une baisse du nombre de nos soutiens et nos ressources collect\u00e9es ne sont plus \u00e0 la hauteur de nos besoins<small class=\"fine d-inline\">\u00a0<\/small>\u00bb<\/i>, \u00e9crit l\u2019<span class=\"caps\">ONG<\/span>.\u00a0Quelques jours plus tard, c\u2019\u00e9tait au tour des Amis de la Terre. <i>\u00ab<small class=\"fine d-inline\">\u00a0<\/small>Les financements publics \u00e9tant r\u00e9duits \u00e0 peau de chagrin, notre budget est actuellement d\u00e9s\u00e9quilibr\u00e9, et cela menace la p\u00e9rennit\u00e9 de nos activit\u00e9s<small class=\"fine d-inline\">\u00a0<\/small>\u00bb<\/i>, pr\u00e9venaient-ils.<\/p>\n<p>Chez Greenpeace, cette ann\u00e9e, 20\u00a0000 donateurs n\u2019ont pas renouvel\u00e9 leur don, soit une hausse de 10<small class=\"fine d-inline\">\u00a0<\/small>% par rapport \u00e0 2023. La grande majorit\u00e9 pour des raisons \u00e9conomiques.<i>\u00ab<small class=\"fine d-inline\">\u00a0<\/small>Depuis deux ans, l\u2019\u00e9rosion du pouvoir de don de nos adh\u00e9rents est palpable<small class=\"fine d-inline\">\u00a0<\/small>\u00bb<\/i>, conc\u00e8de Marie-\u00c8ve Lhuillier, directrice de la collecte de fonds au sein de l\u2019<span class=\"caps\">ONG<\/span>. R\u00e9guli\u00e8rement, Greenpeace demande \u00e0 ses donateurs s\u2019ils peuvent augmenter leur don. Leur r\u00e9ponse est de plus en plus n\u00e9gative. <i>\u00ab<small class=\"fine d-inline\">\u00a0<\/small>Les donateurs font des arbitrages, le don est pris sur le reste \u00e0 vivre. Les gens priorisent les factures et l\u2019\u00e9cologie peut para\u00eetre moins urgente que des causes de premi\u00e8res n\u00e9cessit\u00e9s, humanitaires ou sociales.<small class=\"fine d-inline\">\u00a0<\/small>\u00bb<\/i><\/p>\n<h2 class=\"spip\">Plus d\u2019actions, moins d\u2019argent<\/h2>\n<p>Chez Les\u00a0Amis de la Terre, on se fait \u00e9galement du souci. <i>\u00ab<small class=\"fine d-inline\">\u00a0<\/small>Nous avons besoin de 170\u00a0000 euros d\u2019ici la fin du mois pour boucler notre budget\u00a0et pour qu\u2019il reste \u00e0 la hauteur de celui de l\u2019ann\u00e9e derni\u00e8re<\/i>, d\u00e9taille Hugo Emo. <i>On a d\u00e9j\u00e0 act\u00e9 qu\u2019on allait finir l\u2019ann\u00e9e en d\u00e9ficit, autour de 10\u00a0000 euros, ce n\u2019est pas catastrophique mais ce n\u2019est jamais bon. Ind\u00e9niablement, c\u2019est une source de stress.<small class=\"fine d-inline\">\u00a0<\/small>\u00bb<\/i><\/p>\n<p>L\u2019association est prise en \u00e9tau. <i>\u00ab<small class=\"fine d-inline\">\u00a0<\/small>Nous avons d\u00fb intensifier nos activit\u00e9s pour faire face \u00e0 l\u2019urgence climatique, c\u2019\u00e9tait indispensable. Mais, en parall\u00e8le, nous n\u2019avons pas trouv\u00e9 assez de ressources financi\u00e8res, m\u00eame si, depuis 2016, notre budget a doubl\u00e9. Ce n\u2019est pas suffisant. Nous allons devoir chercher d\u2019autres sources de financement l\u2019ann\u00e9e prochaine car l\u2019activit\u00e9, elle, ne va pas diminuer<small class=\"fine d-inline\">\u00a0<\/small>\u00bb<\/i>, explique le charg\u00e9 de collecte.<\/p>\n<div class=\"spip_document_86939 spip_document spip_documents spip_document_image spip_documents_center spip_document_center spip_document_avec_legende\" data-legende-len=\"146\" data-legende-lenx=\"xxx\">\n<figure class=\"spip_doc_inner\">\n      <picture><source type=\"image\/webp\" srcset=\"https:\/\/reporterre.net\/local\/cache-vignettes\/L1050xH700\/gbx_dewwgaaslge-b9d79.jpg@.webp?1733500358\"><img decoding=\"async\" src=\"https:\/\/reporterre.net\/IMG\/jpg\/gbx_dewwgaaslge.jpg\" width=\"1200\" height=\"800\" loading=\"lazy\" alt=\"\"\/><br \/>\n    <\/source><\/picture><figcaption class=\"spip_doc_legende\">\n<div class=\"spip_doc_titre\">Rassemblement \u00e0 Saint-Nazaire organis\u00e9 par Les Amis de la Terre contre l\u2019usine d\u2019engrais chimiques Yara, novembre 2024.<br \/>\n<i>X \/ <a target=\"_blank\" href=\"https:\/\/x.com\/amisdelaterre\/status\/1852667279797825588\/photo\/1\" class=\"spip_out\" rel=\"external\">Les Amis de la Terre<\/a><br \/>\n<\/i><\/div>\n<\/figcaption><\/figure>\n<\/p><\/div>\n<p>Au sein du r\u00e9seau Sortir du nucl\u00e9aire, les nouvelles ne sont pas non plus r\u00e9jouissantes. <i>\u00ab<small class=\"fine d-inline\">\u00a0<\/small>On a accus\u00e9 50\u00a0000 euros de d\u00e9ficit en 2023 et la dynamique s\u2019accentue,<\/i> raconte Jo\u00ebl Domenjoud, administrateur du r\u00e9seau. <i>On va aujourd\u2019hui vers les 80\u00a0000 euros, c\u2019est encore difficile \u00e0 \u00e9valuer, tout d\u00e9pend de la campagne de don de d\u00e9cembre.<small class=\"fine d-inline\">\u00a0<\/small>\u00bb<\/i><\/p>\n<h2 class=\"spip\">Une \u00ab<small class=\"fine d-inline\">\u00a0<\/small>d\u00e9gringolade collective<small class=\"fine d-inline\">\u00a0<\/small>\u00bb<\/h2>\n<p><i>\u00ab<small class=\"fine d-inline\">\u00a0<\/small>On a mis en place un budget participatif, une forme d\u2019autogouvernance avec les salari\u00e9s pour g\u00e9rer cette situation avec de l\u2019intelligence collective, voir les priorit\u00e9s \u00e0 faire et l\u00e0 o\u00f9 on pourrait rogner les budgets. Mais clairement, au sein du milieu \u00e9colo, on assiste \u00e0 une d\u00e9gringolade collective qui n\u00e9cessite un sursaut<small class=\"fine d-inline\">\u00a0<\/small>\u00bb<\/i>, juge Jo\u00ebl Domenjoud.<\/p>\n<p>La collecte aupr\u00e8s des particuliers n\u2019est pas le seul probl\u00e8me. Les associations qui misent sur les fondations et le m\u00e9c\u00e9nat d\u2019entreprises sont aussi difficult\u00e9. <i>\u00ab<small class=\"fine d-inline\">\u00a0<\/small>Nous allons probablement faire un d\u00e9ficit pour la deuxi\u00e8me ann\u00e9e cons\u00e9cutive, ce qui ne nous \u00e9tait pas arriv\u00e9 depuis vingt ans<small class=\"fine d-inline\">\u00a0<\/small>\u00bb<\/i>, annonce H\u00e9l\u00e8ne Gassin, la pr\u00e9sidente de l\u2019association N\u00e9gawatt.<\/p>\n<p>L\u2019organisation se finance par des subventions, principalement de l\u2019Ademe (l\u2019agence de la transition \u00e9cologique), les adh\u00e9sions et les dons de particuliers et le m\u00e9c\u00e9nat et les partenariats d\u2019entreprises. Ce sont ces deux derni\u00e8res sources qui se sont taries. En\u00a02023, le m\u00e9c\u00e9nat d\u2019entreprise, principalement du secteur des \u00e9nergies renouvelables, \u00e9tait d\u00e9j\u00e0 en baisse de 21<small class=\"fine d-inline\">\u00a0<\/small>% par rapport \u00e0 l\u2019ann\u00e9e pr\u00e9c\u00e9dente. <i>\u00ab<small class=\"fine d-inline\">\u00a0<\/small>Il y a un sujet de contexte \u00e9conomique g\u00e9n\u00e9ral,<\/i> observe H\u00e9l\u00e8ne Gassin. <i>Quand on contacte les entreprises en juin-juillet, la plupart nous r\u00e9pondent qu\u2019elles ne peuvent rien nous dire avant la fin du troisi\u00e8me trimestre, car elles-m\u00eames ne savent pas comment elles vont atterrir.<small class=\"fine d-inline\">\u00a0<\/small>\u00bb<\/i><\/p>\n<p>M\u00eame topo du c\u00f4t\u00e9 des fondations. <i>\u00ab<small class=\"fine d-inline\">\u00a0<\/small>Comme de nombreuses associations fran\u00e7aises du secteur de l\u2019\u00e9nergie et du climat, nous sommes beaucoup financ\u00e9s par l\u2019European Climate Foundation. Laquelle a subi des restrictions budg\u00e9taires dont nous sommes les victimes collat\u00e9rales<small class=\"fine d-inline\">\u00a0<\/small>\u00bb<\/i>, poursuit la pr\u00e9sidente.<\/p>\n<div class=\"spip_document_86956 spip_document spip_documents spip_document_image spip_documents_center spip_document_center spip_document_avec_legende\" data-legende-len=\"220\" data-legende-lenx=\"xxx\">\n<figure class=\"spip_doc_inner\">\n      <picture><source type=\"image\/webp\" srcset=\"https:\/\/reporterre.net\/local\/cache-vignettes\/L1050xH700\/03102023-nmn_8308_mobetconfdepressetaxesuperprofits__r_nnoman-2-193ea.jpg@.webp?1733506157\"><img decoding=\"async\" src=\"https:\/\/reporterre.net\/IMG\/jpg\/03102023-nmn_8308_mobetconfdepressetaxesuperprofits__r_nnoman-2.jpg\" width=\"1200\" height=\"800\" loading=\"lazy\" alt=\"\"\/><br \/>\n    <\/source><\/picture><figcaption class=\"spip_doc_legende\">\n<p>\u00ab<small class=\"fine d-inline\">\u00a0<\/small><small class=\"fine d-inline\">\u00a0<\/small>L\u2019argent existe, c\u2019est une question de volont\u00e9 politique de le mobiliser<small class=\"fine d-inline\">\u00a0<\/small><small class=\"fine d-inline\">\u00a0<\/small>\u00bb, assurait Soraya Fettih, de 350.org, lors d\u2019une action \u00e0 Paris visant les riches et les entreprises climaticides.<br \/>\n<i>\u00a9 NnoMan Cadoret\/Reporterre<br \/>\n<\/i><\/p>\n<\/figcaption><\/figure>\n<\/p><\/div>\n<p>En cons\u00e9quence, l\u2019\u00e9quipe a d\u00fb se serrer la ceinture\u00a0: <i>\u00ab<small class=\"fine d-inline\">\u00a0<\/small>Des projets relatifs \u00e0 la communication, au site internet\u2026 ont \u00e9t\u00e9 report\u00e9s ou annul\u00e9s. Nous avons renonc\u00e9 \u00e0 une embauche en communication.<small class=\"fine d-inline\">\u00a0<\/small>\u00bb<\/i> Ces mesures ont \u00e9t\u00e9 jusqu\u2019au licenciement \u00e9conomique d\u2019un salari\u00e9 sp\u00e9cialis\u00e9 en plaidoyer. <i>\u00ab<small class=\"fine d-inline\">\u00a0<\/small>C\u2019\u00e9tait notre derni\u00e8re cartouche. Nous n\u2019avions plus le choix<small class=\"fine d-inline\">\u00a0<\/small>\u00bb<\/i>, insiste la pr\u00e9sidente.<\/p>\n<h2 class=\"spip\">Des baisses de financements des R\u00e9gions<\/h2>\n<p>Du c\u00f4t\u00e9 des associations qui reposent sur des subventions publiques, ce n\u2019est gu\u00e8re mieux. Le R\u00e9seau Action Climat est actuellement suspendu \u00e0 l\u2019attente d\u2019une subvention de l\u2019Ademe qui risque de voir son budget amoindri, \u00e0 cause du contexte global d\u2019aust\u00e9rit\u00e9. Ces derni\u00e8res semaines, France Nature Environnement n\u2019a cess\u00e9 de recevoir des mauvaises nouvelles\u00a0: la r\u00e9gion Nouvelle-Aquitaine a d\u00e9cid\u00e9 de diminuer ses subventions aupr\u00e8s des associations \u2014 et donc de <span class=\"caps\">FNE<\/span> \u2014 de 50<small class=\"fine d-inline\">\u00a0<\/small>%, la r\u00e9gion Nord de 30<small class=\"fine d-inline\">\u00a0<\/small>%.<\/p>\n<p><i>\u00ab<small class=\"fine d-inline\">\u00a0<\/small>Beaucoup d\u2019acteurs publics ne nous donnent que 60 ou 70<small class=\"fine d-inline\">\u00a0<\/small>% de l\u2019enveloppe de la subvention attendue et nous disent que l\u2019on verra pour la suite l\u2019ann\u00e9e prochaine. On est incapable de dire aujourd\u2019hui si on boucle notre budget. On est dans un flou colossal<small class=\"fine d-inline\">\u00a0<\/small>\u00bb<\/i>, t\u00e9moigne le pr\u00e9sident de <span class=\"caps\">FNE<\/span> Antoine Gatet. Quand il a tent\u00e9 d\u2019interpeller Agn\u00e8s Pannier-Runacher, l\u2019ex-ministre de la Transition \u00e9cologique lui a s\u00e8chement r\u00e9pondu, <i>\u00ab<small class=\"fine d-inline\">\u00a0<\/small>chacun ses probl\u00e8mes<small class=\"fine d-inline\">\u00a0<\/small>\u00bb<\/i>.<\/p>\n<blockquote class=\"spip\">\n<p>\u00ab<small class=\"fine d-inline\">\u00a0<\/small>On est entr\u00e9 en mode survie<small class=\"fine d-inline\">\u00a0<\/small>\u00bb<\/p>\n<\/blockquote>\n<p><i>\u00ab<small class=\"fine d-inline\">\u00a0<\/small>C\u2019est la triple peine pour les associations\u00a0: la baisse du budget de l\u2019\u00c9tat se r\u00e9percute sur les Dreal [Direction r\u00e9gionale de l\u2019environnement, de l\u2019am\u00e9nagement et du logement] et sur les collectivit\u00e9s territoriales, puis sur nous<\/i>, constate-t-il. <i>On est entr\u00e9 en mode survie.<small class=\"fine d-inline\">\u00a0<\/small>\u00bb<\/i><\/p>\n<p>Au sein des Amis de la Terre, la situation est similaire. <i>\u00ab<small class=\"fine d-inline\">\u00a0<\/small>En 2016, 35<small class=\"fine d-inline\">\u00a0<\/small>% de notre budget reposait sur des subventions publiques, soit 280\u00a0000 euros. En 2023, elles ne repr\u00e9sentaient plus que 5<small class=\"fine d-inline\">\u00a0<\/small>% de notre budget. Soit 80\u00a0000 euros. Et en 2024, les subventions publiques correspondent \u00e0 seulement 70\u00a0000 euros, cela n\u2019arr\u00eate pas de baisser<small class=\"fine d-inline\">\u00a0<\/small>\u00bb<\/i>, constate Hugo Emo.<\/p>\n<h2 class=\"spip\">Une crise politique autant que budg\u00e9taire <\/h2>\n<p>Vu la teneur des r\u00e9cents d\u00e9bats parlementaires, l\u2019avenir para\u00eet sombre. Au cours de l\u2019examen du projet de loi de finances pour 2025 \u2014 avant la chute du gouvernement de Michel Barnier \u2014 <a target=\"_blank\" href=\"https:\/\/lareleveetlapeste.fr\/le-plf-2025-veut-supprimer-les-subventions-aux-associations-ecolo-jugees-trop-extremistes\/\" class=\"spip_out\" rel=\"external\">le <span class=\"caps\">RN<\/span> et la droite<\/a> ont men\u00e9 une offensive majeure contre le milieu \u00e9colo en proposant de <i>\u00ab<small class=\"fine d-inline\">\u00a0<\/small>suspendre les r\u00e9ductions d\u2019imp\u00f4ts dont peuvent b\u00e9n\u00e9ficier les donateurs de ces associations<small class=\"fine d-inline\">\u00a0<\/small>\u00bb<\/i>, jug\u00e9es <i>\u00ab<small class=\"fine d-inline\">\u00a0<\/small>extr\u00e9mistes<small class=\"fine d-inline\">\u00a0<\/small>\u00bb<\/i>. Si ces amendements \u00e9taient maintenus dans une nouvelle mouture du texte, ce serait un coup fatal pour les organisations militantes.<\/p>\n<p>Car, la crise est, au fond, politique. <i>\u00ab<small class=\"fine d-inline\">\u00a0<\/small>Nous sommes pris dans une grosse vague r\u00e9actionnaire qui d\u00e9passe la simple instabilit\u00e9 institutionnelle fran\u00e7aise. Et depuis le <a target=\"_blank\" href=\"https:\/\/reporterre.net\/Le-chantier-du-siecle-Macron-relance-le-nucleaire\">discours de Belfort<\/a> d\u2019Emmanuel Macron en\u00a02022, on assiste \u00e0 une esp\u00e8ce de revival des ann\u00e9es\u00a01970 avec un retour au tout-nucl\u00e9aire<small class=\"fine d-inline\">\u00a0<\/small>\u00bb<\/i>, s\u2019inqui\u00e8te H\u00e9l\u00e8ne Gassin de N\u00e9gawatt.<\/p>\n<p><i>\u00ab<small class=\"fine d-inline\">\u00a0<\/small>Les difficult\u00e9s financi\u00e8res que nous traversons sont indissociables de la question strat\u00e9gique<\/i>, estime Nicolas Haeringer de 350.org. <i>Face \u00e0 la multiplication des effets du <a target=\"_blank\" href=\"Qu-est-ce-que-le-rechauffement-climatique\">r\u00e9chauffement climatique<\/a> et \u00e0 la mont\u00e9e de l\u2019extr\u00eame droite, le mouvement \u00e9colo erre. On ne sait pas quoi faire dans ce marasme. On ne trouve pas la mani\u00e8re d\u2019embrayer et d\u2019op\u00e9rer la bascule. Le climatoscepticisme regagne du terrain. C\u2019est un substrat qui nous enl\u00e8ve de la force et les gens s\u2019interrogent. Pourquoi nous donneraient-ils du pognon si on perd<small class=\"fine d-inline\">\u00a0<\/small>?<small class=\"fine d-inline\">\u00a0<\/small>\u00bb<\/i><\/p>\n<blockquote class=\"spip\">\n<p>\u00ab<small class=\"fine d-inline\">\u00a0<\/small>Pourquoi nous donneraient-ils du pognon si on perd<small class=\"fine d-inline\">\u00a0<\/small>?<small class=\"fine d-inline\">\u00a0<\/small>\u00bb<\/p>\n<\/blockquote>\n<p>Un cercle vicieux se dessine, que retrace tr\u00e8s bien Jan, militant \u00e0 Action Justice Climat. <i>\u00ab<small class=\"fine d-inline\">\u00a0<\/small>Vu le contexte ultrar\u00e9pressif, il est de plus en plus difficile d\u2019organiser des mobilisations. On perd peu \u00e0 peu en visibilit\u00e9 et on obtient logiquement moins de dons, ce qui nous fragilise ensuite pour mener des campagnes d\u2019action. La boucle est boucl\u00e9e.<small class=\"fine d-inline\">\u00a0<\/small>\u00bb<\/i><\/p>\n<h2 class=\"spip\">Changer de strat\u00e9gie <\/h2>\n<p><i>\u00ab<small class=\"fine d-inline\">\u00a0<\/small>Il faut imp\u00e9rativement sortir de ce moment de d\u00e9prime militante<small class=\"fine d-inline\">\u00a0<\/small>\u00bb<\/i>, argue Jo\u00ebl Domenjoud. Plusieurs pistes strat\u00e9giques s\u2019esquissent, au gr\u00e9 des discussions collectives, pour reconqu\u00e9rir les esprits et retrouver de la marge de man\u0153uvre. Face \u00e0 l\u2019adversit\u00e9, le mouvement \u00e9colo devrait se positionner plus clairement en contre-pouvoir et assumer la conflictualit\u00e9 avec les autorit\u00e9s, plaident de nombreux militants. Tout en renfor\u00e7ant la solidarit\u00e9 en son sein, pour ne plus \u00eatre en concurrence les uns avec les autres.<\/p>\n<p><i>\u00ab<small class=\"fine d-inline\">\u00a0<\/small>On arrive au bout d\u2019une certaine logique<\/i>, estime Jo\u00ebl Domenjoud. <i>Il faut changer de m\u00e9thode. Vu que tout le monde a des difficult\u00e9s financi\u00e8res, chacun veut tirer la couverture \u00e0 soi, c\u2019est contre-productif, il faudrait imaginer plus de mutualisme dans nos luttes, et arr\u00eater de d\u00e9marcher les gens comme si on essayait de leur vendre un nouvel isolant pour leur toiture.<small class=\"fine d-inline\">\u00a0<\/small>\u00bb<\/i><\/p>\n<div class=\"spip_document_86938 spip_document spip_documents spip_document_image spip_documents_center spip_document_center spip_document_avec_legende\" data-legende-len=\"126\" data-legende-lenx=\"xx\">\n<figure class=\"spip_doc_inner\">\n      <picture><source type=\"image\/webp\" srcset=\"https:\/\/reporterre.net\/local\/cache-vignettes\/L1050xH700\/design_sans_titre_23_-2-bd964.jpg@.webp?1733500358\"><img decoding=\"async\" src=\"https:\/\/reporterre.net\/IMG\/jpg\/design_sans_titre_23_-2.jpg\" width=\"1200\" height=\"800\" loading=\"lazy\" alt=\"\"\/><br \/>\n    <\/source><\/picture><figcaption class=\"spip_doc_legende\">\n<div class=\"spip_doc_titre\">\u00ab<small class=\"fine d-inline\">\u00a0<\/small><small class=\"fine d-inline\">\u00a0<\/small>On a arrach\u00e9 plusieurs victoires juridiques ces derni\u00e8res semaines<small class=\"fine d-inline\">\u00a0<\/small><small class=\"fine d-inline\">\u00a0<\/small>\u00bb, raconte Antoine Gatet, de <span class=\"caps\"><span class=\"caps\">FNE<\/span><\/span>.<br \/>\n<i>Capture d\u2019\u00e9cran \/ <a target=\"_blank\" href=\"https:\/\/www.youtube.com\/watch?v=nMBLPJA8tR0\" class=\"spip_out\" rel=\"external\"><span class=\"caps\">FNE<\/span><\/a><br \/>\n<\/i><\/div>\n<\/figcaption><\/figure>\n<\/p><\/div>\n<p>Au cours de ce mois d\u00e9cisif de d\u00e9cembre, certaines initiatives donnent de l\u2019espoir. La derni\u00e8re campagne de France Nature Environnement centr\u00e9e sur <i>\u00ab<small class=\"fine d-inline\">\u00a0<\/small><a target=\"_blank\" href=\"https:\/\/fne.asso.fr\/justicieres-de-la-terre\" class=\"spip_out\" rel=\"external\">les justicier.e.s de la Terre<\/a><small class=\"fine d-inline\">\u00a0<\/small>\u00bb<\/i> fonctionne bien. <i>\u00ab<small class=\"fine d-inline\">\u00a0<\/small>On a arrach\u00e9 plusieurs victoires juridiques ces derni\u00e8res semaines contre la mine d\u2019or en Guyane ou la p\u00eache dans le golfe de Gascogne<\/i>, raconte Antoine Gatet, <i>et on attend des d\u00e9cisions de justices importantes contre la m\u00e9gabassine de Sainte-Soline ou l\u2019<a target=\"_blank\" href=\"https:\/\/reporterre.net\/A69\">A69<\/a>. On voit que cela paie. Les gens nous soutiennent et nous attendent sur ce terrain. Le r\u00e9seau juridique est notre bras arm\u00e9 pour d\u00e9fendre l\u2019\u00c9tat de droit.<small class=\"fine d-inline\">\u00a0<\/small>\u00bb<\/i><\/p>\n<p>Le grand retour des luttes locales \u2014 dont <i>Reporterre<\/i> vous contait <a target=\"_blank\" href=\"https:\/\/reporterre.net\/250-victoires-ecologistes-decouvrez-notre-carte-de-France-interactive\">les succ\u00e8s<\/a> lors de sa derni\u00e8re rencontre \u2014 est aussi inspirant. Loin de la d\u00e9prime ambiante, ces luttes de territoire ont su \u00eatre conqu\u00e9rantes. En dix ans, elles ont mis \u00e0 terre plus de <a target=\"_blank\" href=\"https:\/\/terresdeluttes.fr\/quand-la-lutte-lemporte\/\" class=\"spip_out\" rel=\"external\">164 projets<\/a> nuisibles pour l\u2019environnement. Avec des budgets ridicules \u2014 4\u00a0000 euros en moyenne par an \u2014 elles ont su terrasser des projets d\u2019infrastructures 10\u00a0000 fois plus co\u00fbteux et sauver du b\u00e9ton des dizaines de milliers d\u2019hectares. Et elles peuvent d\u00e9sormais compter en partie sur l\u2019association Terres de luttes, qui a lanc\u00e9 un <a target=\"_blank\" href=\"https:\/\/www.helloasso.com\/associations\/le-fonds-des-luttes\" class=\"spip_out\" rel=\"external\">fonds de dotation<\/a> tout sp\u00e9cialement pour les financer.<\/p>\n<aside class=\"boite_encarts\">\n<div class=\"encart encart_gris noprint\">\n<p><strong>Il est de retour.<\/strong><\/p>\n<p>Dans quelques semaines, Donald Trump se r\u00e9-installera \u00e0 la Maison Blanche.<\/p>\n<p>Un milliardaire, pour qui le r\u00e9chauffement climatique est \u00ab<small class=\"fine d-inline\">\u00a0<\/small>un canular<small class=\"fine d-inline\">\u00a0<\/small>\u00bb, sera \u00e0 la t\u00eate de la plus grande puissance mondiale.<\/p>\n<p>Dans une d\u00e9cennie cruciale pour l\u2019\u00e9cologie, nous ne pouvons pas nous permettre de perdre plus de temps.<\/p>\n<p>La soci\u00e9t\u00e9 civile doit continuer de se soulever, de se mobiliser et de faire pression sur les puissants.<\/p>\n<p>Mais pour agir, il faut savoir.<\/p>\n<p><strong>Depuis 11 ans, nous publions des articles de qualit\u00e9 sur l\u2019\u00e9cologie, en acc\u00e8s libre et sans publicit\u00e9, pour tous.<\/strong><\/p>\n<p>Nous avons la conviction que l\u2019urgence \u00e9cologique est l\u2019enjeu majeur de notre \u00e9poque.<br class=\"autobr\"\/><br \/>\n Et comme plus de 2 millions de lectrices et lecteurs chaque mois, vous partagez sans doute cette conviction&#8230;<\/p>\n<p>Alors si vous en avez les moyens, sachez qu\u2019un don, m\u00eame d\u20191\u20ac, est un acte de soutien fort pour l\u2019\u00e9cologie et le journalisme ind\u00e9pendant.<br class=\"autobr\"\/><br \/>\n (Et \u00e7a vous prendra moins de temps que la lecture de ce texte).<\/p>\n<p><strong>Si vous le pouvez, choisissez un soutien mensuel. Merci.<\/strong><\/p>\n<p><a target=\"_blank\" href=\"https:\/\/reporterre.net\/dons\" class=\"bt_soutenir\">Je soutiens <i>Reporterre<\/i><\/a><\/p>\n<\/p><\/div>\n<div class=\"encart encart_vert noprint montre_1023\">\n<div class=\"infolettre-form-container noprint\">\n<p>Abonnez-vous \u00e0 la lettre d\u2019info de Reporterre<\/p>\n<\/div><\/div>\n<\/aside>\n<aside class=\"boite_apresarticle encart_note\">\n<h4>Apr\u00e8s cet article<\/h4>\n<p>      <a target=\"_blank\" href=\"https:\/\/reporterre.net\/Sans-cap-comment-avancer-L-angoisse-des-ONG-ecologistes-apres-la-chute-du-gouvernement\" class=\"lien_article\">\n      <picture class=\"vignette_gauche\"><source type=\"image\/webp\" srcset=\"https:\/\/reporterre.net\/local\/cache-gd2\/fc\/872805c27524c8e700952a0b29a0bb.jpg@.webp?1733332210\"><img decoding=\"async\" src=\"https:\/\/reporterre.net\/local\/cache-gd2\/fc\/872805c27524c8e700952a0b29a0bb.jpg?1733332210\" width=\"450\" height=\"300\" alt=\"\" class=\"marge12\" loading=\"lazy\"\/><br \/>\n<\/source><\/picture>\n<p class=\"libelle\">\n<p>      Politique\n    <\/p>\n<p class=\"titre pol20\">\u00ab<small class=\"fine d-inline\">\u00a0<\/small>Sans cap, comment avancer<small class=\"fine d-inline\">\u00a0<\/small>?<small class=\"fine d-inline\">\u00a0<\/small>\u00bb L\u2019angoisse des <span class=\"caps\">ONG<\/span> \u00e9cologistes apr\u00e8s la chute du gouvernement<\/p>\n<p>      <\/a><br \/>\n    <\/aside>\n<aside class=\"boite_complement texte\">\n<p>      <!-- zone_forum --><br \/>\n          <\/aside>\n<aside class=\"boite_lireaussi noprint\">\n<\/aside>\n<aside class=\"colonne\">\n<div class=\"article_info cache_1023 noprint\">\n<p>    <span class=\"date\">7 d\u00e9cembre 2024  \u00e0 09h27<\/span><\/p>\n<p>    <span class=\"date_modif\">Mis \u00e0 jour le 7 d\u00e9cembre 2024 \u00e0 11h19<\/span>      <\/p>\n<p class=\"duree_lecture\">\n        Dur\u00e9e de lecture : 10 minutes\n      <\/p>\n<\/p><\/div>\n<div class=\"bloc_infolettre\">\n<div class=\"infolettre-form-container noprint\">\n<p>Abonnez-vous \u00e0 la lettre d\u2019info de Reporterre<\/p>\n<\/div><\/div>\n<\/aside>\n<div id=\"galerie\">\n  <img decoding=\"async\" src=\"\" class=\"principale\" id=\"principale\"\/><\/p>\n<p id=\"legende\">legende<\/p>\n<\/div>\n<footer class=\"noprint\">\n<\/footer>\n<\/div>\n<p><br \/>\n<br \/><a href=\"https:\/\/reporterre.net\/Chute-des-dons-et-des-subventions-les-associations-ecologistes-n-ont-plus-d-argent\" target=\"_blank\"\">Source link <\/a><\/p>\n","protected":false},"excerpt":{"rendered":"<p>Le mouvement \u00e9cologiste continue \u00e0 affronter des vents contraires. Et ce mois de d\u00e9cembre pourrait \u00eatre un moment charni\u00e8re. De nombreuses associations engag\u00e9es en faveur du climat et de la&hellip; <\/p>\n","protected":false},"author":1,"featured_media":1731,"comment_status":"open","ping_status":"open","sticky":false,"template":"","format":"standard","meta":{"footnotes":""},"categories":[1],"tags":[],"class_list":["post-1730","post","type-post","status-publish","format-standard","has-post-thumbnail","hentry","category-non-classe"],"_links":{"self":[{"href":"https:\/\/monde25.info\/index.php\/wp-json\/wp\/v2\/posts\/1730","targetHints":{"allow":["GET"]}}],"collection":[{"href":"https:\/\/monde25.info\/index.php\/wp-json\/wp\/v2\/posts"}],"about":[{"href":"https:\/\/monde25.info\/index.php\/wp-json\/wp\/v2\/types\/post"}],"author":[{"embeddable":true,"href":"https:\/\/monde25.info\/index.php\/wp-json\/wp\/v2\/users\/1"}],"replies":[{"embeddable":true,"href":"https:\/\/monde25.info\/index.php\/wp-json\/wp\/v2\/comments?post=1730"}],"version-history":[{"count":0,"href":"https:\/\/monde25.info\/index.php\/wp-json\/wp\/v2\/posts\/1730\/revisions"}],"wp:featuredmedia":[{"embeddable":true,"href":"https:\/\/monde25.info\/index.php\/wp-json\/wp\/v2\/media\/1731"}],"wp:attachment":[{"href":"https:\/\/monde25.info\/index.php\/wp-json\/wp\/v2\/media?parent=1730"}],"wp:term":[{"taxonomy":"category","embeddable":true,"href":"https:\/\/monde25.info\/index.php\/wp-json\/wp\/v2\/categories?post=1730"},{"taxonomy":"post_tag","embeddable":true,"href":"https:\/\/monde25.info\/index.php\/wp-json\/wp\/v2\/tags?post=1730"}],"curies":[{"name":"wp","href":"https:\/\/api.w.org\/{rel}","templated":true}]}}