{"id":1732,"date":"2024-12-08T03:15:03","date_gmt":"2024-12-08T02:15:03","guid":{"rendered":"https:\/\/monde25.info\/index.php\/2024\/12\/08\/la-turquie-met-en-oeuvre-en-syrie-la-doctrine-du-neo-ottomanisme\/"},"modified":"2024-12-08T03:15:03","modified_gmt":"2024-12-08T02:15:03","slug":"la-turquie-met-en-oeuvre-en-syrie-la-doctrine-du-neo-ottomanisme","status":"publish","type":"post","link":"https:\/\/monde25.info\/index.php\/2024\/12\/08\/la-turquie-met-en-oeuvre-en-syrie-la-doctrine-du-neo-ottomanisme\/","title":{"rendered":"La Turquie met en \u0153uvre en Syrie la doctrine du n\u00e9o-ottomanisme"},"content":{"rendered":"<p> <br \/>\n<\/p>\n<div>\n<ol class=\"campaign-loop campaign-list\">\n<li id=\"campaign-433393\" class=\"post-433393 campaign type-campaign status-publish hentry campaign-has-goal campaign-has-not-achieved-goal campaign-has-end-date campaign-has-not-ended\">\n\t<a target=\"_blank\" href=\"https:\/\/reseauinternational.net\/campaigns\/campagne-de-dons-decembre-2024\/\"><\/p>\n<h3>Campagne de dons D\u00e9cembre 2024<\/h3>\n<p>\t\t\t<\/a><\/p>\n<p>\n\tChers amis lecteurs, R\u00e9seau International a de nouveau besoin de vous. Gr\u00e2ce \u00e0 vous, nous avons pu nous doter d\u2019un serveur plus s\u00e9curis\u00e9, avec des capacit\u00e9s bien plus aptes \u00e0 g\u00e9rer la tr\u00e8s grosse taille des donn\u00e9es du site et son important trafic. C\u2019est gr\u00e2ce \u00e0 vos dons que nous pouvons garder notre ind\u00e9pendance et\u00a0 vous fournir le meilleur de l\u2019information internationale alternative. Votre soutien nous est indispensable; nous comptons sur vous.<\/p>\n<p>\n<span class=\"amount\">2 356,00\u00a0\u20ac<\/span> de l\u2019objectif de <span class=\"goal-amount\">25 000,00\u00a0\u20ac<\/span> atteint<\/p>\n<\/li>\n<\/ol>\n<p>par <strong>Alexandr Svaranc<\/strong><\/p>\n<p><strong>Ankara nie officiellement son implication dans l\u2019escalade des tensions militaires en Syrie. En r\u00e9alit\u00e9, la trace turque est ouvertement visible dans la conqu\u00eate des provinces d\u2019Alep et d\u2019Idlib.<\/strong><\/p>\n<h5 class=\"wp-block-heading\"><strong>Les signes de la \u00abtrace turque\u00bb dans l\u2019escalade syrienne<\/strong><\/h5>\n<p>Juste apr\u00e8s la signature d\u2019un accord de cessez-le-feu entre Tel-Aviv et Beyrouth sous la m\u00e9diation de Washington et Paris, quatre ans apr\u00e8s la signature en mars 2020 d\u2019un document similaire entre la Russie, qui soutient les autorit\u00e9s l\u00e9gitimes de la R\u00e9publique arabe syrienne (RAS), et la Turquie concernant la stabilisation de la situation en Syrie, des groupes terroristes radicaux pro-turcs comme Hayat Tahrir al-Cham (HTC, organisation interdite en Russie) et l\u2019Arm\u00e9e nationale syrienne (ANS, organisation interdite en Russie) ont soudainement lanc\u00e9 une op\u00e9ration militaire minutieusement pr\u00e9par\u00e9e contre les forces gouvernementales de Damas et la population kurde dans le nord-ouest du pays. En quelques jours, les terroristes ont conquis les provinces strat\u00e9giquement importantes d\u2019Alep et d\u2019Idlib.<\/p>\n<p>Ankara nie officiellement toute implication dans cette escalade. Cependant, le minist\u00e8re turc des Affaires \u00e9trang\u00e8res a tent\u00e9 de rejeter la responsabilit\u00e9 sur les \u00c9tats-Unis et Isra\u00ebl, qui sont int\u00e9ress\u00e9s par une aggravation de la situation g\u00e9opolitique dans la r\u00e9gion, l\u2019internationalisation du conflit, et n\u2019excluent pas une agression contre l\u2019Iran.<\/p>\n<p>Dans l\u2019ensemble, ce point de vue du minist\u00e8re turc des Affaires \u00e9trang\u00e8res m\u00e9rite d\u2019\u00eatre pris en compte, car les \u00c9tats-Unis et Isra\u00ebl ne cachent pas leur attitude n\u00e9gative envers l\u2019Iran. De plus, le Premier ministre isra\u00e9lien Benjamin Netanyahou a justifi\u00e9 la conclusion de l\u2019accord de cessez-le-feu avec le Liban par ses projets de se concentrer sur un conflit potentiel avec l\u2019Iran. En outre, Netanyahou, en rendant public le contenu de l\u2019accord avec Beyrouth, a menac\u00e9 le dirigeant syrien Bachar al-Assad de ne pas commettre d\u2019actions imprudentes susceptibles de provoquer un conflit direct avec Isra\u00ebl.<\/p>\n<p>Tel-Aviv, dans le sud du Liban, a port\u00e9 un coup significatif \u00e0 la principale force proxy pro-iranienne, l\u2019organisation chiite Hezbollah, et au potentiel des Gardiens de la r\u00e9volution islamique (GRI). La Syrie reste un alli\u00e9 r\u00e9gional cl\u00e9 de l\u2019Iran, \u00e0 travers lequel transite l\u2019aide militaire au Hezbollah. Par cons\u00e9quent, la localisation de la Syrie fait partie des plans du commandement de l\u2019arm\u00e9e isra\u00e9lienne. En outre, Isra\u00ebl vise \u00e0 l\u00e9gitimer son occupation des hauteurs du Golan afin d\u2019assurer la s\u00e9curit\u00e9 strat\u00e9gique de l\u2019\u00c9tat juif. Netanyahou, dans ses plans agressifs, compte sur le soutien du 47\u00e8me pr\u00e9sident nouvellement \u00e9lu des \u00c9tats-Unis, Donald Trump, connu pour sa politique pro-isra\u00e9lienne radicale.<\/p>\n<p>Cependant, comment Isra\u00ebl et les \u00c9tats-Unis peuvent-ils l\u00e9gitimer l\u2019occupation des hauteurs du Golan sinon par le biais de la partition de la RAS par des actions militaires ? Dans le m\u00eame temps, la Turquie voisine conserve \u00e9galement certaines ambitions territoriales envers la Syrie, ayant annonc\u00e9 en 2009 la doctrine du n\u00e9o-ottomanisme appliqu\u00e9e aux pays et peuples pr\u00e9c\u00e9demment inclus dans l\u2019Empire ottoman.<\/p>\n<p>Ankara d\u00e9finit la menace du s\u00e9paratisme kurde comme pr\u00e9texte officiel \u00e0 sa politique anti-syrienne. La Turquie estime que l\u2019autonomisation du Kurdistan syrien (Rojava) dans le nord-ouest de la R\u00e9publique arabe syrienne (RAS) est soutenue par les \u00c9tats-Unis et Isra\u00ebl, \u00e0 l\u2019image du Kurdistan irakien. Cependant, si Ankara, pour des raisons d\u2019int\u00e9r\u00eat \u00e9conomique, entretient une coop\u00e9ration constructive avec le r\u00e9gime pro-occidental du clan Barzani \u00e0 Erbil, \u00e0 Tell Rifaat, les Turcs adoptent une approche diam\u00e9tralement oppos\u00e9e.<\/p>\n<p>Notamment, Erdogan met en \u0153uvre une politique d\u2019\u00e9tablissement de la responsabilit\u00e9 turque sur une zone de s\u00e9curit\u00e9 de 30 kilom\u00e8tres dans le nord-ouest de la Syrie, en s\u2019appuyant sur une population ethniquement turkm\u00e8ne et religieusement sunnite. En cons\u00e9quence, Ankara utilise \u00e0 cette fin des structures de combat radicales oppos\u00e9es au r\u00e9gime de B. Assad, telles que Hayat Tahrir al-Cham (HTS) et l\u2019Arm\u00e9e nationale syrienne (SNA).<\/p>\n<p>Les signes indirects de l\u2019implication turque dans les r\u00e9cents \u00e9v\u00e9nements d\u2019escalade militaire en Syrie incluent : le soutien politico-militaire d\u2019Ankara au HTS et \u00e0 la SNA (organisations interdites en Russie) ; la fourniture de drones turcs, le partage d\u2019informations op\u00e9rationnelles, l\u2019utilisation d\u2019un corps de conseillers militaires ; l\u2019introduction des livres turques dans les transactions commerciales sur les territoires occup\u00e9s des provinces d\u2019Alep et d\u2019Idlib ; l\u2019affichage dans les localit\u00e9s occup\u00e9es de symboles turcs et ottomans (drapeaux, portraits d\u2019Atat\u00fcrk et d\u2019Erdogan, totem des \u00abLoups gris\u00bb). Il est notable que la fille de Recep Erdogan, Esra Erdogan, a publi\u00e9 un message sur les r\u00e9seaux sociaux f\u00e9licitant les \u00abr\u00e9volutionnaires fr\u00e8res\u00bb pour leur victoire \u00e0 Alep et pour avoir hiss\u00e9 le drapeau de l\u2019Empire ottoman.<\/p>\n<h5 class=\"wp-block-heading\"><strong>Que peut attendre la Turquie ?<\/strong><\/h5>\n<p>Apr\u00e8s le d\u00e9but de l\u2019op\u00e9ration militaire des Forces de d\u00e9fense isra\u00e9liennes dans le sud du Liban, Erdogan n\u2019a pas exclu qu\u2019Isra\u00ebl puisse \u00e0 terme mener une agression militaire contre la Turquie. Cependant, comment Isra\u00ebl, sans fronti\u00e8re directe avec la Turquie, pourrait-il occuper l\u2019Anatolie ? Les Turcs n\u2019ont pas fourni d\u2019explications. Toutefois, d\u2019une part, si les \u00c9tats-Unis soutiennent r\u00e9ellement un conflit militaire d\u2019Isra\u00ebl contre la Syrie et l\u00e9gitiment l\u2019occupation du plateau du Golan (et o\u00f9 s\u2019arr\u00eatera la fronti\u00e8re r\u00e9elle des hostilit\u00e9s au sud de la RAS reste incertain), et d\u2019autre part, si la Turquie, via ses forces suppl\u00e9tives, parvient sous pr\u00e9texte de lutte contre la menace s\u00e9paratiste kurde \u00e0 consolider sa pr\u00e9sence dans le nord-ouest de la RAS, alors le d\u00e9mant\u00e8lement territorial de la Syrie actuelle deviendra une r\u00e9alit\u00e9, tout comme le contact g\u00e9ographique entre Isra\u00ebl et la Turquie. Ce sc\u00e9nario oblige la Turquie \u00e0 compter sur la bienveillance des \u00c9tats-Unis et d\u2019Isra\u00ebl.<\/p>\n<p>Les \u00c9tats-Unis et Isra\u00ebl ont int\u00e9r\u00eat \u00e0 \u00e9carter l\u2019Iran et la Russie de Syrie, un pays cl\u00e9 de la M\u00e9diterran\u00e9e orientale, ce qui leur permettrait de remodeler le Moyen-Orient selon leur diktat. Dans cette strat\u00e9gie r\u00e9gionale am\u00e9ricaine, la Turquie n\u2019est qu\u2019une pi\u00e8ce du plan global.<\/p>\n<p>La Russie et l\u2019Iran ont officiellement condamn\u00e9 l\u2019agression des organisations terroristes mentionn\u00e9es contre la Syrie, la qualifiant d\u2019attentat \u00e0 la souverainet\u00e9 syrienne et de facteur d\u2019escalade dans la r\u00e9gion, en contradiction avec la logique du processus de n\u00e9gociation d\u2019Astana impliquant la Turquie. Cependant, T\u00e9h\u00e9ran et Moscou ne se limitent pas \u00e0 des d\u00e9clarations formelles et intensifient leur assistance diplomatique et militaire au gouvernement syrien pour r\u00e9tablir la souverainet\u00e9 et la paix.<\/p>\n<p>Dans ce cadre, l\u2019Iran a transf\u00e9r\u00e9 des groupes chiites d\u2019Irak vers la Syrie pour soutenir le r\u00e9gime de B. Assad. De nouveaux sp\u00e9cialistes et unit\u00e9s des Gardiens de la r\u00e9volution islamique (GRI), notamment le g\u00e9n\u00e9ral Javad Ghaffari, chef du d\u00e9partement des op\u00e9rations sp\u00e9ciales du renseignement des GRI, ont \u00e9t\u00e9 envoy\u00e9s \u00e0 Damas ; des unit\u00e9s des forces sp\u00e9ciales des GRI sont \u00e9galement transf\u00e9r\u00e9es \u00e0 la base militaire russe de Hmeimim. L\u2019aviation russe fournit un soutien a\u00e9rien aux troupes gouvernementales syriennes, ciblant avec pr\u00e9cision les bases des combattants pro-turcs.<\/p>\n<p>Le ministre iranien des Affaires \u00e9trang\u00e8res, Abbas Araghchi, a effectu\u00e9 des visites dans les pays du Moyen-Orient, y compris en Turquie. Il a r\u00e9affirm\u00e9 le soutien ferme de T\u00e9h\u00e9ran au gouvernement syrien dirig\u00e9 par B. Assad et exprim\u00e9 sa volont\u00e9 d\u2019aider \u00e0 r\u00e9primer l\u2019agression de l\u2019opposition radicale. \u00c0 Ankara, selon l\u2019agence Anadolu, son homologue turc Hakan Fidan a soulign\u00e9 que la Turquie ne souhaitait pas une escalade suppl\u00e9mentaire de la guerre civile en Syrie. N\u00e9anmoins, H. Fidan a estim\u00e9 qu\u2019il \u00e9tait erron\u00e9 d\u2019interpr\u00e9ter les r\u00e9cents \u00e9v\u00e9nements en Syrie comme une forme d\u2019\u00abing\u00e9rence ext\u00e9rieure\u00bb.<\/p>\n<p>En traduisant le langage diplomatique de Fidan en termes simples, cela revient \u00e0 dire que la Turquie n\u2019y est pour rien et que les terroristes agissent de mani\u00e8re autonome. Cependant, la r\u00e9alit\u00e9 diff\u00e8re quelque peu de cette affirmation, car le m\u00eame ministre turc reconnaissait la veille que les terroristes (en l\u2019occurrence kurdes) ne pourraient pas r\u00e9sister \u00abplus de trois jours\u00bb sans un soutien ext\u00e9rieur (am\u00e9ricano-isra\u00e9lien). Cette observation est juste, mais les forces suppl\u00e9tives pro-turques ne peuvent non plus r\u00e9sister contre les forces combin\u00e9es de l\u2019arm\u00e9e gouvernementale syrienne, de l\u2019aviation russe et des forces sp\u00e9ciales iraniennes sans un soutien ext\u00e9rieur (lire : turc).<\/p>\n<p>La Turquie semble comprendre que l\u2019Iran et la Russie ne renonceront pas \u00e0 leur position ferme de soutien \u00e0 la Syrie. Si Ankara bl\u00e2me les \u00c9tats-Unis et Isra\u00ebl pour l\u2019escalade syrienne (plus pr\u00e9cis\u00e9ment J. Biden et B. Netanyahou, car Erdogan semble esp\u00e9rer restaurer des relations d\u2019alliance avec l\u2019administration Trump), que faire alors de la Russie et de l\u2019Iran ? Ankara pourrait se retrouver isol\u00e9e, ce qui entra\u00eenerait de nouveaux probl\u00e8mes en mati\u00e8re de d\u00e9fense, de s\u00e9curit\u00e9, ainsi que sur les plans financier et \u00e9conomique.<\/p>\n<p>Pendant ce temps, Fidan propose \u00e0 Damas de se r\u00e9concilier avec une \u00abopposition l\u00e9gitime\u00bb (il semble que la Turquie d\u00e9signe par ce terme les Turkm\u00e8nes ethniquement proches, mais c\u2019est aux Syriens, et non aux Turcs, de d\u00e9terminer qui est l\u00e9gitime dans l\u2019opposition).<\/p>\n<p>Consciente des cons\u00e9quences potentielles de l\u2019agression commise, Ankara d\u00e9cide d\u2019afficher publiquement son soutien \u00e0 l\u2019arr\u00eat de l\u2019escalade militaire et \u00e0 la poursuite du processus de n\u00e9gociation. D\u2019autant plus que B. Assad a transmis, via l\u2019Irak, des signaux \u00e0 R. Erdogan indiquant sa volont\u00e9 d\u2019entamer des pourparlers. Mais \u00e0 quelles conditions ces pourparlers pourraient-ils avoir lieu, et Ankara en sortira-t-elle avec des \u00abatouts\u00bb ?<\/p>\n<p>Le ministre russe des Affaires \u00e9trang\u00e8res, Sergue\u00ef Lavrov, dans ses entretiens t\u00e9l\u00e9phoniques avec ses homologues du format d\u2019Astana, a r\u00e9affirm\u00e9 la position de Moscou sur les \u00e9v\u00e9nements en Syrie et appel\u00e9 ses partenaires \u00e0 un travail collectif pour contenir les tensions. Les pr\u00e9sidents russe et iranien (V. Poutine et M. Pezeshkian) ont tenu des discussions t\u00e9l\u00e9phoniques sur la situation en Syrie, qualifi\u00e9 de provocation massive l\u2019agression des groupes terroristes, soutenu le droit de Damas \u00e0 restaurer l\u2019int\u00e9grit\u00e9 territoriale de la RAS, et soulign\u00e9 l\u2019importance de la coordination des efforts dans le cadre du format d\u2019Astana impliquant la Turquie. Autrement dit, en r\u00e9ponse aux provocations turques ou pro-turques en RAS, la Russie maintient pour l\u2019instant un ton mesur\u00e9 et fait preuve de loyaut\u00e9 envers la Turquie, esp\u00e9rant la clairvoyance politique de ses coll\u00e8gues turcs.<\/p>\n<p>source : <a target=\"_blank\" href=\"https:\/\/journal-neo.su\/fr\/2024\/12\/06\/la-turquie-met-en-oeuvre-en-syrie-la-doctrine-du-neo-ottomanisme\/\" target=\"_blank\" rel=\"noopener\" title=\"\">New Eastern Outlook<\/a><\/p>\n<div class=\"sharedaddy sd-block sd-like jetpack-likes-widget-wrapper jetpack-likes-widget-unloaded\" id=\"like-post-wrapper-237719536-434151-6754ed81b3fdf\" data-src=\"https:\/\/widgets.wp.com\/likes\/?ver=14.1#blog_id=237719536&amp;post_id=434151&amp;origin=reseauinternational.net&amp;obj_id=237719536-434151-6754ed81b3fdf&amp;n=1\" data-name=\"like-post-frame-237719536-434151-6754ed81b3fdf\" data-title=\"Aimer ou rebloguer\">\n<h3 class=\"sd-title\">J\u2019aime \u00e7a\u00a0:<\/h3>\n<p><span class=\"button\"><span>J\u2019aime<\/span><\/span> <span class=\"loading\">chargement\u2026<\/span><\/p>\n<p><span class=\"sd-text-color\"\/><a target=\"_blank\" class=\"sd-link-color\"\/><\/div>\n<p><meta itemscope=\"\" itemprop=\"mainEntityOfPage\" itemtype=\"https:\/\/schema.org\/WebPage\" itemid=\"https:\/\/reseauinternational.net\/la-turquie-met-en-oeuvre-en-syrie-la-doctrine-du-neo-ottomanisme\/\"\/><meta itemprop=\"headline\" content=\"La Turquie met en \u0153uvre en Syrie la doctrine du n\u00e9o-ottomanisme\"\/><span style=\"display: none;\" itemprop=\"author\" itemscope=\"\" itemtype=\"https:\/\/schema.org\/Person\"><meta itemprop=\"name\" content=\"R\u00e9seau International\"\/><\/span><span style=\"display: none;\" itemprop=\"image\" itemscope=\"\" itemtype=\"https:\/\/schema.org\/ImageObject\"><meta itemprop=\"url\" content=\"https:\/\/i0.wp.com\/reseauinternational.net\/wp-content\/uploads\/2024\/12\/Sans-titre-38-1.png?fit=800%2C467&amp;ssl=1\"\/><meta itemprop=\"width\" content=\"800\"\/><meta itemprop=\"height\" content=\"467\"\/><\/span><span style=\"display: none;\" itemprop=\"publisher\" itemscope=\"\" itemtype=\"https:\/\/schema.org\/Organization\"><span style=\"display: none;\" itemprop=\"logo\" itemscope=\"\" itemtype=\"https:\/\/schema.org\/ImageObject\"><meta itemprop=\"url\" content=\"https:\/\/reseauinternational.net\/wp-content\/uploads\/2022\/06\/Capture-de\u0301cran-2022-06-14-a\u0300-16.51.07.png\"\/><\/span><meta itemprop=\"name\" content=\"R\u00e9seau International\"\/><\/span><meta itemprop=\"datePublished\" content=\"2024-12-07T15:20:31+00:00\"\/><meta itemprop=\"dateModified\" content=\"2024-12-07T15:20:45+00:00\"\/><\/div>\n<p><br \/>\n<br \/><a href=\"https:\/\/reseauinternational.net\/la-turquie-met-en-oeuvre-en-syrie-la-doctrine-du-neo-ottomanisme\/\" target=\"_blank\"\">Source link <\/a><\/p>\n","protected":false},"excerpt":{"rendered":"<p>Campagne de dons D\u00e9cembre 2024 Chers amis lecteurs, R\u00e9seau International a de nouveau besoin de vous. Gr\u00e2ce \u00e0 vous, nous avons pu nous doter d\u2019un serveur plus s\u00e9curis\u00e9, avec des&hellip; <\/p>\n","protected":false},"author":1,"featured_media":1733,"comment_status":"open","ping_status":"open","sticky":false,"template":"","format":"standard","meta":{"footnotes":""},"categories":[1],"tags":[],"class_list":["post-1732","post","type-post","status-publish","format-standard","has-post-thumbnail","hentry","category-non-classe"],"_links":{"self":[{"href":"https:\/\/monde25.info\/index.php\/wp-json\/wp\/v2\/posts\/1732","targetHints":{"allow":["GET"]}}],"collection":[{"href":"https:\/\/monde25.info\/index.php\/wp-json\/wp\/v2\/posts"}],"about":[{"href":"https:\/\/monde25.info\/index.php\/wp-json\/wp\/v2\/types\/post"}],"author":[{"embeddable":true,"href":"https:\/\/monde25.info\/index.php\/wp-json\/wp\/v2\/users\/1"}],"replies":[{"embeddable":true,"href":"https:\/\/monde25.info\/index.php\/wp-json\/wp\/v2\/comments?post=1732"}],"version-history":[{"count":0,"href":"https:\/\/monde25.info\/index.php\/wp-json\/wp\/v2\/posts\/1732\/revisions"}],"wp:featuredmedia":[{"embeddable":true,"href":"https:\/\/monde25.info\/index.php\/wp-json\/wp\/v2\/media\/1733"}],"wp:attachment":[{"href":"https:\/\/monde25.info\/index.php\/wp-json\/wp\/v2\/media?parent=1732"}],"wp:term":[{"taxonomy":"category","embeddable":true,"href":"https:\/\/monde25.info\/index.php\/wp-json\/wp\/v2\/categories?post=1732"},{"taxonomy":"post_tag","embeddable":true,"href":"https:\/\/monde25.info\/index.php\/wp-json\/wp\/v2\/tags?post=1732"}],"curies":[{"name":"wp","href":"https:\/\/api.w.org\/{rel}","templated":true}]}}