{"id":1734,"date":"2024-12-08T03:48:10","date_gmt":"2024-12-08T02:48:10","guid":{"rendered":"https:\/\/monde25.info\/index.php\/2024\/12\/08\/presidentielle-annulee-en-roumanie-un-coup-detat-affirme-georgescu-le-candidat-en-tete-au-premier-tour\/"},"modified":"2024-12-08T03:48:10","modified_gmt":"2024-12-08T02:48:10","slug":"presidentielle-annulee-en-roumanie-un-coup-detat-affirme-georgescu-le-candidat-en-tete-au-premier-tour","status":"publish","type":"post","link":"https:\/\/monde25.info\/index.php\/2024\/12\/08\/presidentielle-annulee-en-roumanie-un-coup-detat-affirme-georgescu-le-candidat-en-tete-au-premier-tour\/","title":{"rendered":"Pr\u00e9sidentielle annul\u00e9e en Roumanie : \u00ab\u00a0un coup d&rsquo;Etat\u00a0\u00bb, affirme Georgescu le candidat en-t\u00eate au premier tour"},"content":{"rendered":"<p> <br \/>\n<\/p>\n<div>\n<p><span data-contrast=\"auto\">Apr\u00e8s la mise en garde de Washington mercredi envers la Roumanie contre les \u00ab\u00a0graves cons\u00e9quences n\u00e9gatives\u00a0\u00bb que produirait un \u00e9loignement du pays de l&rsquo;Occident alors que le candidat nationaliste Calin Georgescu est en situation favorable \u00e0 l&rsquo;issue du premier tour de la pr\u00e9sidentielle, ce premier tour est tout simplement annul\u00e9e.<\/span><span data-ccp-props=\"{&quot;134233117&quot;:false,&quot;134233118&quot;:false,&quot;335551550&quot;:0,&quot;335551620&quot;:0,&quot;335559738&quot;:300,&quot;335559739&quot;:300}\">\u00a0<\/span><\/p>\n<p><span data-contrast=\"auto\">Le candidat nationaliste Calin Georgescu, arriv\u00e9 en t\u00eate du premier tour de la pr\u00e9sidentielle en Roumanie en novembre, a d\u00e9nonc\u00e9 une forme de \u00ab\u00a0coup d&rsquo;\u00c9tat\u00a0\u00bb vendredi apr\u00e8s l&rsquo;annonce par la Cour constitutionnelle roumaine de l&rsquo;annulation du scrutin.<\/span><span data-ccp-props=\"{&quot;134233117&quot;:false,&quot;134233118&quot;:false,&quot;335559738&quot;:300,&quot;335559739&quot;:300}\">\u00a0<\/span><\/p>\n<p><span data-contrast=\"auto\">\u00ab\u00a0C&rsquo;est tout simplement un coup d&rsquo;\u00c9tat organis\u00e9&#8230; Notre d\u00e9mocratie est en danger\u00a0\u00bb, a d\u00e9clar\u00e9 dans un message vid\u00e9o cet ancien haut fonctionnaire de 62 ans, critique de l&rsquo;UE, de l&rsquo;Otan et de toute aide militaire \u00e0 l&rsquo;Ukraine, appelant \u00e0 rester \u00ab\u00a0confiant dans notre id\u00e9al commun\u00a0\u00bb malgr\u00e9 l&rsquo;annulation du scrutin fond\u00e9e sur des suspicions d&rsquo;interf\u00e9rence russe via le r\u00e9seau TikTok.<\/span><span data-ccp-props=\"{&quot;134233117&quot;:false,&quot;134233118&quot;:false,&quot;335559738&quot;:300,&quot;335559739&quot;:300}\">\u00a0<\/span><\/p>\n<p><span data-contrast=\"auto\">Le chef d&rsquo;\u00c9tat roumain Klaus Iohannis a annonc\u00e9 vendredi, apr\u00e8s l&rsquo;annulation du scrutin pr\u00e9sidentiel, rester en poste jusqu&rsquo;\u00e0 l&rsquo;\u00e9lection de son successeur, \u00e0 une date qui sera fix\u00e9e par le futur gouvernement issu des l\u00e9gislatives.<\/span><span data-ccp-props=\"{&quot;134233117&quot;:false,&quot;134233118&quot;:false,&quot;335551550&quot;:0,&quot;335551620&quot;:0,&quot;335559738&quot;:300,&quot;335559739&quot;:300}\">\u00a0<\/span><\/p>\n<p><span data-contrast=\"auto\">\u00ab\u00a0Je reste en fonction jusqu&rsquo;\u00e0 ce qu&rsquo;un nouveau pr\u00e9sident soit \u00e9lu\u00a0\u00bb, a d\u00e9clar\u00e9 le dirigeant pro-europ\u00e9en dans une allocution solennelle, ajoutant \u00e0 l&rsquo;intention \u00ab\u00a0des investisseurs, de l&rsquo;UE et de l&rsquo;Otan\u00a0\u00bb que la Roumanie restait \u00ab\u00a0un pays stable et solide\u00a0\u00bb.<\/span><span data-ccp-props=\"{&quot;134233117&quot;:false,&quot;134233118&quot;:false,&quot;335551550&quot;:0,&quot;335551620&quot;:0,&quot;335559738&quot;:300,&quot;335559739&quot;:300}\">\u00a0<\/span><\/p>\n<p><span data-ccp-props=\"{&quot;134233117&quot;:false,&quot;134233118&quot;:false,&quot;335559738&quot;:300,&quot;335559739&quot;:300}\">\u00a0<\/span><\/p>\n<p><span data-ccp-props=\"{}\">\u00a0<\/span><\/p>\n<\/div>\n<p><script>(function(d, s, id) {  var js, fjs = d.getElementsByTagName(s)[0];  if (d.getElementById(id)) return;  js = d.createElement(s); js.id = id;  js.src = \"\/\/connect.facebook.net\/fr_FR\/sdk.js#xfbml=1&version=v2.3\";  fjs.parentNode.insertBefore(js, fjs);}(document, \"script\", \"facebook-jssdk\"));<\/script><br \/>\n<br \/><br \/>\n<br \/><a href=\"https:\/\/www.francesoir.fr\/politique-monde\/presidentielle-annulee-en-roumanie-un-coup-d-etat-affirme-georgescu-le-candidat-en\" target=\"_blank\"\">Source link <\/a><\/p>\n","protected":false},"excerpt":{"rendered":"<p>Apr\u00e8s la mise en garde de Washington mercredi envers la Roumanie contre les \u00ab\u00a0graves cons\u00e9quences n\u00e9gatives\u00a0\u00bb que produirait un \u00e9loignement du pays de l&rsquo;Occident alors que le candidat nationaliste Calin&hellip; <\/p>\n","protected":false},"author":1,"featured_media":1735,"comment_status":"open","ping_status":"open","sticky":false,"template":"","format":"standard","meta":{"footnotes":""},"categories":[1],"tags":[],"class_list":["post-1734","post","type-post","status-publish","format-standard","has-post-thumbnail","hentry","category-non-classe"],"_links":{"self":[{"href":"https:\/\/monde25.info\/index.php\/wp-json\/wp\/v2\/posts\/1734","targetHints":{"allow":["GET"]}}],"collection":[{"href":"https:\/\/monde25.info\/index.php\/wp-json\/wp\/v2\/posts"}],"about":[{"href":"https:\/\/monde25.info\/index.php\/wp-json\/wp\/v2\/types\/post"}],"author":[{"embeddable":true,"href":"https:\/\/monde25.info\/index.php\/wp-json\/wp\/v2\/users\/1"}],"replies":[{"embeddable":true,"href":"https:\/\/monde25.info\/index.php\/wp-json\/wp\/v2\/comments?post=1734"}],"version-history":[{"count":0,"href":"https:\/\/monde25.info\/index.php\/wp-json\/wp\/v2\/posts\/1734\/revisions"}],"wp:featuredmedia":[{"embeddable":true,"href":"https:\/\/monde25.info\/index.php\/wp-json\/wp\/v2\/media\/1735"}],"wp:attachment":[{"href":"https:\/\/monde25.info\/index.php\/wp-json\/wp\/v2\/media?parent=1734"}],"wp:term":[{"taxonomy":"category","embeddable":true,"href":"https:\/\/monde25.info\/index.php\/wp-json\/wp\/v2\/categories?post=1734"},{"taxonomy":"post_tag","embeddable":true,"href":"https:\/\/monde25.info\/index.php\/wp-json\/wp\/v2\/tags?post=1734"}],"curies":[{"name":"wp","href":"https:\/\/api.w.org\/{rel}","templated":true}]}}