{"id":1738,"date":"2024-12-08T04:54:50","date_gmt":"2024-12-08T03:54:50","guid":{"rendered":"https:\/\/monde25.info\/index.php\/2024\/12\/08\/la-decision-de-deployer-orechnik-a-ete-prise-en-reponse-aux-mesures-adoptees-par-loccident-rt-en-francais\/"},"modified":"2024-12-08T04:54:50","modified_gmt":"2024-12-08T03:54:50","slug":"la-decision-de-deployer-orechnik-a-ete-prise-en-reponse-aux-mesures-adoptees-par-loccident-rt-en-francais","status":"publish","type":"post","link":"https:\/\/monde25.info\/index.php\/2024\/12\/08\/la-decision-de-deployer-orechnik-a-ete-prise-en-reponse-aux-mesures-adoptees-par-loccident-rt-en-francais\/","title":{"rendered":"La d\u00e9cision de d\u00e9ployer Orechnik a \u00e9t\u00e9 prise en r\u00e9ponse aux mesures adopt\u00e9es par l\u2019Occident \u2014 RT en fran\u00e7ais"},"content":{"rendered":"<p> <br \/>\n<br \/><img decoding=\"async\" src=\"https:\/\/mf.b37mrtl.ru\/french\/images\/2024.12\/thumbnail\/67547be187f3ec18ed5e74c3.jpg\" \/><\/p>\n<div>\n<p class=\"text__summary\">\n                                        En r\u00e9ponse \u00e0 la d\u00e9cision de l&rsquo;Allemagne d&rsquo;autoriser les \u00c9tats-Unis \u00e0 d\u00e9ployer des missiles \u00e0 moyenne port\u00e9e en Europe, la Bi\u00e9lorussie, sous la directive de son pr\u00e9sident Alexandre Loukachenko et en coop\u00e9ration avec la Russie, pr\u00e9voit de stationner le complexe Orechnik sur son territoire d&rsquo;ici mi-2025, selon le vice-chef d&rsquo;\u00e9tat-major bi\u00e9lorusse.\n                                    <\/p>\n<p>\u00abLa d\u00e9cision de placer le complexe russe \u00ab\u00a0Orechnik\u00a0\u00bb en Bi\u00e9lorussie a \u00e9t\u00e9 prise en r\u00e9ponse aux d\u00e9marches entreprises par l&rsquo;Allemagne et les \u00c9tats-Unis pour d\u00e9ployer des missiles de port\u00e9e moyenne en Europe\u00bb, <a target=\"_blank\" href=\"https:\/\/web.telegram.org\/k\/#@modmilby\" target=\"_blank\" rel=\"noopener noreferrer\">a d\u00e9clar\u00e9 le vice-chef de l&rsquo;\u00e9tat-major des forces arm\u00e9es de la Bi\u00e9lorussie, Sergue\u00ef Lagodiouk<\/a>.<\/p>\n<p>\u00abNous avons re\u00e7u de notre commandant en chef la mission de d\u00e9velopper cette arme en collaboration avec les sp\u00e9cialistes russes au sein de notre complexe militaro-industriel\u00bb, a soulign\u00e9 le vice-chef d&rsquo;\u00e9tat-major.<\/p>\n<p>Le pr\u00e9sident bi\u00e9lorusse Alexandre Loukachenko, apr\u00e8s la session du Conseil supr\u00eame de l\u2019Union Russie-Bi\u00e9lorussie \u00e0 Minsk le 6 d\u00e9cembre, a rapport\u00e9 qu&rsquo;il avait demand\u00e9 au pr\u00e9sident russe Vladimir Poutine de d\u00e9ployer \u00abOrechnik\u00bb,\u00a0missile balistique hypersonique russe,\u00a0en Bi\u00e9lorussie. Le pr\u00e9sident russe a d\u00e9clar\u00e9 que la livraison du complexe pourrait \u00eatre r\u00e9alis\u00e9e dans la seconde moiti\u00e9 de 2025.<\/p>\n<p>Ce samedi 7 d\u00e9cembre lors du Forum de Doha, plateforme mondiale d\u00e9di\u00e9e au dialogue et \u00e0 l&rsquo;\u00e9change des id\u00e9es concernant les questions internationales majeures, le ministre russe des Affaires \u00e9trang\u00e8res, Sergue\u00ef Lavrov, a \u00e9t\u00e9 interrog\u00e9 par un journaliste sur l&rsquo;\u00e9valuation par des experts de la port\u00e9e du syst\u00e8me Orechnik d\u00e9ploy\u00e9 en Bi\u00e9lorussie. Selon ce journaliste, les experts affirment qu&rsquo;il pourrait atteindre l&rsquo;ensemble de l&rsquo;Europe et les bases de l&rsquo;OTAN au Moyen-Orient. Sergue\u00ef Lavrov a demand\u00e9 si ces estimations provenaient d&rsquo;experts russes ou occidentaux. Inform\u00e9 qu&rsquo;il s&rsquo;agissait d&rsquo;experts russes, il a r\u00e9pondu qu&rsquo;il \u00e9tait s\u00fbr que les experts occidentaux partageaient cette opinion.<\/p>\n<p>Le 10 juillet, les \u00c9tats-Unis et l\u2019Allemagne, dans leur communiqu\u00e9 conjoint, ont annonc\u00e9 que les \u00c9tats-Unis commenceraient \u00e0 d\u00e9ployer \u00ab\u00e9pisodiquement\u00bb des missiles \u00e0 longue port\u00e9e, en particulier SM-6 et Tomahawk, en Allemagne en 2026. Washington pr\u00e9voit \u00e9galement d&rsquo;y d\u00e9ployer des armes hypersoniques. Vladimir Poutine a pour sa part avertit que la Russie r\u00e9agirait en miroir si les \u00c9tats-Unis d\u00e9ployaient des missiles de moyenne et de courte port\u00e9e dans n&rsquo;importe quelle r\u00e9gion du monde. C&rsquo;est ce que nous constatons aujourd&rsquo;hui.<\/p>\n<p>Dans la soir\u00e9e du 21 novembre, lors d&rsquo;une allocution t\u00e9l\u00e9vis\u00e9e, Vladimir Poutine avait annonc\u00e9 l&rsquo;utilisation, pour la premi\u00e8re fois, d&rsquo;un missile Orechnik, contre une installation militaro-industrielle dans la ville ukrainienne de Dniepropetrovsk. Une annonce qui survenait apr\u00e8s l&rsquo;autorisation donn\u00e9e \u00e0 Kiev, par le pr\u00e9sident am\u00e9ricain sortant Joe Biden, d&rsquo;utiliser des missiles \u00e0 longue-port\u00e9e\u00a0afin de\u00a0frapper dans la profondeur du territoire russe. Plusieurs frappes, de missiles am\u00e9ricains ATACMS et franco-britanniques Storm Shadow, avaient \u00e9t\u00e9 rapport\u00e9es en Russie la veille de l&rsquo;annonce du premier emploi d&rsquo;Orechnik.<\/p>\n<\/div>\n<p><br \/>\n<br \/><a href=\"https:\/\/francais.rt.com\/international\/115209-ministere-bielorusse-defense-decision-deployer-orechnik-prise-reponse-mesures-occident\" target=\"_blank\"\">Source link <\/a><\/p>\n","protected":false},"excerpt":{"rendered":"<p>En r\u00e9ponse \u00e0 la d\u00e9cision de l&rsquo;Allemagne d&rsquo;autoriser les \u00c9tats-Unis \u00e0 d\u00e9ployer des missiles \u00e0 moyenne port\u00e9e en Europe, la Bi\u00e9lorussie, sous la directive de son pr\u00e9sident Alexandre Loukachenko et&hellip; <\/p>\n","protected":false},"author":1,"featured_media":1739,"comment_status":"open","ping_status":"open","sticky":false,"template":"","format":"standard","meta":{"footnotes":""},"categories":[1],"tags":[],"class_list":["post-1738","post","type-post","status-publish","format-standard","has-post-thumbnail","hentry","category-non-classe"],"_links":{"self":[{"href":"https:\/\/monde25.info\/index.php\/wp-json\/wp\/v2\/posts\/1738","targetHints":{"allow":["GET"]}}],"collection":[{"href":"https:\/\/monde25.info\/index.php\/wp-json\/wp\/v2\/posts"}],"about":[{"href":"https:\/\/monde25.info\/index.php\/wp-json\/wp\/v2\/types\/post"}],"author":[{"embeddable":true,"href":"https:\/\/monde25.info\/index.php\/wp-json\/wp\/v2\/users\/1"}],"replies":[{"embeddable":true,"href":"https:\/\/monde25.info\/index.php\/wp-json\/wp\/v2\/comments?post=1738"}],"version-history":[{"count":0,"href":"https:\/\/monde25.info\/index.php\/wp-json\/wp\/v2\/posts\/1738\/revisions"}],"wp:featuredmedia":[{"embeddable":true,"href":"https:\/\/monde25.info\/index.php\/wp-json\/wp\/v2\/media\/1739"}],"wp:attachment":[{"href":"https:\/\/monde25.info\/index.php\/wp-json\/wp\/v2\/media?parent=1738"}],"wp:term":[{"taxonomy":"category","embeddable":true,"href":"https:\/\/monde25.info\/index.php\/wp-json\/wp\/v2\/categories?post=1738"},{"taxonomy":"post_tag","embeddable":true,"href":"https:\/\/monde25.info\/index.php\/wp-json\/wp\/v2\/tags?post=1738"}],"curies":[{"name":"wp","href":"https:\/\/api.w.org\/{rel}","templated":true}]}}