{"id":174,"date":"2024-11-15T12:25:30","date_gmt":"2024-11-15T11:25:30","guid":{"rendered":"https:\/\/monde25.info\/index.php\/2024\/11\/15\/ue-mercosur-les-agriculteurs-en-colere-et-letat-francais-en-galere\/"},"modified":"2024-11-15T12:25:30","modified_gmt":"2024-11-15T11:25:30","slug":"ue-mercosur-les-agriculteurs-en-colere-et-letat-francais-en-galere","status":"publish","type":"post","link":"https:\/\/monde25.info\/index.php\/2024\/11\/15\/ue-mercosur-les-agriculteurs-en-colere-et-letat-francais-en-galere\/","title":{"rendered":"UE-Mercosur: Les agriculteurs en col\u00e8re et l&rsquo;Etat fran\u00e7ais en gal\u00e8re"},"content":{"rendered":"<p> <br \/>\n<\/p>\n<div>\n<p><strong>Alors que le G20 au Br\u00e9sil s\u2019appr\u00eate \u00e0 sceller l\u2019accord de libre-\u00e9change UE-Mercosur, les syndicats agricoles fran\u00e7ais tapent du poing sur la table : \u00ab\u00a0Nous allons nous mettre en route \u00e0 partir de lundi\u00a0\u00bb, a annonc\u00e9 Arnaud Rousseau, pr\u00e9sident de la FNSEA. L&rsquo;id\u00e9e est simple : mettre la pression au gouvernement pour qu&rsquo;il respecte ses promesses d&rsquo;opposition.<\/strong><\/p>\n<p>Le Mercosur, alliance \u00e9conomique d\u2019Am\u00e9rique du Sud, et l\u2019UE n\u00e9gocient depuis plus de 20 ans la cr\u00e9ation d&rsquo;une zone de libre-\u00e9change majeure. Mais cet accord, cens\u00e9 ouvrir de vastes d\u00e9bouch\u00e9s pour l\u2019industrie europ\u00e9enne, inqui\u00e8te profond\u00e9ment les agriculteurs. Et pour cause ! Le texte pr\u00e9voit des quotas d\u2019importation de produits sud-am\u00e9ricains \u00e0 bas co\u00fbt, exempt\u00e9s de droits de douane. Les produits concern\u00e9s, souvent issus de pratiques interdites en Europe, risquent d&rsquo;\u00e9craser le march\u00e9 europ\u00e9en : \u00ab\u00a030 000 \u00e9levages sont en p\u00e9ril et quatre fili\u00e8res sont concern\u00e9es\u00a0: l\u2019\u00e9thanol, le sucre, la fili\u00e8re bovine et la volaille\u00a0\u00bb, d\u00e9non\u00e7ait Christiane Lambert, ex-pr\u00e9sidente de la FNSEA, en 2018.<\/p>\n<p>La FNSEA, soutenue par la Coordination rurale et la Conf\u00e9d\u00e9ration paysanne, pointe une concurrence jug\u00e9e d\u00e9loyale. Sans \u00ab clauses miroirs \u00bb imposant des normes sanitaires et environnementales \u00e9quivalentes, le trait\u00e9 risque d\u2019inonder l\u2019Europe de produits comme le poulet trait\u00e9 aux antibiotiques ou le ma\u00efs OGM.<\/p>\n<p>De son c\u00f4t\u00e9, le Premier ministre Michel Barnier a d\u00e9clar\u00e9 que \u00ab la France n\u2019acceptera pas cet accord en l\u2019\u00e9tat \u00bb \u00e0 Ursula von der Leyen. Le hic, c&rsquo;est que la d\u00e9termination de Bruxelles, qui s&rsquo;appuie notamment sur la volont\u00e9 allemande, met Paris dans une position d\u00e9licate. Reste donc \u00e0 savoir si l&rsquo;Etat fran\u00e7ais saura faire entendre sa voix aupr\u00e8s d&rsquo;une Union qui entend mettre de c\u00f4t\u00e9 la souverainet\u00e9. Comme l&rsquo;explique <em>CNEWS<\/em>, pour esp\u00e9rer bloquer la d\u00e9cision, la France doit r\u00e9unir une minorit\u00e9 de blocage, constitu\u00e9e d&rsquo;au moins quatre Etats, au sein du Conseil qui regroupe les membres de l&rsquo;UE.<\/p>\n<\/div>\n<p><script>(function(d, s, id) {  var js, fjs = d.getElementsByTagName(s)[0];  if (d.getElementById(id)) return;  js = d.createElement(s); js.id = id;  js.src = \"\/\/connect.facebook.net\/fr_FR\/sdk.js#xfbml=1&version=v2.3\";  fjs.parentNode.insertBefore(js, fjs);}(document, \"script\", \"facebook-jssdk\"));<\/script><br \/>\n<br \/><br \/>\n<br \/><a href=\"https:\/\/www.francesoir.fr\/politique-monde\/ue-mercosur-les-agriculteurs-en-colere-et-l-etat-francais-en-galere\" target=\"_blank\"\">Source link <\/a><\/p>\n","protected":false},"excerpt":{"rendered":"<p>Alors que le G20 au Br\u00e9sil s\u2019appr\u00eate \u00e0 sceller l\u2019accord de libre-\u00e9change UE-Mercosur, les syndicats agricoles fran\u00e7ais tapent du poing sur la table : \u00ab\u00a0Nous allons nous mettre en route&hellip; <\/p>\n","protected":false},"author":1,"featured_media":175,"comment_status":"open","ping_status":"open","sticky":false,"template":"","format":"standard","meta":{"footnotes":""},"categories":[1],"tags":[],"class_list":["post-174","post","type-post","status-publish","format-standard","has-post-thumbnail","hentry","category-non-classe"],"_links":{"self":[{"href":"https:\/\/monde25.info\/index.php\/wp-json\/wp\/v2\/posts\/174","targetHints":{"allow":["GET"]}}],"collection":[{"href":"https:\/\/monde25.info\/index.php\/wp-json\/wp\/v2\/posts"}],"about":[{"href":"https:\/\/monde25.info\/index.php\/wp-json\/wp\/v2\/types\/post"}],"author":[{"embeddable":true,"href":"https:\/\/monde25.info\/index.php\/wp-json\/wp\/v2\/users\/1"}],"replies":[{"embeddable":true,"href":"https:\/\/monde25.info\/index.php\/wp-json\/wp\/v2\/comments?post=174"}],"version-history":[{"count":0,"href":"https:\/\/monde25.info\/index.php\/wp-json\/wp\/v2\/posts\/174\/revisions"}],"wp:featuredmedia":[{"embeddable":true,"href":"https:\/\/monde25.info\/index.php\/wp-json\/wp\/v2\/media\/175"}],"wp:attachment":[{"href":"https:\/\/monde25.info\/index.php\/wp-json\/wp\/v2\/media?parent=174"}],"wp:term":[{"taxonomy":"category","embeddable":true,"href":"https:\/\/monde25.info\/index.php\/wp-json\/wp\/v2\/categories?post=174"},{"taxonomy":"post_tag","embeddable":true,"href":"https:\/\/monde25.info\/index.php\/wp-json\/wp\/v2\/tags?post=174"}],"curies":[{"name":"wp","href":"https:\/\/api.w.org\/{rel}","templated":true}]}}