{"id":17420,"date":"2025-10-11T00:06:38","date_gmt":"2025-10-10T22:06:38","guid":{"rendered":"https:\/\/monde25.info\/index.php\/2025\/10\/11\/le-golfe-a-la-recherche-dun-protecteur-par-akram-belkaid-le-monde-diplomatique-octobre-2025\/"},"modified":"2025-10-11T00:06:38","modified_gmt":"2025-10-10T22:06:38","slug":"le-golfe-a-la-recherche-dun-protecteur-par-akram-belkaid-le-monde-diplomatique-octobre-2025","status":"publish","type":"post","link":"https:\/\/monde25.info\/index.php\/2025\/10\/11\/le-golfe-a-la-recherche-dun-protecteur-par-akram-belkaid-le-monde-diplomatique-octobre-2025\/","title":{"rendered":"Le Golfe \u00e0 la recherche d\u2019un protecteur, par Akram Belka\u00efd (Le Monde diplomatique, octobre 2025)"},"content":{"rendered":"<p> <br \/>\n<\/p>\n<div couleurfade=\"fde9e5\" couleurclaire=\"f5e7d5\" couleurpale=\"f3d0a4\" couleurmi=\"be2e0d\" couleurfoncee=\"8e220a\" couleursombre=\"2f0b03\" couleurfond=\"7b554c\" couleurtexte=\"ffffff\">\n<div class=\"enapercu\">\n<p><span class=\"mot-lettrine\"><span class=\"lettrine\">L<\/span>e<\/span> 9\u00a0septembre, l\u2019aviation isra\u00e9lienne bombardait un quartier hupp\u00e9 de Doha, la capitale du Qatar. Selon Tel-Aviv, cette attaque, qui a fait sept morts et vingt bless\u00e9s, visait des <i>\u00ab<small class=\"fine\">\u00a0<\/small>terroristes du Hamas<small class=\"fine\">\u00a0<\/small>\u00bb.<\/i> Pour les autorit\u00e9s qataries, le bombardement ciblait surtout l\u2019\u00e9quipe de n\u00e9gociateurs palestiniens qui s\u2019\u00e9tait r\u00e9unie pour \u00e9valuer la derni\u00e8re proposition am\u00e9ricaine en date en vue d\u2019un cessez-le-feu \u00e0 Gaza. \u00c0 la tribune de l\u2019Organisation des Nations unies (ONU), l\u2019\u00e9mir Tamim Ben Hamad Al-Thani a qualifi\u00e9 l\u2019op\u00e9ration de <i>\u00ab<small class=\"fine\">\u00a0<\/small>terrorisme d\u2019\u00c9tat<small class=\"fine\">\u00a0<\/small>\u00bb<\/i> et accus\u00e9 le premier ministre Benyamin Netanyahou de vouloir faire de la p\u00e9ninsule arabique une <i>\u00ab<small class=\"fine\">\u00a0<\/small>sph\u00e8re d\u2019influence isra\u00e9lienne<small class=\"fine\">\u00a0<\/small>\u00bb.<\/i> Mais, derri\u00e8re la col\u00e8re du Qatar face au viol de sa souverainet\u00e9, sourd aussi la frustration d\u2019avoir \u00e9t\u00e9 trahi par son protecteur am\u00e9ricain.<\/p>\n<p>Au lendemain de l\u2019incursion sanglante des troupes du Hamas en Isra\u00ebl, le 7\u00a0octobre\u00a02023, l\u2019\u00e9mirat avait obtenu des \u00c9tats-Unis l\u2019assurance que les dirigeants palestiniens r\u00e9sidant sur son sol ne feraient pas l\u2019objet d\u2019attaques tant que dureraient les n\u00e9gociations pour la lib\u00e9ration des otages d\u00e9tenus dans l\u2019enclave. En mai, la monarchie avait chaleureusement accueilli le pr\u00e9sident Donald Trump, lui promettant plusieurs centaines de milliards de dollars d\u2019investissements dans son pays. De quoi raffermir les liens, et convaincre le locataire de la Maison Blanche de faire pression sur M.\u00a0Netanyahou afin qu\u2019il \u00e9pargne Doha. Las, les responsables am\u00e9ricains n\u2019ont pas alert\u00e9 leurs homologues qataris, alors que les puissants radars de la base d\u2019Al-Oudeid \u2014 la plus importante que poss\u00e8dent les \u00c9tats-Unis dans la r\u00e9gion \u2014 ne pouvaient ignorer l\u2019approche des avions isra\u00e9liens.<\/p>\n<p>Certes, Washington a joint sa voix \u00e0 celles des quatorze autres membres du Conseil de s\u00e9curit\u00e9 pour condamner l\u2019attaque. Mais, \u00e0 Doha, personne n\u2019est dupe\u00a0: l\u2019Am\u00e9rique n\u2019emp\u00eachera pas un nouveau bombardement qui viserait les chefs de cette organisation.<\/p>\n<p>Cette attitude \u00e9quivoque ne devrait surprendre ni les Qataris ni m\u00eame les\u00a0(&#8230;)<\/p>\n<\/p><\/div>\n<p>Taille de l\u2019article complet\u00a0:\u00a0<span>1\u00a0235<\/span>\u00a0mots.<\/p>\n<div class=\"promo_dispo_article\">\n<h2 class=\"avantbloc\">\n\tCet article est r\u00e9serv\u00e9 aux\u00a0abonn\u00e9s<\/p>\n<\/h2>\n<div class=\"abo_inst\">\n\t<strong>Lyc\u00e9es, biblioth\u00e8ques, administrations, entreprises,<\/strong><br \/>\n\tacc\u00e9dez \u00e0 la base de donn\u00e9es en ligne de tous les articles du <i>Monde diplomatique<\/i> de 1954 \u00e0 nos\u00a0jours.<br \/>\n\t<a target=\"_blank\" id=\"pw-institutions\" class=\"suivi\" href=\"https:\/\/www.monde-diplomatique.fr\/archives\/institutions\">Retrouvez cette\u00a0offre sp\u00e9cifique<\/a>.\n<\/div>\n<\/div><\/div>\n<p><br \/>\n<br \/><a href=\"https:\/\/www.monde-diplomatique.fr\/2025\/10\/BELKAID\/68805\" target=\"_blank\"\">Source link <\/a><\/p>\n","protected":false},"excerpt":{"rendered":"<p>Le 9\u00a0septembre, l\u2019aviation isra\u00e9lienne bombardait un quartier hupp\u00e9 de Doha, la capitale du Qatar. Selon Tel-Aviv, cette attaque, qui a fait sept morts et vingt bless\u00e9s, visait des \u00ab\u00a0terroristes du&hellip; <\/p>\n","protected":false},"author":1,"featured_media":17421,"comment_status":"open","ping_status":"open","sticky":false,"template":"","format":"standard","meta":{"footnotes":""},"categories":[1],"tags":[],"class_list":["post-17420","post","type-post","status-publish","format-standard","has-post-thumbnail","hentry","category-non-classe"],"_links":{"self":[{"href":"https:\/\/monde25.info\/index.php\/wp-json\/wp\/v2\/posts\/17420","targetHints":{"allow":["GET"]}}],"collection":[{"href":"https:\/\/monde25.info\/index.php\/wp-json\/wp\/v2\/posts"}],"about":[{"href":"https:\/\/monde25.info\/index.php\/wp-json\/wp\/v2\/types\/post"}],"author":[{"embeddable":true,"href":"https:\/\/monde25.info\/index.php\/wp-json\/wp\/v2\/users\/1"}],"replies":[{"embeddable":true,"href":"https:\/\/monde25.info\/index.php\/wp-json\/wp\/v2\/comments?post=17420"}],"version-history":[{"count":0,"href":"https:\/\/monde25.info\/index.php\/wp-json\/wp\/v2\/posts\/17420\/revisions"}],"wp:featuredmedia":[{"embeddable":true,"href":"https:\/\/monde25.info\/index.php\/wp-json\/wp\/v2\/media\/17421"}],"wp:attachment":[{"href":"https:\/\/monde25.info\/index.php\/wp-json\/wp\/v2\/media?parent=17420"}],"wp:term":[{"taxonomy":"category","embeddable":true,"href":"https:\/\/monde25.info\/index.php\/wp-json\/wp\/v2\/categories?post=17420"},{"taxonomy":"post_tag","embeddable":true,"href":"https:\/\/monde25.info\/index.php\/wp-json\/wp\/v2\/tags?post=17420"}],"curies":[{"name":"wp","href":"https:\/\/api.w.org\/{rel}","templated":true}]}}