{"id":17425,"date":"2025-10-11T01:46:05","date_gmt":"2025-10-10T23:46:05","guid":{"rendered":"https:\/\/monde25.info\/index.php\/2025\/10\/11\/le-cri-de-desespoir-de-pavel-durov\/"},"modified":"2025-10-11T01:46:05","modified_gmt":"2025-10-10T23:46:05","slug":"le-cri-de-desespoir-de-pavel-durov","status":"publish","type":"post","link":"https:\/\/monde25.info\/index.php\/2025\/10\/11\/le-cri-de-desespoir-de-pavel-durov\/","title":{"rendered":"Le cri de d\u00e9sespoir de Pavel Durov"},"content":{"rendered":"<p> <br \/>\n<\/p>\n<div>\n<p>Au moment o\u00f9 <a target=\"_blank\" href=\"https:\/\/www.francesoir.fr\/societe-justice\/la-chaine-youtube-de-france-soir-restauree-apres-plus-de-quatre-ans-de-suppression\" title=\"La cha\u00eene YouTube de France-Soir restaur\u00e9e apr\u00e8s plus de quatre ans de suppression unilat\u00e9rale\">France-Soir r\u00e9cup\u00e8re son droit \u00e0 sa chaine YouTube<\/a>, apr\u00e8s des mois de censure, censure politique d\u00e9sormais assum\u00e9e, apr\u00e8s que les divers GAFAM aient reconnu avoir sous la pression de l\u2019administration Biden, esquint\u00e9 la v\u00e9rit\u00e9 tant politique, que vaccinale, ou sur le Covid, que le pouvoir en France fort des m\u00e9dias qui l\u2019ont mis en place, tente d\u2019\u00e9craser ce qui reste encore des libert\u00e9s de la presse, et que<a target=\"_blank\" href=\"https:\/\/www.francesoir.fr\/politique-france-societe-justice-sante\/macron-sous-le-scalpel-l-elysee-menace-france-soir-pour\" title=\"Macron sous le scalpel : l'\u00c9lys\u00e9e menace France-Soir pour \u00e9touffer la v\u00e9rit\u00e9 sur sa sant\u00e9. France-Soir pers\u00e9v\u00e8re !\"> l\u2019\u00c9lys\u00e9e cherche \u00e0 intimider ceux qui posent encore les mauvaises questions au mauvais moment<\/a>, Pavel Durov fondateur de la messagerie crypt\u00e9e Telegram, pers\u00e9cut\u00e9 par le pouvoir fran\u00e7ais, et fervent d\u00e9fenseur des libert\u00e9s, s&rsquo;il en est, crie son d\u00e9sarroi le jour de ses 41 ans.<\/p>\n<p>\u00ab\u00a0J\u2019ai 41 ans aujourd&rsquo;hui, mais je n&rsquo;ai pas envie de f\u00eater \u00e7a. Notre g\u00e9n\u00e9ration manque de temps pour sauver l&rsquo;Internet libre b\u00e2ti par nos p\u00e8res. Ce qui \u00e9tait la promesse d&rsquo;un \u00e9change libre d&rsquo;informations devient l&rsquo;outil ultime de contr\u00f4le. Des pays autrefois libres introduisent des mesures dystopiques : identit\u00e9s num\u00e9riques (Royaume-Uni), v\u00e9rifications d&rsquo;\u00e2ge en ligne (Australie), et scans massifs de messages priv\u00e9s (UE). L&rsquo;Allemagne pers\u00e9cute quiconque critique les officiels sur Internet. Le Royaume-Uni emprisonne des milliers de personnes pour leurs tweets. La France enqu\u00eate p\u00e9nalement sur les leaders de la tech qui d\u00e9fendent la libert\u00e9 et la vie priv\u00e9e. Un monde sombre et dystopique approche \u00e0 grands pas \u2014 pendant que l&rsquo;on dort. Notre g\u00e9n\u00e9ration risque d&rsquo;entrer dans l&rsquo;histoire, comme la derni\u00e8re \u00e0 avoir joui de libert\u00e9s \u2014 et \u00e0 les avoir laiss\u00e9s confisquer. On nous a menti. On nous a fait croire que le plus grand combat de notre g\u00e9n\u00e9ration \u00e9tait de d\u00e9truire tout ce que nos anc\u00eatres nous avaient l\u00e9gu\u00e9s : tradition, vie priv\u00e9e, souverainet\u00e9, march\u00e9 libre et libert\u00e9 d&rsquo;expression. En trahissant l&rsquo;h\u00e9ritage de nos a\u00efeux, nous nous sommes engag\u00e9s sur la voie de l&rsquo;autodestruction \u2014 morale, intellectuelle, \u00e9conomique, et finalement biologique. Donc non, je ne vais pas c\u00e9l\u00e9brer aujourd&rsquo;hui mon anniversaire. Il me reste peu de temps. Il nous reste peu de temps.\u00a0\u00bb<\/p>\n<p>&#8230; Il nous reste peu de temps, mais il n&rsquo;est pas trop tard. Et dans ces colonnes, tous les jours, comme \u00e0 l\u2019accoutum\u00e9e, nous nous battrons, pour que la v\u00e9rit\u00e9 soit dite et lue.\u00a0<\/p>\n<p>Et si comme nous, vous avez les m\u00eames valeurs, et c&rsquo;est \u00e0 n&rsquo;en pas douter&#8230; Partagez, Partagez, Partagez !<\/p>\n<\/div>\n<p><script>(function(d, s, id) {  var js, fjs = d.getElementsByTagName(s)[0];  if (d.getElementById(id)) return;  js = d.createElement(s); js.id = id;  js.src = \"\/\/connect.facebook.net\/fr_FR\/sdk.js#xfbml=1&version=v2.3\";  fjs.parentNode.insertBefore(js, fjs);}(document, \"script\", \"facebook-jssdk\"));<\/script><br \/>\n<br \/><br \/>\n<br \/><a href=\"https:\/\/www.francesoir.fr\/societe-science-tech\/le-crie-de-desespoir-de-pavel-durov\" target=\"_blank\"\">Source link <\/a><\/p>\n","protected":false},"excerpt":{"rendered":"<p>Au moment o\u00f9 France-Soir r\u00e9cup\u00e8re son droit \u00e0 sa chaine YouTube, apr\u00e8s des mois de censure, censure politique d\u00e9sormais assum\u00e9e, apr\u00e8s que les divers GAFAM aient reconnu avoir sous la&hellip; <\/p>\n","protected":false},"author":1,"featured_media":17426,"comment_status":"open","ping_status":"open","sticky":false,"template":"","format":"standard","meta":{"footnotes":""},"categories":[1],"tags":[],"class_list":["post-17425","post","type-post","status-publish","format-standard","has-post-thumbnail","hentry","category-non-classe"],"_links":{"self":[{"href":"https:\/\/monde25.info\/index.php\/wp-json\/wp\/v2\/posts\/17425","targetHints":{"allow":["GET"]}}],"collection":[{"href":"https:\/\/monde25.info\/index.php\/wp-json\/wp\/v2\/posts"}],"about":[{"href":"https:\/\/monde25.info\/index.php\/wp-json\/wp\/v2\/types\/post"}],"author":[{"embeddable":true,"href":"https:\/\/monde25.info\/index.php\/wp-json\/wp\/v2\/users\/1"}],"replies":[{"embeddable":true,"href":"https:\/\/monde25.info\/index.php\/wp-json\/wp\/v2\/comments?post=17425"}],"version-history":[{"count":0,"href":"https:\/\/monde25.info\/index.php\/wp-json\/wp\/v2\/posts\/17425\/revisions"}],"wp:featuredmedia":[{"embeddable":true,"href":"https:\/\/monde25.info\/index.php\/wp-json\/wp\/v2\/media\/17426"}],"wp:attachment":[{"href":"https:\/\/monde25.info\/index.php\/wp-json\/wp\/v2\/media?parent=17425"}],"wp:term":[{"taxonomy":"category","embeddable":true,"href":"https:\/\/monde25.info\/index.php\/wp-json\/wp\/v2\/categories?post=17425"},{"taxonomy":"post_tag","embeddable":true,"href":"https:\/\/monde25.info\/index.php\/wp-json\/wp\/v2\/tags?post=17425"}],"curies":[{"name":"wp","href":"https:\/\/api.w.org\/{rel}","templated":true}]}}