{"id":17427,"date":"2025-10-11T02:18:41","date_gmt":"2025-10-11T00:18:41","guid":{"rendered":"https:\/\/monde25.info\/index.php\/2025\/10\/11\/sebastien-lecornu-se-succede-a-lui-meme-emmanuel-macron-retente-sa-chance-rt-en-francais\/"},"modified":"2025-10-11T02:18:41","modified_gmt":"2025-10-11T00:18:41","slug":"sebastien-lecornu-se-succede-a-lui-meme-emmanuel-macron-retente-sa-chance-rt-en-francais","status":"publish","type":"post","link":"https:\/\/monde25.info\/index.php\/2025\/10\/11\/sebastien-lecornu-se-succede-a-lui-meme-emmanuel-macron-retente-sa-chance-rt-en-francais\/","title":{"rendered":"S\u00e9bastien Lecornu se succ\u00e8de \u00e0 lui-m\u00eame, Emmanuel Macron retente sa chance \u2014 RT en fran\u00e7ais"},"content":{"rendered":"<p> <br \/>\n<br \/><img decoding=\"async\" src=\"https:\/\/mf.b37mrtl.ru\/french\/images\/2025.10\/thumbnail\/68e96bc66f7ccc5441106ea5.png\" \/><\/p>\n<div>\n<p class=\"text__summary\">\n                                        Emmanuel Macron a renomm\u00e9 ce vendredi soir S\u00e9bastien Lecornu Premier ministre, quatre jours apr\u00e8s sa d\u00e9mission fracassante. Ce choix viserait \u00e0 stabiliser le pays face \u00e0 l&rsquo;absence de majorit\u00e9 absolue \u00e0 l&rsquo;Assembl\u00e9e, en misant sur un gouvernement resserr\u00e9 pour adopter le budget 2026 avant fin d\u00e9cembre.\n                                    <\/p>\n<p>S\u00e9bastien Lecornu, 39 ans, ex-ministre des Arm\u00e9es, avait \u00e9t\u00e9 nomm\u00e9 \u00e0 Matignon le 9 septembre 2025 pour succ\u00e9der \u00e0 Fran\u00e7ois Bayrou, dans un contexte de paralysie parlementaire post-l\u00e9gislatives. Son gouvernement, d\u00e9voil\u00e9 le 5 octobre, n&rsquo;avait dur\u00e9 que\u00a014 heures avant une d\u00e9mission le 6 octobre, critiqu\u00e9 pour son manque de renouvellement\u00a0:\u00a012 ministres reconduits sur 18. Ce record de mandat de chef de gouvernement, le plus court de la Ve R\u00e9publique,\u00a0avait approfondi davantage la situation de crise dans laquelle se trouve\u00a0la France. Ce soir, les premiers mots du ministre ont \u00e9t\u00e9 : \u00ab\u00a0J\u2019accepte par devoir la mission qui m\u2019est confi\u00e9e par le pr\u00e9sident\u00a0\u00bb.<\/p>\n<div class=\"rtcode\">\n<blockquote class=\"twitter-tweet\">\n<p lang=\"fr\" dir=\"ltr\">J\u2019accepte &#8211; par devoir &#8211; la mission qui m\u2019est confi\u00e9e par le Pr\u00e9sident de la R\u00e9publique de tout faire pour donner un budget \u00e0 la France pour la fin de l\u2019ann\u00e9e et de r\u00e9pondre aux probl\u00e8mes de la vie quotidienne de nos compatriotes.<\/p>\n<p>Il faut mettre un terme \u00e0 cette crise politique\u2026<\/p>\n<p>\u2014 S\u00e9bastien Lecornu (@SebLecornu) <a target=\"_blank\" href=\"https:\/\/twitter.com\/SebLecornu\/status\/1976740050022154629?ref_src=twsrc%5Etfw\">October 10, 2025<\/a><\/p><\/blockquote>\n<\/div>\n<p>Apr\u00e8s un premier passage tr\u00e8s rapide \u00e0 la t\u00eate d\u2019un gouvernement sans ministre, l\u2019ancien membre de l\u2019UMP et proche de Bruno Le Maire, essaiera de former une \u00e9quipe rapidement et de faire voter un budget pour 2026.\u00a0<\/p>\n<h2>Un retour sous haute tension pour\u00a0le Premier ministre sortant<\/h2>\n<p>\u00a0<\/p>\n<p>Malgr\u00e9 ces revers, Macron opte pour la continuit\u00e9 et retente sa chance. Lecornu, macroniste fid\u00e8le et sans ambition pour 2027, a men\u00e9 ces derniers jours des \u00ab\u00a0ultimes consultations\u00a0\u00bb avec les partis du \u00ab\u00a0bloc central\u00a0\u00bb (Renaissance, MoDem, Horizons, LR), excluant RN et LFI. L&rsquo;\u00c9lys\u00e9e table sur un accord de non-censure pour boucler le budget, prioritaire pour \u00e9viter une nouvelle dissolution.<\/p>\n<p>Cette reconduite devrait conforter le RN et LFI dans leur volont\u00e9 de censurer le gouvernement. C\u00f4t\u00e9 Insoumis, l\u2019eurod\u00e9put\u00e9 Anthony Smith a d\u00e9plor\u00e9 \u00ab\u00a0tout \u00e7a pour \u00e7a\u00a0\u00bb, r\u00e9sumant le sentiment de lassitude de son camp et d\u2019une partie de l\u2019opinion.<\/p>\n<div class=\"rtcode\">\n<blockquote class=\"twitter-tweet\">\n<p lang=\"fr\" dir=\"ltr\">Tout \u00e7a\u2026 Pour \u00e7a\u2026<\/p>\n<p>Les m\u00eames, la m\u00eame politique, Macron se moque du peuple comme depuis 2017.<\/p>\n<p>Fiert\u00e9 de voir les insoumises et insoumis refuser de participer \u00e0 ce vaudeville !<\/p>\n<p>Le choix est simple : censure de Lecornu, d\u00e9part de Macron ! <a target=\"_blank\" href=\"https:\/\/t.co\/HCtDl7b51U\">pic.twitter.com\/HCtDl7b51U<\/a><\/p>\n<p>\u2014 Anthony Smith \u270a (@smith51_a) <a target=\"_blank\" href=\"https:\/\/twitter.com\/smith51_a\/status\/1976742391383310480?ref_src=twsrc%5Etfw\">October 10, 2025<\/a><\/p><\/blockquote>\n<\/div>\n<p><a target=\"_blank\" href=\"https:\/\/x.com\/smith51_a\/status\/1976742391383310480\"\/>Le Premier ministre renomm\u00e9 devra donc se pr\u00e9senter devant l\u2019Assembl\u00e9e lundi <a target=\"_blank\" href=\"https:\/\/francais.rt.com\/france\/126180-budget-2026-roland-lescure-promet-budget-respectueux-engagements-europeens\">avec le projet de budget pour 2026, conform\u00e9ment \u00e0 ce qu\u2019avait annonc\u00e9 son ministre de l\u2019\u00c9conomie d\u00e9missionnaire<\/a>. Il devra \u00e9galement pr\u00e9senter un gouvernement en \u00e9vitant le scandale comme il a pu le faire six jours plus t\u00f4t en nommant Bruno Le Maire ministre des Arm\u00e9es.<\/p>\n<p>Dans un contexte \u00e9conomique plus que d\u00e9licat, il devra non seulement convaincre un Parlement fractur\u00e9, avec <a target=\"_blank\" href=\"https:\/\/francais.rt.com\/france\/126212-nouveau-premier-ministre-pas-gauche-selon-tondelier-ps-menace-censurer\">une gauche qui menace de censure si la r\u00e9forme des retraites n\u2019est pas suspendue<\/a>, mais aussi les march\u00e9s,\u00a0<a target=\"_blank\" href=\"https:\/\/francais.rt.com\/france\/125199-degradation-note-souveraine-france-fitch\">alors que les notes financi\u00e8res de la France se sont d\u00e9grad\u00e9es au cours des derniers mois<\/a>.<br \/>En cas d\u2019\u00e9chec de ce gouvernement Lecornu 2.0, difficile de ne pas imaginer un recours \u00e0 la dissolution par le pr\u00e9sident Emmanuel Macron.<\/p>\n<\/div>\n<p><script async src=\"\/\/platform.twitter.com\/widgets.js\" charset=\"utf-8\"><\/script><br \/>\n<br \/><br \/>\n<br \/><a href=\"https:\/\/francais.rt.com\/france\/126220-sebastien-lecornu-se-succede-macron-retente-chance\" target=\"_blank\"\">Source link <\/a><\/p>\n","protected":false},"excerpt":{"rendered":"<p>Emmanuel Macron a renomm\u00e9 ce vendredi soir S\u00e9bastien Lecornu Premier ministre, quatre jours apr\u00e8s sa d\u00e9mission fracassante. Ce choix viserait \u00e0 stabiliser le pays face \u00e0 l&rsquo;absence de majorit\u00e9 absolue&hellip; <\/p>\n","protected":false},"author":1,"featured_media":17428,"comment_status":"open","ping_status":"open","sticky":false,"template":"","format":"standard","meta":{"footnotes":""},"categories":[1],"tags":[],"class_list":["post-17427","post","type-post","status-publish","format-standard","has-post-thumbnail","hentry","category-non-classe"],"_links":{"self":[{"href":"https:\/\/monde25.info\/index.php\/wp-json\/wp\/v2\/posts\/17427","targetHints":{"allow":["GET"]}}],"collection":[{"href":"https:\/\/monde25.info\/index.php\/wp-json\/wp\/v2\/posts"}],"about":[{"href":"https:\/\/monde25.info\/index.php\/wp-json\/wp\/v2\/types\/post"}],"author":[{"embeddable":true,"href":"https:\/\/monde25.info\/index.php\/wp-json\/wp\/v2\/users\/1"}],"replies":[{"embeddable":true,"href":"https:\/\/monde25.info\/index.php\/wp-json\/wp\/v2\/comments?post=17427"}],"version-history":[{"count":0,"href":"https:\/\/monde25.info\/index.php\/wp-json\/wp\/v2\/posts\/17427\/revisions"}],"wp:featuredmedia":[{"embeddable":true,"href":"https:\/\/monde25.info\/index.php\/wp-json\/wp\/v2\/media\/17428"}],"wp:attachment":[{"href":"https:\/\/monde25.info\/index.php\/wp-json\/wp\/v2\/media?parent=17427"}],"wp:term":[{"taxonomy":"category","embeddable":true,"href":"https:\/\/monde25.info\/index.php\/wp-json\/wp\/v2\/categories?post=17427"},{"taxonomy":"post_tag","embeddable":true,"href":"https:\/\/monde25.info\/index.php\/wp-json\/wp\/v2\/tags?post=17427"}],"curies":[{"name":"wp","href":"https:\/\/api.w.org\/{rel}","templated":true}]}}