{"id":17438,"date":"2025-10-11T07:15:38","date_gmt":"2025-10-11T05:15:38","guid":{"rendered":"https:\/\/monde25.info\/index.php\/2025\/10\/11\/macron-reconduit-son-premier-ministre-demissionnaire\/"},"modified":"2025-10-11T07:15:38","modified_gmt":"2025-10-11T05:15:38","slug":"macron-reconduit-son-premier-ministre-demissionnaire","status":"publish","type":"post","link":"https:\/\/monde25.info\/index.php\/2025\/10\/11\/macron-reconduit-son-premier-ministre-demissionnaire\/","title":{"rendered":"Macron reconduit son Premier ministre d\u00e9missionnaire"},"content":{"rendered":"<p> <br \/>\n<\/p>\n<div>\n<p>Le pr\u00e9sident fran\u00e7ais Emmanuel Macron a reconduit vendredi soir S\u00e9bastien Lecornu comme Premier ministre, quatre jours apr\u00e8s sa d\u00e9mission, un choix tr\u00e8s controvers\u00e9 qui pourrait conduire \u00e0 une censure imm\u00e9diate du nouveau gouvernement, apr\u00e8s de longs mois de marasme politique.<\/p>\n<p>\u00ab\u00a0Le pr\u00e9sident de la R\u00e9publique a nomm\u00e9 M. S\u00e9bastien Lecornu Premier ministre, et l&rsquo;a charg\u00e9 de former un gouvernement\u00a0\u00bb, a d\u00e9clar\u00e9 l&rsquo;\u00c9lys\u00e9e au terme du d\u00e9lai de 48 heures qu&rsquo;Emmanuel Macron s&rsquo;\u00e9tait donn\u00e9 pour une nomination. Il lui \u00ab\u00a0donne carte blanche\u00a0\u00bb, a-t-on ajout\u00e9 dans son entourage.<\/p>\n<p>\u00ab\u00a0J&rsquo;accepte &#8211; par devoir &#8211; la mission qui m&rsquo;est confi\u00e9e\u00a0\u00bb, a sobrement comment\u00e9 sur X S\u00e9bastien Lecornu, en affirmant que le nouveau gouvernement \u00ab\u00a0devra incarner le renouvellement\u00a0\u00bb.<\/p>\n<p>Il a en outre promis que \u00ab\u00a0tous les dossiers \u00e9voqu\u00e9s\u00a0\u00bb pendant les consultations des derniers jours avec les formations politiques seront \u00ab\u00a0ouverts au d\u00e9bat parlementaire\u00a0\u00bb.<\/p>\n<p>En le reconduisant, Emmanuel Macron prend le risque d&rsquo;un nouveau tir de barrage et d&rsquo;une nouvelle dissolution alors que la gauche et la droite r\u00e9clamaient un Premier ministre qui ne soit pas un \u00ab\u00a0macroniste\u00a0\u00bb.<\/p>\n<p>Son choix a suscit\u00e9 l&rsquo;ire des partis jusque dans le camp macroniste.<\/p>\n<p>La gauche radicale (France insoumise, LFI), l&rsquo;extr\u00eame droite (Rassemblement national) et le Parti communiste ont imm\u00e9diatement promis de censurer le prochain gouvernement.<\/p>\n<p>Les d\u00e9put\u00e9s du Rassemblement national censureront \u00ab\u00a0imm\u00e9diatement\u00a0\u00bb le nouveau gouvernement de S\u00e9bastien Lecornu, a promis vendredi soir sur X Jordan Bardella, d\u00e9non\u00e7ant un \u00ab\u00a0attelage sans aucun avenir\u00a0\u00bb.<\/p>\n<p>\u00ab\u00a0Un nouveau bras d&rsquo;honneur aux Fran\u00e7ais d&rsquo;un irresponsable ivre de son pouvoir. La France et son peuple sont humili\u00e9s\u00a0\u00bb, a r\u00e9agi le coordinateur de LFI sur X, en pr\u00e9cisant que la formation de gauche radicale d\u00e9poserait \u00ab\u00a0une nouvelle motion de destitution du pr\u00e9sident\u00a0\u00bb.<\/p>\n<p>Le Parti socialiste, quant \u00e0 lui, n&rsquo;a \u00ab\u00a0absolument aucun deal\u00a0\u00bb avec S\u00e9bastien Lecornu sur une non-censure, et n&rsquo;a \u00ab\u00a0aucune assurance ni garantie\u00a0\u00bb sur ses demandes, qui incluent une suspension de la r\u00e9forme des retraites pass\u00e9e au forceps en 2023 par la majorit\u00e9 pr\u00e9sidentielle, a affirm\u00e9 \u00e0 l&rsquo;AFP le secr\u00e9taire g\u00e9n\u00e9ral du parti Pierre Jouvet.<\/p>\n<p>M\u00eame dans le camp pr\u00e9sidentiel, de plus en plus fractur\u00e9, le sc\u00e9nario d&rsquo;une reconduction de Lecornu ne faisait pas l&rsquo;unanimit\u00e9. \u00ab\u00a0Je ne comprendrais pas qu&rsquo;il y ait une renomination d&rsquo;un Premier ministre macroniste\u00a0\u00bb, a pr\u00e9venu Agn\u00e8s Pannier-Runacher, macroniste de la premi\u00e8re heure et membre du gouvernement d\u00e9missionnaire.<\/p>\n<p>S\u00e9bastien Lecornu, 39 ans, un proche du chef de l&rsquo;\u00c9tat, avait d\u00e9missionn\u00e9 lundi matin, quatre semaines apr\u00e8s sa nomination et 14 heures seulement apr\u00e8s la formation de son gouvernement.<\/p>\n<p>Mais le pr\u00e9sident lui avait demand\u00e9 de mener \u00ab\u00a0d&rsquo;ultimes\u00a0\u00bb n\u00e9gociations pendant deux jours qui n&rsquo;ont pas trouv\u00e9 d&rsquo;issue \u00e0 la crise pour tenter de trouver un accord de la derni\u00e8re chance avec les forces politiques.<\/p>\n<p>Emmanuel Macron \u00e9tait une fois de plus confront\u00e9 au casse-t\u00eate qui se pose \u00e0 lui depuis plus d&rsquo;un an\u00a0: trouver un Premier ministre susceptible de survivre dans un paysage parlementaire sans majorit\u00e9, divis\u00e9 en trois blocs (alliance de gauche, centre-droit, extr\u00eame droite) depuis la dissolution de l&rsquo;Assembl\u00e9e de juin 2024.<\/p>\n<p>Apr\u00e8s deux jours de tractations, S\u00e9bastien Lecornu avait estim\u00e9 mercredi qu&rsquo;un \u00ab\u00a0chemin\u00a0\u00bb \u00e9tait encore \u00ab\u00a0possible\u00a0\u00bb. Mais une ultime r\u00e9union de crise, convoqu\u00e9e en urgence vendredi \u00e0 l&rsquo;\u00c9lys\u00e9e, entre le pr\u00e9sident et les chefs de partis n&rsquo;a pas apport\u00e9 plus de clart\u00e9.<\/p>\n<p>La gauche, qui r\u00e9clamait un Premier ministre issu de ses rangs, en est sortie \u00ab\u00a0sid\u00e9r\u00e9e\u00a0\u00bb. M. Macron n&rsquo;a apport\u00e9 \u00ab\u00a0aucune r\u00e9ponse claire\u00a0\u00bb sur les retraites ou le pouvoir d&rsquo;achat, a d\u00e9plor\u00e9 le premier secr\u00e9taire du Parti socialiste Olivier Faure, refusant de donner une \u00ab\u00a0garantie de non censure\u00a0\u00bb au futur ex\u00e9cutif.<\/p>\n<p>\u00ab\u00a0Tout \u00e7a va tr\u00e8s mal se terminer\u00a0\u00bb avec une possible \u00ab\u00a0dissolution\u00a0\u00bb, a rench\u00e9ri la patronne des \u00c9cologistes Marine Tondelier \u00e0 la sortie de l&rsquo;\u00c9lys\u00e9e.<\/p>\n<p>Venu de la droite, discret au point d&rsquo;\u00eatre quasi inconnu du grand public, S\u00e9bastien Lecornu, qui se d\u00e9finit lui-m\u00eame comme un \u00ab\u00a0moine soldat\u00a0\u00bb, est un compagnon de route du chef de l&rsquo;\u00c9tat depuis 2017, devenu un rouage essentiel de la macronie.<\/p>\n<p>De tous les gouvernements depuis la premi\u00e8re \u00e9lection d&rsquo;Emmanuel Macron, il officiait depuis 2022 au poste strat\u00e9gique de ministre de la D\u00e9fense.<\/p>\n<p>Ce vendredi soir une tr\u00e8s large majorit\u00e9 des d\u00e9put\u00e9s Les R\u00e9publicains s&rsquo;est prononc\u00e9e au cours d&rsquo;une r\u00e9union pour un \u00ab\u00a0soutien\u00a0\u00bb \u00e0 S\u00e9bastien Lecornu, tout juste reconduit \u00e0 Matignon, selon un des participants \u00e0 l&rsquo;AFP.<\/p>\n<p>\u00ab\u00a0Lors de la r\u00e9union de groupe LR, 41 d\u00e9put\u00e9s ont pris la parole, trois ont \u00e9mis des r\u00e9serves, le reste s&rsquo;est prononc\u00e9 en faveur du soutien \u00e0 Lecornu\u00a0\u00bb, a d\u00e9taill\u00e9 cette source.<\/p>\n<p>\u00ab\u00a0En renommant S\u00e9bastien Lecornu, le Pr\u00e9sident de la R\u00e9publique donne une chance \u00e0 la stabilit\u00e9\u00a0\u00bb, a \u00e9crit sur X le d\u00e9put\u00e9 LR Vincent Jeanbrun, porte-parole du groupe \u00e0 l&rsquo;Assembl\u00e9e, \u00e0 l&rsquo;issue de la r\u00e9union.<\/p>\n<\/div>\n<p><script>(function(d, s, id) {  var js, fjs = d.getElementsByTagName(s)[0];  if (d.getElementById(id)) return;  js = d.createElement(s); js.id = id;  js.src = \"\/\/connect.facebook.net\/fr_FR\/sdk.js#xfbml=1&version=v2.3\";  fjs.parentNode.insertBefore(js, fjs);}(document, \"script\", \"facebook-jssdk\"));<\/script><br \/>\n<br \/><br \/>\n<br \/><a href=\"https:\/\/www.francesoir.fr\/politique-france\/macron-reconduit-son-premier-ministre-demissionnaire\" target=\"_blank\"\">Source link <\/a><\/p>\n","protected":false},"excerpt":{"rendered":"<p>Le pr\u00e9sident fran\u00e7ais Emmanuel Macron a reconduit vendredi soir S\u00e9bastien Lecornu comme Premier ministre, quatre jours apr\u00e8s sa d\u00e9mission, un choix tr\u00e8s controvers\u00e9 qui pourrait conduire \u00e0 une censure imm\u00e9diate&hellip; <\/p>\n","protected":false},"author":1,"featured_media":17439,"comment_status":"open","ping_status":"open","sticky":false,"template":"","format":"standard","meta":{"footnotes":""},"categories":[1],"tags":[],"class_list":["post-17438","post","type-post","status-publish","format-standard","has-post-thumbnail","hentry","category-non-classe"],"_links":{"self":[{"href":"https:\/\/monde25.info\/index.php\/wp-json\/wp\/v2\/posts\/17438","targetHints":{"allow":["GET"]}}],"collection":[{"href":"https:\/\/monde25.info\/index.php\/wp-json\/wp\/v2\/posts"}],"about":[{"href":"https:\/\/monde25.info\/index.php\/wp-json\/wp\/v2\/types\/post"}],"author":[{"embeddable":true,"href":"https:\/\/monde25.info\/index.php\/wp-json\/wp\/v2\/users\/1"}],"replies":[{"embeddable":true,"href":"https:\/\/monde25.info\/index.php\/wp-json\/wp\/v2\/comments?post=17438"}],"version-history":[{"count":0,"href":"https:\/\/monde25.info\/index.php\/wp-json\/wp\/v2\/posts\/17438\/revisions"}],"wp:featuredmedia":[{"embeddable":true,"href":"https:\/\/monde25.info\/index.php\/wp-json\/wp\/v2\/media\/17439"}],"wp:attachment":[{"href":"https:\/\/monde25.info\/index.php\/wp-json\/wp\/v2\/media?parent=17438"}],"wp:term":[{"taxonomy":"category","embeddable":true,"href":"https:\/\/monde25.info\/index.php\/wp-json\/wp\/v2\/categories?post=17438"},{"taxonomy":"post_tag","embeddable":true,"href":"https:\/\/monde25.info\/index.php\/wp-json\/wp\/v2\/tags?post=17438"}],"curies":[{"name":"wp","href":"https:\/\/api.w.org\/{rel}","templated":true}]}}