{"id":17448,"date":"2025-10-11T12:12:52","date_gmt":"2025-10-11T10:12:52","guid":{"rendered":"https:\/\/monde25.info\/index.php\/2025\/10\/11\/les-10-actu-de-la-semaine\/"},"modified":"2025-10-11T12:12:52","modified_gmt":"2025-10-11T10:12:52","slug":"les-10-actu-de-la-semaine","status":"publish","type":"post","link":"https:\/\/monde25.info\/index.php\/2025\/10\/11\/les-10-actu-de-la-semaine\/","title":{"rendered":"les 10 actu de la semaine"},"content":{"rendered":"<p> <br \/>\n<\/p>\n<div>\n<h3><strong>Vous n\u2019avez pas eu le temps de suivre l\u2019actualit\u00e9 ? Voici notre top 10 des actualit\u00e9s \u00e0 ne pas manquer cette semaine.<\/strong><\/h3>\n<h2 class=\"my-2 [&amp;+p]:mt-4 [&amp;_strong:has(+br)]:inline-block [&amp;_strong:has(+br)]:pb-2\"><strong>1. Lecornu jette l\u2019\u00e9ponge : un ministre en pleine tourmente<\/strong><\/h2>\n<p class=\"my-2 [&amp;+p]:mt-4 [&amp;_strong:has(+br)]:inline-block [&amp;_strong:has(+br)]:pb-2\">S\u00e9bastien Lecornu, Premier ministre,<strong> a annonc\u00e9 sa d\u00e9mission le 6 octobre. Il a \u00e9t\u00e9 renomm\u00e9 Premier ministre par Emmanuel Macron le 10 octobre. <\/strong>\u00a0(<a target=\"_blank\" href=\"https:\/\/www.lemonde.fr\/politique\/live\/2025\/10\/11\/en-direct-sebastien-lecornu-premier-ministre-bruno-retailleau-et-gerard-larcher-se-disent-defavorables-a-la-participation-de-lr-au-gouvernement_6645554_823448.html\">Le Monde<\/a>)<\/p>\n<h2 class=\"my-2 [&amp;+p]:mt-4 [&amp;_strong:has(+br)]:inline-block [&amp;_strong:has(+br)]:pb-2\"><strong>2. Flottille Global Sumud : 171 expuls\u00e9s vers la Gr\u00e8ce et la Slovaquie<\/strong><\/h2>\n<p class=\"my-2 [&amp;+p]:mt-4 [&amp;_strong:has(+br)]:inline-block [&amp;_strong:has(+br)]:pb-2\">Lors d\u2019une op\u00e9ration internationale, <strong>171 membres de la flottille Global Sumud ont \u00e9t\u00e9 expuls\u00e9s vers des pays europ\u00e9ens,<\/strong> suscitant des questions sur la gestion des r\u00e9fugi\u00e9s. (<a target=\"_blank\" href=\"https:\/\/www.theguardian.com\/world\/2025\/oct\/05\/global-sumud-flotilla-expulsions\">The Guardian<\/a>)<\/p>\n<h2 class=\"my-2 [&amp;+p]:mt-4 [&amp;_strong:has(+br)]:inline-block [&amp;_strong:has(+br)]:pb-2\"><strong>3. Urgence : 1 association sur 4 menac\u00e9e de disparition en France<\/strong><\/h2>\n<p class=\"my-2 [&amp;+p]:mt-4 [&amp;_strong:has(+br)]:inline-block [&amp;_strong:has(+br)]:pb-2\">Un quart des associations fran\u00e7aises risquent de fermer leurs portes dans les prochaines ann\u00e9es, <strong>menac\u00e9es par des difficult\u00e9s financi\u00e8res accrues,<\/strong> d\u2019apr\u00e8s la f\u00e9d\u00e9ration nationale des acteurs de la solidarit\u00e9. (<a target=\"_blank\" href=\"https:\/\/www.franceculture.fr\/societe\/danger-pour-les-associations-solidaires\">France Culture<\/a>)<\/p>\n<h2 class=\"my-2 [&amp;+p]:mt-4 [&amp;_strong:has(+br)]:inline-block [&amp;_strong:has(+br)]:pb-2\"><strong>4. Plus de 500 arrestations \u00e0 Londres \u00e0 cause de Palestine Action<\/strong><\/h2>\n<p class=\"my-2 [&amp;+p]:mt-4 [&amp;_strong:has(+br)]:inline-block [&amp;_strong:has(+br)]:pb-2\">La police britannique a arr\u00eat\u00e9 plus de <strong>500 manifestants en soutien \u00e0 Palestine Action,<\/strong> groupe r\u00e9cemment class\u00e9 comme terroriste par le Royaume-Uni, lors de rassemblements tendus. (<a target=\"_blank\" href=\"https:\/\/www.bbc.com\/news\/articles\/ceq2e9x19g8o\">BBC<\/a>)<\/p>\n<h2 class=\"my-2 [&amp;+p]:mt-4 [&amp;_strong:has(+br)]:inline-block [&amp;_strong:has(+br)]:pb-2\"><strong>5. \u201cSoutien massif en Europe aux Palestiniens de Gaza\u201d<\/strong><\/h2>\n<p class=\"my-2 [&amp;+p]:mt-4 [&amp;_strong:has(+br)]:inline-block [&amp;_strong:has(+br)]:pb-2\">Des milliers de manifestants sont descendus dans les rues d\u2019Espagne, Italie, France, Allemagne et autres pays europ\u00e9ens, r\u00e9clamant <strong>la fin des bombardements \u00e0 Gaza<\/strong> tout au long de la semaine. (<a target=\"_blank\" href=\"https:\/\/www.france24.com\/fr\/europe-manifestations-soutien-gaza\">France 24<\/a>)<\/p>\n<h2 class=\"my-2 [&amp;+p]:mt-4 [&amp;_strong:has(+br)]:inline-block [&amp;_strong:has(+br)]:pb-2\"><strong>6. Martin Fourcade : le climat, priorit\u00e9 incontournable aux JO d\u2019hiver<\/strong><\/h2>\n<p class=\"my-2 [&amp;+p]:mt-4 [&amp;_strong:has(+br)]:inline-block [&amp;_strong:has(+br)]:pb-2\">Le champion sportif appelle \u00e0 <strong>int\u00e9grer d\u00e9sormais les enjeux environnementaux comme crit\u00e8res essentiels dans l\u2019organisation des Jeux Olympiques d\u2019hiver<\/strong>, face \u00e0 l\u2019urgence climatique. (<a target=\"_blank\" href=\"https:\/\/www.lemonde.fr\/sport\/article\/2025\/10\/07\/pour-martin-fourcade-les-enjeux-environnementaux-ne-doivent-plus-etre-facultatifs-aux-jo-d-hiver_6644914_3242.html\">Le Monde<\/a>)<\/p>\n<h2 class=\"my-2 [&amp;+p]:mt-4 [&amp;_strong:has(+br)]:inline-block [&amp;_strong:has(+br)]:pb-2\"><strong>7. Oc\u00e9an : alerte rouge face \u00e0 un r\u00e9chauffement sans pr\u00e9c\u00e9dent<\/strong><\/h2>\n<p class=\"my-2 [&amp;+p]:mt-4 [&amp;_strong:has(+br)]:inline-block [&amp;_strong:has(+br)]:pb-2\">Le dernier rapport scientifique r\u00e9v\u00e8le que <strong>l\u2019oc\u00e9an conna\u00eet un r\u00e9chauffement record, avec des cons\u00e9quences dramatiques sur la biodiversit\u00e9 marine<\/strong> et les r\u00e9gulations climatiques mondiales. (<a target=\"_blank\" href=\"https:\/\/www.lemonde.fr\/planete\/article\/2025\/09\/30\/climat-l-ocean-menace-par-un-rechauffement-record_6643700_3244.html\">Le Monde<\/a>)<\/p>\n<h2 class=\"my-2 [&amp;+p]:mt-4 [&amp;_strong:has(+br)]:inline-block [&amp;_strong:has(+br)]:pb-2\"><strong>8. Le lourd prix de l\u2019\u00e9levage porcin fran\u00e7ais<\/strong><\/h2>\n<p class=\"my-2 [&amp;+p]:mt-4 [&amp;_strong:has(+br)]:inline-block [&amp;_strong:has(+br)]:pb-2\">La Fondation pour la nature et l\u2019homme \u00e9value \u00e0 pr\u00e8s de <strong>3 milliards d\u2019euros par an le co\u00fbt sanitaire et environnemental li\u00e9s \u00e0 l\u2019\u00e9levage porcin,<\/strong> pointant diab\u00e8te et cancers associ\u00e9s \u00e0 la consommation de charcuterie. (<a target=\"_blank\" href=\"https:\/\/www.lemonde.fr\/planete\/article\/2025\/10\/07\/l-elevage-porcin-un-modele-qui-coute-cher-en-termes-d-impacts-sur-la-sante-et-l-environnement-selon-la-fondation-pour-la-nature-et-l-homme_6644950_3244.html\">Le Monde<\/a>)<\/p>\n<h2 class=\"my-2 [&amp;+p]:mt-4 [&amp;_strong:has(+br)]:inline-block [&amp;_strong:has(+br)]:pb-2\"><strong>9. Br\u00e9sil : JBS accus\u00e9 de blanchiment de b\u00e9tail issu de d\u00e9forestation<\/strong><\/h2>\n<p class=\"my-2 [&amp;+p]:mt-4 [&amp;_strong:has(+br)]:inline-block [&amp;_strong:has(+br)]:pb-2\">L\u2019ONG Greenpeace accuse <strong>le g\u00e9ant br\u00e9silien JBS d\u2019avoir commercialis\u00e9 des bovins \u00e9lev\u00e9s ill\u00e9galement sur des terres d\u00e9bois\u00e9es,<\/strong> mettant en danger les efforts pour prot\u00e9ger l\u2019Amazonie. (<a target=\"_blank\" href=\"https:\/\/www.lemonde.fr\/international\/article\/2025\/10\/03\/bresil-un-geant-de-la-viande-aurait-pratique-du-blanchiment-de-betail-eleve-sur-des-terres-deforestees-selon-greenpeace_6644273_3210.html\">Le Monde<\/a>)<\/p>\n<div class=\"td-a-rec td-a-rec-id-content_inline  tdi_1 td_block_template_1\">\n<span class=\"td-adspot-title\">&#8211; Pour une information libre ! &#8211;<\/span><a target=\"_blank\" href=\"https:\/\/fr.tipeee.com\/mr-mondialisation\" class=\"tipeee-project-small\">Soutenir Mr Japanization sur Tipeee<\/a>\n<\/div>\n<p class=\"my-2 [&amp;+p]:mt-4 [&amp;_strong:has(+br)]:inline-block [&amp;_strong:has(+br)]:pb-2\"><strong>10. \u201cAmazonie : un souffle d\u2019espoir malgr\u00e9 le r\u00e9chauffement\u201d<\/strong><br \/>Des chercheurs observent que <strong>certains grands arbres d\u2019Amazonie pr\u00e9sentent une meilleure adaptation au changement climatique que pr\u00e9vu,<\/strong> laissant entrevoir une possible r\u00e9silience du poumon vert. (<a target=\"_blank\" href=\"https:\/\/reporterre.net\/Rechauffement-climatique-les-grands-arbres-d-Amazonie-s-adaptent-mieux-que-prevu\">Reporterre<\/a>)<\/p>\n<p style=\"text-align: right;\"><em><strong>\u2013\u00a0 Maureen Damman<\/strong><\/em><\/p>\n<div class=\"td-a-rec td-a-rec-id-content_bottom  tdi_2 td_block_template_1\">\n<span class=\"td-adspot-title\">&#8211; Cet article gratuit et ind\u00e9pendant existe gr\u00e2ce \u00e0 vous &#8211;<\/span><\/p>\n<div class=\"td-all-devices\">\n    <a target=\"_blank\" href=\"https:\/\/mrmondialisation.org\/donation\/\" title=\"Faire_un_don\"><img decoding=\"async\" class=\"donationArticle\" src=\"https:\/\/mrmondialisation.org\/wp-content\/uploads\/2022\/12\/220405-flikalicious-final.jpg\" alt=\"Donation\"\/><\/a>\n<\/div>\n<\/div><\/div>\n<p><br \/>\n<br \/><a href=\"https:\/\/mrmondialisation.org\/amazonie-arrestations-et-lecornu-les-10-actu-de-la-semaine\/\" target=\"_blank\"\">Source link <\/a><\/p>\n","protected":false},"excerpt":{"rendered":"<p>Vous n\u2019avez pas eu le temps de suivre l\u2019actualit\u00e9 ? Voici notre top 10 des actualit\u00e9s \u00e0 ne pas manquer cette semaine. 1. Lecornu jette l\u2019\u00e9ponge : un ministre en&hellip; <\/p>\n","protected":false},"author":1,"featured_media":17449,"comment_status":"open","ping_status":"open","sticky":false,"template":"","format":"standard","meta":{"footnotes":""},"categories":[1],"tags":[],"class_list":["post-17448","post","type-post","status-publish","format-standard","has-post-thumbnail","hentry","category-non-classe"],"_links":{"self":[{"href":"https:\/\/monde25.info\/index.php\/wp-json\/wp\/v2\/posts\/17448","targetHints":{"allow":["GET"]}}],"collection":[{"href":"https:\/\/monde25.info\/index.php\/wp-json\/wp\/v2\/posts"}],"about":[{"href":"https:\/\/monde25.info\/index.php\/wp-json\/wp\/v2\/types\/post"}],"author":[{"embeddable":true,"href":"https:\/\/monde25.info\/index.php\/wp-json\/wp\/v2\/users\/1"}],"replies":[{"embeddable":true,"href":"https:\/\/monde25.info\/index.php\/wp-json\/wp\/v2\/comments?post=17448"}],"version-history":[{"count":0,"href":"https:\/\/monde25.info\/index.php\/wp-json\/wp\/v2\/posts\/17448\/revisions"}],"wp:featuredmedia":[{"embeddable":true,"href":"https:\/\/monde25.info\/index.php\/wp-json\/wp\/v2\/media\/17449"}],"wp:attachment":[{"href":"https:\/\/monde25.info\/index.php\/wp-json\/wp\/v2\/media?parent=17448"}],"wp:term":[{"taxonomy":"category","embeddable":true,"href":"https:\/\/monde25.info\/index.php\/wp-json\/wp\/v2\/categories?post=17448"},{"taxonomy":"post_tag","embeddable":true,"href":"https:\/\/monde25.info\/index.php\/wp-json\/wp\/v2\/tags?post=17448"}],"curies":[{"name":"wp","href":"https:\/\/api.w.org\/{rel}","templated":true}]}}