{"id":17452,"date":"2025-10-11T13:18:33","date_gmt":"2025-10-11T11:18:33","guid":{"rendered":"https:\/\/monde25.info\/index.php\/2025\/10\/11\/fonds-europeens-malmenes-lue-depasse-les-bornes-de-la-legalite\/"},"modified":"2025-10-11T13:18:33","modified_gmt":"2025-10-11T11:18:33","slug":"fonds-europeens-malmenes-lue-depasse-les-bornes-de-la-legalite","status":"publish","type":"post","link":"https:\/\/monde25.info\/index.php\/2025\/10\/11\/fonds-europeens-malmenes-lue-depasse-les-bornes-de-la-legalite\/","title":{"rendered":"Fonds europ\u00e9ens malmen\u00e9s : l\u2019UE d\u00e9passe les bornes de la l\u00e9galit\u00e9"},"content":{"rendered":"<p> <br \/>\n<\/p>\n<div>\n<p><strong>La Cour des comptes europ\u00e9enne r\u00e9v\u00e8le qu\u2019en 2024, 6 milliards d\u2019euros du budget de l\u2019Union europ\u00e9enne ont \u00e9t\u00e9 d\u00e9pens\u00e9s de mani\u00e8re ill\u00e9gale. L\u2019Allemagne figure parmi les pays \u00e9pingl\u00e9s. Malgr\u00e9 un l\u00e9ger recul du taux d\u2019erreur, les syst\u00e8mes de contr\u00f4le restent d\u00e9faillants, et la dette communautaire explose.<\/strong><\/p>\n<p>En plus d&rsquo;\u00eatre complexes, les m\u00e9canismes de l\u2019Union europ\u00e9enne sont poreux. Selon le dernier rapport de la Cour des comptes europ\u00e9enne, publi\u00e9 d\u00e9but octobre 2025, pas moins de 6 milliards d\u2019euros ont \u00e9t\u00e9 vers\u00e9s en violation des r\u00e8gles budg\u00e9taires de l\u2019UE. Une d\u00e9rive qui correspond \u00e0 un taux d\u2019erreur de 3,6 %, bien au-dessus du seuil \u00ab significatif \u00bb de 2 %. En clair, quand Bruxelles distribue ses milliards, les garde-fous flanchent.<\/p>\n<p>Parmi les zones d\u2019ombre, des projets non \u00e9ligibles financ\u00e9s \u00e0 tort, des remboursements injustifi\u00e9s, et des entorses r\u00e9p\u00e9t\u00e9es aux r\u00e8gles de march\u00e9s publics. Mais bien s\u00fbr, confidentialit\u00e9 oblige, les d\u00e9tails restent flous. \u00ab Ces irr\u00e9gularit\u00e9s sont principalement li\u00e9es aux fonds structurels \u00bb, pr\u00e9cise la Cour. Ces fonds, qui doivent soutenir les r\u00e9gions d\u00e9favoris\u00e9es, constituent l\u2019un des leviers les plus massifs de la politique europ\u00e9enne. <em>The Epoch Times<\/em>, qui rapporte ces \u00e9l\u00e9ments, rappelle que 19 cas suspects ont \u00e9t\u00e9 signal\u00e9s aux autorit\u00e9s pour suspicion de fraude.<\/p>\n<p>Ces d\u00e9penses mal aiguill\u00e9es ne sont que la partie \u00e9merg\u00e9e d\u2019un iceberg budg\u00e9taire. Les auditeurs mettent aussi en garde contre l\u2019explosion de la dette europ\u00e9enne, attendue \u00e0 plus de 900 milliards d\u2019euros d\u2019ici \u00e0 2027 \u2013 un h\u00e9ritage lourd laiss\u00e9 par les plans de relance post-Covid. \u00ab Des efforts suppl\u00e9mentaires sont n\u00e9cessaires pour renforcer les contr\u00f4les \u00bb, a averti Tony Murphy, pr\u00e9sident de la Cour.<\/p>\n<\/div>\n<p><script>(function(d, s, id) {  var js, fjs = d.getElementsByTagName(s)[0];  if (d.getElementById(id)) return;  js = d.createElement(s); js.id = id;  js.src = \"\/\/connect.facebook.net\/fr_FR\/sdk.js#xfbml=1&version=v2.3\";  fjs.parentNode.insertBefore(js, fjs);}(document, \"script\", \"facebook-jssdk\"));<\/script><br \/>\n<br \/><br \/>\n<br \/><a href=\"https:\/\/www.francesoir.fr\/politique-monde\/fonds-europeens-malmenes-l-ue-depasse-les-bornes-de-la-legalite\" target=\"_blank\"\">Source link <\/a><\/p>\n","protected":false},"excerpt":{"rendered":"<p>La Cour des comptes europ\u00e9enne r\u00e9v\u00e8le qu\u2019en 2024, 6 milliards d\u2019euros du budget de l\u2019Union europ\u00e9enne ont \u00e9t\u00e9 d\u00e9pens\u00e9s de mani\u00e8re ill\u00e9gale. L\u2019Allemagne figure parmi les pays \u00e9pingl\u00e9s. Malgr\u00e9 un&hellip; <\/p>\n","protected":false},"author":1,"featured_media":0,"comment_status":"open","ping_status":"open","sticky":false,"template":"","format":"standard","meta":{"footnotes":""},"categories":[1],"tags":[],"class_list":["post-17452","post","type-post","status-publish","format-standard","hentry","category-non-classe"],"_links":{"self":[{"href":"https:\/\/monde25.info\/index.php\/wp-json\/wp\/v2\/posts\/17452","targetHints":{"allow":["GET"]}}],"collection":[{"href":"https:\/\/monde25.info\/index.php\/wp-json\/wp\/v2\/posts"}],"about":[{"href":"https:\/\/monde25.info\/index.php\/wp-json\/wp\/v2\/types\/post"}],"author":[{"embeddable":true,"href":"https:\/\/monde25.info\/index.php\/wp-json\/wp\/v2\/users\/1"}],"replies":[{"embeddable":true,"href":"https:\/\/monde25.info\/index.php\/wp-json\/wp\/v2\/comments?post=17452"}],"version-history":[{"count":0,"href":"https:\/\/monde25.info\/index.php\/wp-json\/wp\/v2\/posts\/17452\/revisions"}],"wp:attachment":[{"href":"https:\/\/monde25.info\/index.php\/wp-json\/wp\/v2\/media?parent=17452"}],"wp:term":[{"taxonomy":"category","embeddable":true,"href":"https:\/\/monde25.info\/index.php\/wp-json\/wp\/v2\/categories?post=17452"},{"taxonomy":"post_tag","embeddable":true,"href":"https:\/\/monde25.info\/index.php\/wp-json\/wp\/v2\/tags?post=17452"}],"curies":[{"name":"wp","href":"https:\/\/api.w.org\/{rel}","templated":true}]}}