{"id":17461,"date":"2025-10-11T16:36:53","date_gmt":"2025-10-11T14:36:53","guid":{"rendered":"https:\/\/monde25.info\/index.php\/2025\/10\/11\/sur-lex-zad-de-notre-dame-des-landes-on-fete-10-ans-doccupation\/"},"modified":"2025-10-11T16:36:53","modified_gmt":"2025-10-11T14:36:53","slug":"sur-lex-zad-de-notre-dame-des-landes-on-fete-10-ans-doccupation","status":"publish","type":"post","link":"https:\/\/monde25.info\/index.php\/2025\/10\/11\/sur-lex-zad-de-notre-dame-des-landes-on-fete-10-ans-doccupation\/","title":{"rendered":"Sur l&#039;ex-zad de Notre-Dame-des-Landes, on f\u00eate 10 ans d&#039;occupation"},"content":{"rendered":"<p> <br \/>\n<br \/><img loading=\"lazy\" decoding=\"async\" src=\"https:\/\/reporterre.net\/local\/cache-vignettes\/L700xH467\/mdoiezie-17_1_-7f543.jpg?1760165102\" class=\"spip_logo\" width=\"700\" height=\"467\" alt=\"\" \/><\/p>\n<p>Le 10\u00a0octobre 2015, des opposants \u00e0 l&rsquo;a\u00e9roport de Notre-Dame-des-Landes occupaient le hameau de la No\u00e9 verte. Dix ans plus tard, ils c\u00e9l\u00e8brent leur vie sur place, ouverte sur l&rsquo;ext\u00e9rieur. <br class=\"autobr\" \/><br \/>\nGrandchamps-des-Fontaines (Loire-Atlantique), reportage <br class=\"autobr\" \/><br \/>\nDe plain-pied, entour\u00e9e de champs et de haies, la maison la No\u00e9 verte, en Loire-Atlantique, tient encore debout. Il y a dix ans pourtant, il aurait \u00e9t\u00e9 difficile de parier sur son avenir. Celle-ci \u00e9tait inoccup\u00e9e, apr\u00e8s avoir \u00e9t\u00e9 rachet\u00e9e par\u00a0(\u2026)<\/p>\n<p>                    <a target=\"_blank\" href=\"https:\/\/reporterre.net\/Sur-l-ex-zad-de-Notre-Dame-des-Landes-on-fete-10-ans-d-occupation?utm_source=RSS&amp;utm_medium=RSS\">Lire la suite<\/a><\/p>\n<p>                    &#8211;<br \/>\n                        <a target=\"_blank\" href=\"https:\/\/reporterre.net\/Reportage\" rel=\"directory\">Reportage<\/a><\/p>\n<p>                    \/<br \/>\n                        <a target=\"_blank\" href=\"https:\/\/reporterre.net\/Luttes\" rel=\"tag\">Luttes<\/a><br \/>\n<br \/><br \/>\n<br \/><a href=\"https:\/\/reporterre.net\/Sur-l-ex-zad-de-Notre-Dame-des-Landes-on-fete-10-ans-d-occupation\" target=\"_blank\"\">Source link <\/a><\/p>\n","protected":false},"excerpt":{"rendered":"<p>Le 10\u00a0octobre 2015, des opposants \u00e0 l&rsquo;a\u00e9roport de Notre-Dame-des-Landes occupaient le hameau de la No\u00e9 verte. Dix ans plus tard, ils c\u00e9l\u00e8brent leur vie sur place, ouverte sur l&rsquo;ext\u00e9rieur. Grandchamps-des-Fontaines&hellip; <\/p>\n","protected":false},"author":1,"featured_media":0,"comment_status":"open","ping_status":"open","sticky":false,"template":"","format":"standard","meta":{"footnotes":""},"categories":[1],"tags":[],"class_list":["post-17461","post","type-post","status-publish","format-standard","hentry","category-non-classe"],"_links":{"self":[{"href":"https:\/\/monde25.info\/index.php\/wp-json\/wp\/v2\/posts\/17461","targetHints":{"allow":["GET"]}}],"collection":[{"href":"https:\/\/monde25.info\/index.php\/wp-json\/wp\/v2\/posts"}],"about":[{"href":"https:\/\/monde25.info\/index.php\/wp-json\/wp\/v2\/types\/post"}],"author":[{"embeddable":true,"href":"https:\/\/monde25.info\/index.php\/wp-json\/wp\/v2\/users\/1"}],"replies":[{"embeddable":true,"href":"https:\/\/monde25.info\/index.php\/wp-json\/wp\/v2\/comments?post=17461"}],"version-history":[{"count":0,"href":"https:\/\/monde25.info\/index.php\/wp-json\/wp\/v2\/posts\/17461\/revisions"}],"wp:attachment":[{"href":"https:\/\/monde25.info\/index.php\/wp-json\/wp\/v2\/media?parent=17461"}],"wp:term":[{"taxonomy":"category","embeddable":true,"href":"https:\/\/monde25.info\/index.php\/wp-json\/wp\/v2\/categories?post=17461"},{"taxonomy":"post_tag","embeddable":true,"href":"https:\/\/monde25.info\/index.php\/wp-json\/wp\/v2\/tags?post=17461"}],"curies":[{"name":"wp","href":"https:\/\/api.w.org\/{rel}","templated":true}]}}