{"id":17462,"date":"2025-10-11T17:09:51","date_gmt":"2025-10-11T15:09:51","guid":{"rendered":"https:\/\/monde25.info\/index.php\/2025\/10\/11\/cest-loccident-et-non-gaza-qui-doit-etre-deradicalise\/"},"modified":"2025-10-11T17:09:51","modified_gmt":"2025-10-11T15:09:51","slug":"cest-loccident-et-non-gaza-qui-doit-etre-deradicalise","status":"publish","type":"post","link":"https:\/\/monde25.info\/index.php\/2025\/10\/11\/cest-loccident-et-non-gaza-qui-doit-etre-deradicalise\/","title":{"rendered":"C\u2019est l\u2019Occident, et non Gaza, qui doit \u00eatre d\u00e9radicalis\u00e9"},"content":{"rendered":"<p> <br \/>\n<\/p>\n<div>\n<ol class=\"campaign-loop campaign-list\">\n<li id=\"campaign-482494\" class=\"post-482494 campaign type-campaign status-publish hentry campaign-has-goal campaign-has-not-achieved-goal campaign-has-end-date campaign-has-not-ended\">\n\t<a target=\"_blank\" href=\"https:\/\/reseauinternational.net\/campaigns\/campagne-de-dons-septembre-octobre-2025\/\"><\/p>\n<h3>Campagne de dons Octobre 2025<\/h3>\n<p>\t\t\t<\/a><\/p>\n<p>\n\tAppel aux dons \u2013 Votre soutien nous est indispensable pour continuer \u00e0 vous fournir le meilleur de l\u2019information internationale alternative. C\u2019est gr\u00e2ce \u00e0 vos dons que nous pourrons maintenir le cap pour une information plurielle et r\u00e9ellement alternative. Nous comptons sur vous.<\/p>\n<p>\n<span class=\"amount\">6 579,07\u00a0\u20ac<\/span> de l\u2019objectif de <span class=\"goal-amount\">25 000,00\u00a0\u20ac<\/span> atteint<\/p>\n<\/li>\n<\/ol>\n<p>par<strong> Jonathan Cook<\/strong><\/p>\n<p><strong>Cette guerre brutale contre les Palestiniens n\u2019a pas seulement lib\u00e9r\u00e9 les d\u00e9mons d\u2019Isra\u00ebl. Elle a \u00e9galement d\u00e9masqu\u00e9 nos propres r\u00e9gimes, qui r\u00e9priment l\u2019activisme humanitaire.<\/strong><\/p>\n<p>Les anniversaires sont souvent l\u2019occasion de faire la f\u00eate. Mais qui aurait pu imaginer en octobre 2023 que nous c\u00e9l\u00e9brerions aujourd\u2019hui le <a target=\"_blank\" href=\"https:\/\/www.chroniquepalestine.com\/7-octobre-2023-palestiniens-ont-abattu-murs-prison\/\">deuxi\u00e8me anniversaire<\/a> d\u2019un g\u00e9nocide, document\u00e9 dans les moindres d\u00e9tails sur nos t\u00e9l\u00e9phones chaque jour pendant 24 mois ?<\/p>\n<p>Un g\u00e9nocide qui aurait pu \u00eatre arr\u00eat\u00e9 \u00e0 tout moment si les \u00c9tats-Unis et leurs alli\u00e9s en avaient d\u00e9cid\u00e9 ainsi.<\/p>\n<p>Il s\u2019agit d\u2019un anniversaire si honteux que personne au pouvoir ne souhaite qu\u2019on s\u2019en souvienne. Au contraire, ils nous encouragent activement \u00e0 oublier que le g\u00e9nocide est en cours, m\u00eame \u00e0 son apog\u00e9e. Les crimes incessants d\u2019Isra\u00ebl contre la population de Gaza ne font pratiquement plus <a target=\"_blank\" href=\"https:\/\/www.chroniquepalestine.com\/comment-la-presse-occidentale-a-trahi-les-journalistes-palestiniens\/\">la une<\/a> de l\u2019actualit\u00e9.<\/p>\n<p>Il y a l\u00e0 une le\u00e7on effrayante, qui s\u2019applique aussi bien \u00e0 Isra\u00ebl qu\u2019\u00e0 ses protecteurs occidentaux. Un g\u00e9nocide n\u2019a lieu \u2013 et n\u2019est permis \u2013 que lorsqu\u2019une profonde maladie s\u2019est install\u00e9e dans l\u2019\u00e2me collective des auteurs.<\/p>\n<p>Au cours des 80 derni\u00e8res ann\u00e9es, les soci\u00e9t\u00e9s occidentales se sont attaqu\u00e9es \u2013 ou du moins ont cru s\u2019attaquer \u2013 aux racines de ce mal.<\/p>\n<p>Elles se sont demand\u00e9 comment un Holocauste avait pu se produire en leur sein, dans une <a target=\"_blank\" href=\"https:\/\/www.chroniquepalestine.com\/tag\/allemagne\">Allemagne<\/a> qui occupait une place centrale dans le monde occidental moderne, suppos\u00e9 \u00abcivilis\u00e9\u00bb.<\/p>\n<p>Ils imaginaient \u2013 ou pr\u00e9tendaient imaginer \u2013 que leur m\u00e9chancet\u00e9 avait \u00e9t\u00e9 extirp\u00e9e, leur culpabilit\u00e9 lav\u00e9e, gr\u00e2ce au <a target=\"_blank\" href=\"https:\/\/www.chroniquepalestine.com\/pour-classe-politique-allemande-toujours-israel-uber-alles\/\">parrainage<\/a> d\u2019un \u00ab\u00c9tat juif\u00bb.<\/p>\n<p>Cet \u00c9tat, \u00e9tabli de mani\u00e8re violente en <a target=\"_blank\" href=\"https:\/\/www.chroniquepalestine.com\/tag\/nakba\">1948<\/a> au lendemain de la Seconde Guerre mondiale, servait de protectorat europ\u00e9en sur les ruines de la patrie du peuple palestinien.<\/p>\n<p>Notons que le Moyen-Orient \u00e9tait justement une r\u00e9gion que l\u2019Occident tenait d\u00e9sesp\u00e9r\u00e9ment \u00e0 contr\u00f4ler, malgr\u00e9 les demandes croissantes des Arabes qui r\u00e9clamaient la fin de plus d\u2019un si\u00e8cle de colonialisme occidental brutal.<\/p>\n<p>Pourquoi ? Parce que la r\u00e9gion \u00e9tait r\u00e9cemment devenue le r\u00e9servoir de p\u00e9trole mondial.<\/p>\n<h5 class=\"wp-block-heading\"><strong>Trag\u00e9die, puis farce<\/strong><\/h5>\n<p>L\u2019objectif m\u00eame d\u2019Isra\u00ebl, inscrit dans l\u2019id\u00e9ologie du sionisme, ou supr\u00e9matie juive au Moyen-Orient, \u00e9tait d\u2019agir comme un mandataire du <a target=\"_blank\" href=\"https:\/\/www.chroniquepalestine.com\/tag\/colonialisme\">colonialisme<\/a> occidental. Il s\u2019agissait d\u2019un \u00c9tat client implant\u00e9 dans la r\u00e9gion pour maintenir l\u2019ordre au nom de l\u2019Occident, tandis que celui-ci faisait semblant de se retirer de la r\u00e9gion.<\/p>\n<p>Cette vision d\u2019ensemble \u2013 que les politiciens et les m\u00e9dias occidentaux refusent de reconna\u00eetre \u2013 est le contexte dans lequel s\u2019inscrivent tous les \u00e9v\u00e9nements qui se sont d\u00e9roul\u00e9s depuis lors, y compris l\u2019actuelle campagne g\u00e9nocidaire d\u2019Isra\u00ebl \u00e0 Gaza.<\/p>\n<p>Deux ans plus tard, ce qui aurait d\u00fb \u00eatre \u00e9vident d\u00e8s le d\u00e9part devient de plus en plus difficile \u00e0 ignorer : le g\u00e9nocide n\u2019avait rien \u00e0 voir avec l\u2019attaque d\u2019une journ\u00e9e men\u00e9e par le Hamas contre Isra\u00ebl le <a target=\"_blank\" href=\"https:\/\/www.chroniquepalestine.com\/hamas-raisons-offensive-7-octobre\/\">7 octobre 2023<\/a>. Le g\u00e9nocide n\u2019a jamais \u00e9t\u00e9 une question d\u2019\u00abautod\u00e9fense\u00bb. Il \u00e9tait pr\u00e9d\u00e9termin\u00e9 par les imp\u00e9ratifs id\u00e9ologiques du sionisme.<\/p>\n<p>L\u2019\u00e9vasion du Hamas de Gaza \u2013 un camp de prisonniers dans lequel les Palestiniens avaient \u00e9t\u00e9 parqu\u00e9s des d\u00e9cennies plus t\u00f4t, apr\u00e8s leur expulsion de leur patrie \u2013 a fourni le pr\u00e9texte. Elle a trop facilement lib\u00e9r\u00e9 les <a target=\"_blank\" href=\"https:\/\/www.chroniquepalestine.com\/genocid-gaza-a-revele-fascisme-israelien-et-occidental\/\">d\u00e9mons<\/a> qui se cachaient depuis longtemps dans l\u2019\u00e2me de la classe politique isra\u00e9lienne.<\/p>\n<p>Et surtout, cela a lib\u00e9r\u00e9 des d\u00e9mons similaires, bien que mieux dissimul\u00e9s, au sein de la <a target=\"_blank\" href=\"https:\/\/www.chroniquepalestine.com\/genocide-dirigeants-occidentaux-sont-veules-couards-mais-avant-tout-activement-complices\/\">classe dirigeante occidentale<\/a>, ainsi que dans certaines parties de leurs soci\u00e9t\u00e9s fortement conditionn\u00e9es \u00e0 croire que les int\u00e9r\u00eats de la classe dirigeante co\u00efncident avec les leurs.<\/p>\n<p>Deux ans apr\u00e8s le d\u00e9but du g\u00e9nocide, l\u2019Occident reste profond\u00e9ment enferm\u00e9 dans sa bulle de d\u00e9ni auto-g\u00e9n\u00e9r\u00e9e quant \u00e0 ce qui se passe \u00e0 Gaza et au r\u00f4le qu\u2019il y joue.<\/p>\n<p>\u00abL\u2019histoire se r\u00e9p\u00e8te\u00bb, comme le dit le proverbe, \u00abd\u2019abord comme une trag\u00e9die, puis comme une farce\u00bb.<\/p>\n<p>On pourrait en dire autant des \u00abprocessus de paix\u00bb. Il y a trente ans, l\u2019Occident a impos\u00e9 aux Palestiniens les accords d\u2019<a target=\"_blank\" href=\"https:\/\/www.chroniquepalestine.com\/tag\/oslo\/\">Oslo<\/a> en leur promettant la cr\u00e9ation d\u2019un \u00c9tat.<\/p>\n<p><a target=\"_blank\" href=\"https:\/\/www.chroniquepalestine.com\/30-ans-oslo-30-ans-duperie\/\">Oslo<\/a> fut une trag\u00e9die. Il a conduit \u00e0 une rupture id\u00e9ologique au sein du mouvement national palestinien, \u00e0 un approfondissement de la fracture g\u00e9ographique entre une population emprisonn\u00e9e en Cisjordanie occup\u00e9e et une population encore plus durement emprisonn\u00e9e \u00e0 Gaza, \u00e0 l\u2019utilisation croissante par Isra\u00ebl de nouvelles technologies pour confiner, surveiller et opprimer les deux groupes de Palestiniens, et enfin \u00e0 la br\u00e8ve \u00e9vasion du Hamas du camp de prisonniers de Gaza et \u00e0 la \u00abr\u00e9ponse\u00bb g\u00e9nocidaire d\u2019Isra\u00ebl.<\/p>\n<p>Aujourd\u2019hui, le \u00ab<a target=\"_blank\" href=\"https:\/\/www.chroniquepalestine.com\/plan-israelo-us-organisations-resistance-rejettent-toute-capitulation\/\">plan<\/a> de paix\u00bb en 20 points du pr\u00e9sident am\u00e9ricain Donald Trump offre une v\u00e9ritable farce : un gangst\u00e9risme sans vergogne d\u00e9guis\u00e9 en \u00absolution\u00bb au g\u00e9nocide de Gaza.<\/p>\n<p>L\u2019ancien Premier ministre britannique <a target=\"_blank\" href=\"https:\/\/www.chroniquepalestine.com\/tony-blair-jared-kushner-a-la-manoeuvre-pour-fantasme-riviera-trump\/\">Tony Blair<\/a>, un criminel de guerre qui, aux c\u00f4t\u00e9s de son homologue am\u00e9ricain George W. Bush, a d\u00e9truit l\u2019Irak il y a plus de deux d\u00e9cennies, va dicter sa loi au peuple de Gaza au nom d\u2019Isra\u00ebl.<\/p>\n<h5 class=\"wp-block-heading\"><strong>Document de capitulation<\/strong><\/h5>\n<p>Gaza, et pas seulement le <a target=\"_blank\" href=\"https:\/\/www.chroniquepalestine.com\/tag\/hamas\">Hamas<\/a>, est confront\u00e9e \u00e0 un ultimatum : \u00abAcceptez l\u2019accord, ou nous vous mettrons dans des bottes en b\u00e9ton et vous coulerons dans la M\u00e9diterran\u00e9e\u00bb.<\/p>\n<p>Derri\u00e8re cette menace se cache la probabilit\u00e9 que, m\u00eame si le Hamas se sent oblig\u00e9 de signer ce document de capitulation, la population de Gaza finira tout de m\u00eame dans des bottes en b\u00e9ton.<\/p>\n<p>La population de Gaza est tellement d\u00e9sesp\u00e9r\u00e9e de voir cesser le massacre qu\u2019elle est pr\u00eate \u00e0 accepter presque n\u2019importe quoi. Mais il est purement illusoire de croire qu\u2019un \u00c9tat qui a pass\u00e9 deux ans \u00e0 mener un g\u00e9nocide puisse \u00eatre digne de <a target=\"_blank\" href=\"https:\/\/www.chroniquepalestine.com\/les-massacres-suivis-de-mensonges-sont-des-constantes-israeliennes\/\">confiance<\/a> pour respecter un cessez-le-feu ou honorer les termes d\u2019un plan de paix, m\u00eame s\u2019il est fortement biais\u00e9 en sa faveur.<\/p>\n<p>La farce du plan de paix de Trump \u2013 son \u00ab<em>accord du mill\u00e9naire<\/em>\u00bb \u2013 est \u00e9vidente d\u00e8s le premier de ses 20 points : \u00abGaza sera une zone d\u00e9radicalis\u00e9e, exempte de terrorisme, qui ne constituera pas une menace pour ses voisins\u00bb.<\/p>\n<p>Les auteurs du document ne se demandent pas plus ce qui a pu \u00abradicaliser\u00bb Gaza que ne l\u2019ont fait les capitales occidentales lorsque le Hamas, interdit au Royaume-Uni et dans d\u2019autres pays en tant que groupe terroriste, s\u2019est \u00e9chapp\u00e9 de l\u2019enclave carc\u00e9rale avec une grande violence le 7 octobre 2023.<\/p>\n<p>Les habitants de Gaza sont-ils simplement n\u00e9s radicaux, ou sont-ils devenus radicaux \u00e0 cause des \u00e9v\u00e9nements ?<\/p>\n<p>Ont-ils \u00e9t\u00e9 \u00abradicalis\u00e9s\u00bb lorsque Isra\u00ebl les a ethniquement nettoy\u00e9s de leurs terres d\u2019origine, dans ce qui est aujourd\u2019hui l\u2019\u00ab\u00c9tat juif\u00bb autoproclam\u00e9 d\u2019Isra\u00ebl, et les a parqu\u00e9s dans le minuscule enclos de Gaza ?<\/p>\n<p>Ont-ils \u00e9t\u00e9 \u00abradicalis\u00e9s\u00bb par la surveillance et l\u2019oppression dont ils ont \u00e9t\u00e9 victimes pendant des d\u00e9cennies dans une prison dystopique \u00e0 ciel ouvert ?<\/p>\n<p>\u00c9tait-ce le fait d\u2019avoir v\u00e9cu pendant 17 ans sous un <a target=\"_blank\" href=\"https:\/\/www.chroniquepalestine.com\/par-blocus-israeliens-font-deliberement-mourir-blesses-dans-hopitaux-gaza\/\">blocus<\/a> terrestre, maritime et a\u00e9rien impos\u00e9 par Isra\u00ebl, qui leur a refus\u00e9 le droit de voyager ou de commercer et a contraint leurs enfants \u00e0 suivre un r\u00e9gime alimentaire qui les a laiss\u00e9s mal nourris ?<\/p>\n<p>Ou peut-\u00eatre ont-ils \u00e9t\u00e9 radicalis\u00e9s par le <a target=\"_blank\" href=\"https:\/\/www.chroniquepalestine.com\/cheikh-naim-qassem-genocide-gaza-rendu-possible-par-silence-mondial-et-inaction-arabe\/\">silence<\/a> des protecteurs occidentaux d\u2019Isra\u00ebl, qui ont fourni les armes et r\u00e9colt\u00e9 les fruits de leur travail : les derni\u00e8res technologies de confinement, test\u00e9es sur le terrain par Isra\u00ebl sur la population de Gaza.<\/p>\n<p>La v\u00e9rit\u00e9 ignor\u00e9e dans le premier point du \u00abplan de paix\u00bb de Trump est qu\u2019il est tout \u00e0 fait normal d\u2019\u00eatre \u00abradicalis\u00e9\u00bb lorsque l\u2019on vit dans une situation extr\u00eame. Et il n\u2019y a pas d\u2019endroit sur la plan\u00e8te plus extr\u00eame que Gaza.<\/p>\n<h5 class=\"wp-block-heading\"><strong>Les \u00abcafards\u00bb et les \u00abserpents\u00bb<\/strong><\/h5>\n<p>Ce n\u2019est pas Gaza qui a besoin d\u2019\u00eatre \u00abd\u00e9radicalis\u00e9e\u00bb. C\u2019est l\u2019Occident et son \u00c9tat client isra\u00e9lien.<\/p>\n<p>Il n\u2019est gu\u00e8re n\u00e9cessaire d\u2019expliquer pourquoi Isra\u00ebl doit \u00eatre d\u00e9radicalis\u00e9. <a target=\"_blank\" href=\"https:\/\/www.chroniquepalestine.com\/sondage-pour-les-israeliens-le-genocide-est-totalement-dans-la-norme\/\">Sondage<\/a> apr\u00e8s sondage, les Isra\u00e9liens se d\u00e9clarent non seulement favorables \u00e0 l\u2019an\u00e9antissement que leur \u00c9tat est en train de mener \u00e0 Gaza, mais ils estiment que leur gouvernement doit se montrer encore plus agressif, encore plus g\u00e9nocidaire.<\/p>\n<p>En mai dernier, alors que les b\u00e9b\u00e9s palestiniens d\u00e9p\u00e9rissaient \u00e0 cause du blocus isra\u00e9lien sur la nourriture et l\u2019aide humanitaire, 64% des Isra\u00e9liens ont d\u00e9clar\u00e9 qu\u2019ils pensaient qu\u2019\u00abil n\u2019y avait pas d\u2019innocents\u00bb \u00e0 Gaza, un endroit o\u00f9 environ la moiti\u00e9 des deux millions d\u2019habitants sont des <a target=\"_blank\" href=\"https:\/\/www.chroniquepalestine.com\/tag\/infanticide\">enfants<\/a>.<\/p>\n<p>Ce chiffre serait encore plus \u00e9lev\u00e9 s\u2019il ne refl\u00e9tait que l\u2019opinion des juifs isra\u00e9liens. L\u2019enqu\u00eate a inclus le cinqui\u00e8me de la population isra\u00e9lienne qui est palestinienne, survivante des expulsions massives de 1948 lors de la cr\u00e9ation d\u2019Isra\u00ebl, soutenue par les pays occidentaux.<\/p>\n<p>Cette minorit\u00e9 tr\u00e8s opprim\u00e9e a \u00e9t\u00e9 totalement ignor\u00e9e au cours des deux derni\u00e8res ann\u00e9es.<\/p>\n<p>Une autre enqu\u00eate men\u00e9e plus t\u00f4t cette ann\u00e9e a r\u00e9v\u00e9l\u00e9 que 82% des juifs isra\u00e9liens \u00e9taient favorables \u00e0 l\u2019expulsion des Palestiniens de Gaza. Plus de la moiti\u00e9, soit 56%, soutenaient \u00e9galement l\u2019expulsion forc\u00e9e des citoyens palestiniens d\u2019Isra\u00ebl, m\u00eame si cette minorit\u00e9 est rest\u00e9e discr\u00e8te tout au long du g\u00e9nocide, craignant de subir des repr\u00e9sailles si elle s\u2019exprimait.<\/p>\n<p>En outre, 47% des juifs isra\u00e9liens approuvaient le massacre de tous les habitants de Gaza, y compris les enfants.<\/p>\n<p>Les crimes supervis\u00e9s par le Premier ministre isra\u00e9lien Benjamin Netanyahou, souvent pr\u00e9sent\u00e9 par les \u00e9trangers comme une sorte d\u2019aberration, sont tout \u00e0 fait repr\u00e9sentatifs du sentiment g\u00e9n\u00e9ral qui r\u00e8gne en Isra\u00ebl.<\/p>\n<p>La ferveur g\u00e9nocidaire de la soci\u00e9t\u00e9 isra\u00e9lienne est un secret de polichinelle. Les soldats inondent les r\u00e9seaux sociaux de vid\u00e9os c\u00e9l\u00e9brant leurs crimes de guerre. Des adolescents isra\u00e9liens r\u00e9alisent des vid\u00e9os humoristiques sur TikTok approuvant la <a target=\"_blank\" href=\"https:\/\/www.chroniquepalestine.com\/gaza-famine-tue-d-abord-enfants\/\">famine<\/a> des b\u00e9b\u00e9s \u00e0 Gaza.<\/p>\n<p>La t\u00e9l\u00e9vision d\u2019\u00c9tat isra\u00e9lienne diffuse un ch\u0153ur d\u2019enfants pr\u00f4nant l\u2019an\u00e9antissement de Gaza.<\/p>\n<p>Ces opinions ne sont pas simplement une r\u00e9action aux horreurs qui se sont d\u00e9roul\u00e9es en Isra\u00ebl le 7 octobre 2023. Comme le montrent r\u00e9guli\u00e8rement les sondages, le <a target=\"_blank\" href=\"https:\/\/www.chroniquepalestine.com\/tag\/racisme-israelien\">racisme<\/a> profond envers les Palestiniens existe depuis des d\u00e9cennies.<\/p>\n<p>Ce n\u2019est pas l\u2019ancien ministre de la D\u00e9fense Yoav Gallant qui a lanc\u00e9 la tendance \u00e0 qualifier les Palestiniens de Gaza d\u2019\u00abanimaux humains\u00bb. Depuis la cr\u00e9ation d\u2019Isra\u00ebl, les politiciens et les chefs religieux les d\u00e9crivent comme des \u00abcafards\u00bb, des \u00abchiens\u00bb, des \u00abserpents\u00bb et des \u00ab\u00e2nes\u00bb. C\u2019est ce long processus de d\u00e9shumanisation qui a rendu le g\u00e9nocide possible.<\/p>\n<p>Ce n\u2019est pas l\u2019ancien ministre de la D\u00e9fense Yoav Gallant qui a lanc\u00e9 la tendance \u00e0 qualifier les Palestiniens de Gaza d\u2019\u00abanimaux humains\u00bb. Depuis la cr\u00e9ation d\u2019Isra\u00ebl, les politiciens et les chefs religieux les d\u00e9crivent comme des \u00abcafards\u00bb, des \u00abchiens\u00bb, des \u00abserpents\u00bb et des \u00ab\u00e2nes\u00bb.<\/p>\n<p>C\u2019est ce long processus de <a target=\"_blank\" href=\"https:\/\/www.chroniquepalestine.com\/indifference-deliberee-deshumanisation-systematique\/\">d\u00e9shumanisation<\/a> qui a rendu le g\u00e9nocide possible.<\/p>\n<p>En r\u00e9ponse au soutien massif exprim\u00e9 en Isra\u00ebl en faveur de l\u2019extermination \u00e0 Gaza, Orly Noy, journaliste et militante isra\u00e9lienne chevronn\u00e9e, est parvenue le mois dernier \u00e0 une conclusion douloureuse sur le site web <em>+972<\/em> : \u00ab<em>Nous assistons \u00e0 la phase finale de la nazification de la soci\u00e9t\u00e9 isra\u00e9lienne<\/em>\u00bb.<\/p>\n<p>Elle a \u00e9galement soulign\u00e9 que ce probl\u00e8me d\u00e9coule d\u2019une id\u00e9ologie dont la port\u00e9e d\u00e9passe largement les fronti\u00e8res d\u2019Isra\u00ebl : \u00ab<em>L\u2019holocauste de Gaza a \u00e9t\u00e9 rendu possible par l\u2019adh\u00e9sion \u00e0 la logique ethno-supremaciste inh\u00e9rente au sionisme. Il faut donc le dire clairement : le sionisme, sous toutes ses formes, ne peut \u00eatre lav\u00e9 de la souillure de ce crime. Il doit \u00eatre aboli<\/em>\u00bb.<\/p>\n<h5 class=\"wp-block-heading\"><strong>Qui a besoin d\u2019\u00eatre d\u00e9radicalis\u00e9 ?<\/strong><\/h5>\n<p>Alors que le g\u00e9nocide se poursuit semaine apr\u00e8s semaine, mois apr\u00e8s mois, sans aucun lien avec les \u00e9v\u00e9nements du 7 octobre 2023, et que les dirigeants occidentaux continuent de justifier leur inaction, une prise de conscience beaucoup plus profonde s\u2019impose.<\/p>\n<p>Il ne s\u2019agit pas seulement d\u2019un d\u00e9mon d\u00e9cha\u00een\u00e9 parmi les Isra\u00e9liens. Il s\u2019agit d\u2019un d\u00e9mon dans l\u2019\u00e2me de l\u2019Occident. C\u2019est nous \u2013 le bloc de pouvoir qui a cr\u00e9\u00e9 Isra\u00ebl, qui <a target=\"_blank\" href=\"https:\/\/www.chroniquepalestine.com\/tag\/trafic-darmes\">arme<\/a> Isra\u00ebl, qui finance Isra\u00ebl, qui indulge Isra\u00ebl, qui excuse Isra\u00ebl \u2013 qui avons vraiment besoin d\u2019\u00eatre d\u00e9radicalis\u00e9s.<\/p>\n<p>L\u2019Allemagne a connu un processus de \u00abd\u00e9nazification\u00bb apr\u00e8s la fin de la Seconde Guerre mondiale, processus qui, comme le montre clairement la r\u00e9pression acharn\u00e9e men\u00e9e par l\u2019\u00c9tat allemand contre toute opposition publique au g\u00e9nocide \u00e0 Gaza, n\u2019a jamais \u00e9t\u00e9 men\u00e9 \u00e0 terme.<\/p>\n<p>Une campagne de d\u00e9radicalisation bien plus profonde que celle \u00e0 laquelle a \u00e9t\u00e9 soumise l\u2019Allemagne nazie est d\u00e9sormais n\u00e9cessaire en Occident, afin que la normalisation du meurtre de dizaines de milliers d\u2019enfants, retransmis en direct sur nos t\u00e9l\u00e9phones, ne puisse plus jamais se reproduire.<\/p>\n<p>Une d\u00e9radicalisation qui rendrait inconcevable que nos propres citoyens se rendent en Isra\u00ebl pour participer au g\u00e9nocide de Gaza, puis soient accueillis \u00e0 bras ouverts dans leur pays d\u2019origine.<\/p>\n<p>Une d\u00e9radicalisation qui signifierait que nos gouvernements ne pourraient pas envisager d\u2019abandonner silencieusement leurs propres citoyens \u2013 des citoyens qui ont rejoint une flottille humanitaire pour tenter de briser le si\u00e8ge ill\u00e9gal impos\u00e9 par Isra\u00ebl \u00e0 Gaza, qui <a target=\"_blank\" href=\"https:\/\/www.chroniquepalestine.com\/entre-marteau-famine-et-enclume-destruction\/\">affame<\/a> la population \u2013 aux voyous du ministre fasciste isra\u00e9lien de la police.<\/p>\n<p>Une d\u00e9radicalisation qui rendrait inconcevable pour le Premier ministre britannique Keir Starmer, ou d\u2019autres dirigeants occidentaux, d\u2019accueillir le pr\u00e9sident isra\u00e9lien Isaac Herzog, qui, au d\u00e9but du massacre \u00e0 Gaza, a fourni la justification centrale du g\u00e9nocide, arguant que personne l\u00e0-bas \u2013 pas m\u00eame son million d\u2019enfants \u2013 n\u2019\u00e9tait innocent.<\/p>\n<p>Une d\u00e9radicalisation qui rendrait \u00e9vident pour les gouvernements occidentaux qu\u2019ils doivent respecter la d\u00e9cision rendue l\u2019ann\u00e9e derni\u00e8re par la Cour internationale de justice, et non l\u2019ignorer : Isra\u00ebl doit \u00eatre contraint de mettre imm\u00e9diatement fin \u00e0 son occupation ill\u00e9gale des territoires palestiniens, qui dure depuis des d\u00e9cennies, et ils doivent proc\u00e9der \u00e0 l\u2019arrestation de Netanyahou, soup\u00e7onn\u00e9 de crimes contre l\u2019humanit\u00e9, comme l\u2019a sp\u00e9cifi\u00e9 la Cour p\u00e9nale internationale.<\/p>\n<p>Une d\u00e9radicalisation qui rendrait absurde que Shabana Mahmood, ministre britannique de l\u2019Int\u00e9rieur, qualifie les manifestations contre un g\u00e9nocide qui dure depuis deux ans de \u00abfondamentalement non britanniques\u00bb \u2013 ou propose de mettre fin au droit de manifester, \u00e9tabli de longue date, mais uniquement lorsque l\u2019injustice est si flagrante, le crime si inadmissible, qu\u2019il pousse les gens \u00e0 manifester \u00e0 plusieurs reprises.<\/p>\n<h5 class=\"wp-block-heading\"><strong>Debout ensemble<\/strong><\/h5>\n<p>Mahmood justifie cette <a target=\"_blank\" href=\"https:\/\/www.chroniquepalestine.com\/lunion-europeenne-finance-la-machine-de-guerre-israelienne\/\">\u00e9rosion<\/a> quasi fatale du droit de manifester en arguant que les manifestations r\u00e9guli\u00e8res ont un \u00abimpact cumulatif\u00bb. Elle a raison. Elles ont effectivement un impact : elles r\u00e9v\u00e8lent au grand jour le caract\u00e8re fallacieux des pr\u00e9tentions de notre gouvernement \u00e0 d\u00e9fendre les droits humains et \u00e0 repr\u00e9senter autre chose qu\u2019une politique brutale o\u00f9 seule la loi du plus fort pr\u00e9vaut.<\/p>\n<p>Une d\u00e9radicalisation s\u2019impose depuis longtemps, et pas seulement pour mettre fin aux crimes commis par l\u2019Occident contre la population de Gaza et de toute la r\u00e9gion du Moyen-Orient.<\/p>\n<p>D\u00e9j\u00e0, alors que nos dirigeants normalisent leurs crimes \u00e0 l\u2019\u00e9tranger, ils normalisent les crimes connexes chez eux. Les premiers signes en sont la qualification de \u00abhaine\u00bb de l\u2019opposition au g\u00e9nocide et de \u00abterrorisme\u00bb des efforts concrets visant \u00e0 mettre fin au g\u00e9nocide.<\/p>\n<p>La campagne de <a target=\"_blank\" href=\"https:\/\/www.chroniquepalestine.com\/quand-parler-en-faveur-de-la-palestine-devient-un-crime\/\">diabolisation<\/a> s\u2019intensifiera, tout comme la r\u00e9pression des droits fondamentaux et chers \u00e0 nos c\u0153urs depuis longtemps.<\/p>\n<p>Isra\u00ebl a d\u00e9clar\u00e9 la guerre au peuple palestinien. Et nos dirigeants nous d\u00e9clarent lentement la guerre, qu\u2019il s\u2019agisse de ceux qui protestent contre le g\u00e9nocide \u00e0 Gaza ou de ceux qui s\u2019opposent au g\u00e9nocide de la plan\u00e8te par un Occident ax\u00e9 sur la consommation.<\/p>\n<p>Nous sommes isol\u00e9s, calomni\u00e9s et menac\u00e9s. Il est temps de nous unir avant qu\u2019il ne soit trop tard. Il est temps de faire entendre votre voix.<\/p>\n<p>source\u00a0: <a target=\"_blank\" href=\"https:\/\/www.middleeasteye.net\/opinion\/gaza-genocide-two-years-west-deradicalised-never-happens-again\">Middle-East Eye<\/a> via <a target=\"_blank\" href=\"https:\/\/www.chroniquepalestine.com\/cest-occident-et-non-gaza-qui-doit-etre-deradicalise\">Chronique de Palestine<\/a><\/p>\n<div class=\"sharedaddy sd-block sd-like jetpack-likes-widget-wrapper jetpack-likes-widget-unloaded\" id=\"like-post-wrapper-237719536-487829-68ea628111d45\" data-src=\"https:\/\/widgets.wp.com\/likes\/?ver=15.0.2#blog_id=237719536&amp;post_id=487829&amp;origin=reseauinternational.net&amp;obj_id=237719536-487829-68ea628111d45\" data-name=\"like-post-frame-237719536-487829-68ea628111d45\" data-title=\"Aimer ou rebloguer\">\n<h3 class=\"sd-title\">J\u2019aime \u00e7a\u00a0:<\/h3>\n<p><span class=\"button\"><span>J\u2019aime<\/span><\/span> <span class=\"loading\">chargement\u2026<\/span><\/p>\n<p><span class=\"sd-text-color\"\/><a target=\"_blank\" class=\"sd-link-color\"\/><\/div>\n<p><meta itemscope=\"\" itemprop=\"mainEntityOfPage\" itemtype=\"https:\/\/schema.org\/WebPage\" itemid=\"https:\/\/reseauinternational.net\/cest-loccident-et-non-gaza-qui-doit-etre-deradicalise\/\"\/><meta itemprop=\"headline\" content=\"C\u2019est l\u2019Occident, et non Gaza, qui doit \u00eatre d\u00e9radicalis\u00e9\"\/><span style=\"display: none;\" itemprop=\"author\" itemscope=\"\" itemtype=\"https:\/\/schema.org\/Person\"><meta itemprop=\"name\" content=\"R\u00e9seau International\"\/><\/span><span style=\"display: none;\" itemprop=\"image\" itemscope=\"\" itemtype=\"https:\/\/schema.org\/ImageObject\"><meta itemprop=\"url\" content=\"https:\/\/i0.wp.com\/reseauinternational.net\/wp-content\/uploads\/2025\/10\/IMAGE-2025-10-11-102709.jpg?fit=800%2C467&amp;quality=100&amp;ssl=1\"\/><meta itemprop=\"width\" content=\"800\"\/><meta itemprop=\"height\" content=\"467\"\/><\/span><span style=\"display: none;\" itemprop=\"publisher\" itemscope=\"\" itemtype=\"https:\/\/schema.org\/Organization\"><span style=\"display: none;\" itemprop=\"logo\" itemscope=\"\" itemtype=\"https:\/\/schema.org\/ImageObject\"><meta itemprop=\"url\" content=\"https:\/\/reseauinternational.net\/wp-content\/uploads\/2022\/06\/Capture-de\u0301cran-2022-06-14-a\u0300-16.51.07.png\"\/><\/span><meta itemprop=\"name\" content=\"R\u00e9seau International\"\/><\/span><meta itemprop=\"datePublished\" content=\"2025-10-11T12:00:32+00:00\"\/><meta itemprop=\"dateModified\" content=\"2025-10-11T12:00:57+00:00\"\/><\/div>\n<p><br \/>\n<br \/><a href=\"https:\/\/reseauinternational.net\/cest-loccident-et-non-gaza-qui-doit-etre-deradicalise\/\" target=\"_blank\"\">Source link <\/a><\/p>\n","protected":false},"excerpt":{"rendered":"<p>Campagne de dons Octobre 2025 Appel aux dons \u2013 Votre soutien nous est indispensable pour continuer \u00e0 vous fournir le meilleur de l\u2019information internationale alternative. C\u2019est gr\u00e2ce \u00e0 vos dons&hellip; <\/p>\n","protected":false},"author":1,"featured_media":17463,"comment_status":"open","ping_status":"open","sticky":false,"template":"","format":"standard","meta":{"footnotes":""},"categories":[1],"tags":[],"class_list":["post-17462","post","type-post","status-publish","format-standard","has-post-thumbnail","hentry","category-non-classe"],"_links":{"self":[{"href":"https:\/\/monde25.info\/index.php\/wp-json\/wp\/v2\/posts\/17462","targetHints":{"allow":["GET"]}}],"collection":[{"href":"https:\/\/monde25.info\/index.php\/wp-json\/wp\/v2\/posts"}],"about":[{"href":"https:\/\/monde25.info\/index.php\/wp-json\/wp\/v2\/types\/post"}],"author":[{"embeddable":true,"href":"https:\/\/monde25.info\/index.php\/wp-json\/wp\/v2\/users\/1"}],"replies":[{"embeddable":true,"href":"https:\/\/monde25.info\/index.php\/wp-json\/wp\/v2\/comments?post=17462"}],"version-history":[{"count":0,"href":"https:\/\/monde25.info\/index.php\/wp-json\/wp\/v2\/posts\/17462\/revisions"}],"wp:featuredmedia":[{"embeddable":true,"href":"https:\/\/monde25.info\/index.php\/wp-json\/wp\/v2\/media\/17463"}],"wp:attachment":[{"href":"https:\/\/monde25.info\/index.php\/wp-json\/wp\/v2\/media?parent=17462"}],"wp:term":[{"taxonomy":"category","embeddable":true,"href":"https:\/\/monde25.info\/index.php\/wp-json\/wp\/v2\/categories?post=17462"},{"taxonomy":"post_tag","embeddable":true,"href":"https:\/\/monde25.info\/index.php\/wp-json\/wp\/v2\/tags?post=17462"}],"curies":[{"name":"wp","href":"https:\/\/api.w.org\/{rel}","templated":true}]}}