{"id":17470,"date":"2025-10-11T19:23:20","date_gmt":"2025-10-11T17:23:20","guid":{"rendered":"https:\/\/monde25.info\/index.php\/2025\/10\/11\/apologie-du-terrorisme-des-condamnations-a-la-hausse-depuis-le-7-octobre\/"},"modified":"2025-10-11T19:23:20","modified_gmt":"2025-10-11T17:23:20","slug":"apologie-du-terrorisme-des-condamnations-a-la-hausse-depuis-le-7-octobre","status":"publish","type":"post","link":"https:\/\/monde25.info\/index.php\/2025\/10\/11\/apologie-du-terrorisme-des-condamnations-a-la-hausse-depuis-le-7-octobre\/","title":{"rendered":"Apologie du terrorisme: des condamnations \u00e0 la hausse depuis le 7-Octobre"},"content":{"rendered":"<p> <br \/>\n<br \/>Ces deux derni\u00e8res ann\u00e9es, plus de 350 personnes ont \u00e9t\u00e9 condamn\u00e9es pour apologie du terrorisme. Certaines enqu\u00eates visent des militants politiques, associatifs ou syndicaux engag\u00e9s pour la cause palestinienne, qui d\u00e9noncent une \u00abinstrumentalisation\u00bb de la justice.<br \/>\n<br \/><br \/>\n<br \/><a href=\"https:\/\/www.mediapart.fr\/journal\/france\/111025\/apologie-du-terrorisme-des-condamnations-la-hausse-depuis-le-7-octobre\" target=\"_blank\"\">Source link <\/a><\/p>\n","protected":false},"excerpt":{"rendered":"<p>Ces deux derni\u00e8res ann\u00e9es, plus de 350 personnes ont \u00e9t\u00e9 condamn\u00e9es pour apologie du terrorisme. Certaines enqu\u00eates visent des militants politiques, associatifs ou syndicaux engag\u00e9s pour la cause palestinienne, qui&hellip; <\/p>\n","protected":false},"author":1,"featured_media":17471,"comment_status":"open","ping_status":"open","sticky":false,"template":"","format":"standard","meta":{"footnotes":""},"categories":[1],"tags":[],"class_list":["post-17470","post","type-post","status-publish","format-standard","has-post-thumbnail","hentry","category-non-classe"],"_links":{"self":[{"href":"https:\/\/monde25.info\/index.php\/wp-json\/wp\/v2\/posts\/17470","targetHints":{"allow":["GET"]}}],"collection":[{"href":"https:\/\/monde25.info\/index.php\/wp-json\/wp\/v2\/posts"}],"about":[{"href":"https:\/\/monde25.info\/index.php\/wp-json\/wp\/v2\/types\/post"}],"author":[{"embeddable":true,"href":"https:\/\/monde25.info\/index.php\/wp-json\/wp\/v2\/users\/1"}],"replies":[{"embeddable":true,"href":"https:\/\/monde25.info\/index.php\/wp-json\/wp\/v2\/comments?post=17470"}],"version-history":[{"count":0,"href":"https:\/\/monde25.info\/index.php\/wp-json\/wp\/v2\/posts\/17470\/revisions"}],"wp:featuredmedia":[{"embeddable":true,"href":"https:\/\/monde25.info\/index.php\/wp-json\/wp\/v2\/media\/17471"}],"wp:attachment":[{"href":"https:\/\/monde25.info\/index.php\/wp-json\/wp\/v2\/media?parent=17470"}],"wp:term":[{"taxonomy":"category","embeddable":true,"href":"https:\/\/monde25.info\/index.php\/wp-json\/wp\/v2\/categories?post=17470"},{"taxonomy":"post_tag","embeddable":true,"href":"https:\/\/monde25.info\/index.php\/wp-json\/wp\/v2\/tags?post=17470"}],"curies":[{"name":"wp","href":"https:\/\/api.w.org\/{rel}","templated":true}]}}