{"id":17488,"date":"2025-10-12T03:06:36","date_gmt":"2025-10-12T01:06:36","guid":{"rendered":"https:\/\/monde25.info\/index.php\/2025\/10\/12\/les-medias-israeliens-commentent-le-deploiement-de-membres-du-hamas-dans-la-bande-de-gaza-le-mouvement-a-survecu-en-tant-quorganisation-et-autorite\/"},"modified":"2025-10-12T03:06:36","modified_gmt":"2025-10-12T01:06:36","slug":"les-medias-israeliens-commentent-le-deploiement-de-membres-du-hamas-dans-la-bande-de-gaza-le-mouvement-a-survecu-en-tant-quorganisation-et-autorite","status":"publish","type":"post","link":"https:\/\/monde25.info\/index.php\/2025\/10\/12\/les-medias-israeliens-commentent-le-deploiement-de-membres-du-hamas-dans-la-bande-de-gaza-le-mouvement-a-survecu-en-tant-quorganisation-et-autorite\/","title":{"rendered":"Les m\u00e9dias isra\u00e9liens commentent le d\u00e9ploiement de membres du Hamas dans la bande de Gaza : Le mouvement a surv\u00e9cu en tant qu\u2019organisation et autorit\u00e9"},"content":{"rendered":"<p> <br \/>\n<\/p>\n<div>\n<ol class=\"campaign-loop campaign-list\">\n<li id=\"campaign-482494\" class=\"post-482494 campaign type-campaign status-publish hentry campaign-has-goal campaign-has-not-achieved-goal campaign-has-end-date campaign-has-not-ended\">\n\t<a target=\"_blank\" href=\"https:\/\/reseauinternational.net\/campaigns\/campagne-de-dons-septembre-octobre-2025\/\"><\/p>\n<h3>Campagne de dons Octobre 2025<\/h3>\n<p>\t\t\t<\/a><\/p>\n<p>\n\tAppel aux dons \u2013 Votre soutien nous est indispensable pour continuer \u00e0 vous fournir le meilleur de l\u2019information internationale alternative. C\u2019est gr\u00e2ce \u00e0 vos dons que nous pourrons maintenir le cap pour une information plurielle et r\u00e9ellement alternative. Nous comptons sur vous.<\/p>\n<p>\n<span class=\"amount\">6 579,07\u00a0\u20ac<\/span> de l\u2019objectif de <span class=\"goal-amount\">25 000,00\u00a0\u20ac<\/span> atteint<\/p>\n<\/li>\n<\/ol>\n<p>par <strong>Al-Manar<\/strong><\/p>\n<p>Des personnalit\u00e9s et des m\u00e9dias isra\u00e9liens ont confirm\u00e9 l\u2019\u00e9chec de la guerre dans la bande de Gaza, soulignant que \u00ab<em>le Hamas a surv\u00e9cu en tant qu\u2019autorit\u00e9 et organisation<\/em>\u00bb.<\/p>\n<p>Avi Issacharoff, expert des affaires palestiniennes au journal Yedioth Ahronoth, a d\u00e9clar\u00e9 \u00e0 la Douzi\u00e8me cha\u00eene isra\u00e9lienne que \u00ab<em>l\u2019objectif num\u00e9ro un fix\u00e9 par le gouvernement isra\u00e9lien il y a deux ans, \u00e0 savoir l\u2019\u00e9radication du Hamas, n\u2019a pas \u00e9t\u00e9 atteint<\/em>\u00bb. Il a ajout\u00e9 que \u00ab<em>le Hamas a surv\u00e9cu en tant qu\u2019autorit\u00e9 \u00e0 Gaza<\/em>\u00bb.<\/p>\n<p>Issacharoff a ajout\u00e9 \u00ab<em>qu\u2019en vertu du cessez-le-feu,\u00a0les militants du Hamas sont dans les rues, d\u00e9ploy\u00e9s avec leurs armes, se couvrant le visage de masques pour emp\u00eacher toute identification, portant des gilets pare-balles et faisant preuve d\u2019une gouvernance efficace<\/em>\u00bb. Il a ajout\u00e9 : \u00ab<em>Le Hamas a surv\u00e9cu en tant qu\u2019autorit\u00e9, et telle est la r\u00e9alit\u00e9 dans laquelle nous vivons aujourd\u2019hui<\/em>\u00bb.<\/p>\n<p>Dans le m\u00eame contexte, le journaliste et auteur isra\u00e9lien Haim Levinson a d\u00e9clar\u00e9 : \u00ab<em>Le Hamas a surv\u00e9cu en tant qu\u2019organisation, et c\u2019est un fait \u00e9tabli<\/em>\u00bb.<\/p>\n<p>L\u2019organisation est rest\u00e9e organis\u00e9e d\u00e8s le d\u00e9part, avec des soldats disciplin\u00e9s, et elle n\u2019a pas c\u00e9d\u00e9 pendant deux ann\u00e9es difficiles.<\/p>\n<p>Le g\u00e9n\u00e9ral de division de r\u00e9serve Yitzhak Brick a confirm\u00e9 dans une interview accord\u00e9e \u00e0 <em>Israel News 24<\/em> que le pr\u00e9sident am\u00e9ricain Donald Trump a sauv\u00e9 \u00ab<em>Isra\u00ebl de lui-m\u00eame \u00e0 la derni\u00e8re minute<\/em>\u00bb, qualifiant cela de \u00ab<em>miracle<\/em>\u00bb.<\/p>\n<p>Il a ajout\u00e9 : \u00ab<em>\u00c0 tous ceux qui \u00e9voquent aujourd\u2019hui la poursuite de la guerre \u00e0 Gaza, je tiens \u00e0 rappeler ce qu\u2019Eyal Zamir (chef d\u2019\u00e9tat-major) a dit, et je l\u2019ai dit avant lui : un pi\u00e8ge mortel<\/em>\u00bb. Il a soulign\u00e9 que \u00ab<em>l\u2019arm\u00e9e isra\u00e9lienne a \u00e9t\u00e9 incapable de vaincre le Hamas<\/em>\u00bb.<\/p>\n<p>Brick a soulign\u00e9 que \u00ab<em>l\u2019arm\u00e9e ne peut pas lib\u00e9rer des prisonniers par la force des armes, et nous perdrons des centaines de personnes<\/em>\u00bb, soulignant : \u00ab<em>Nous avons perdu le monde et nous perdrons la capacit\u00e9 d\u2019Isra\u00ebl \u00e0 faire face aux menaces grandissantes autour de nous<\/em>\u00bb.<\/p>\n<p>Concernant le Hamas, Brick a d\u00e9clar\u00e9 : \u00ab<em>La guerre est termin\u00e9e, et le Hamas ne sera pas d\u00e9sarm\u00e9<\/em>\u00bb. Il a ajout\u00e9 que \u00ab<em>le Hezbollah se r\u00e9arme, m\u00eame si nous lui avons inflig\u00e9 un coup dur<\/em>\u00bb.<\/p>\n<p>Journaliste Doron Kadosh a d\u00e9clar\u00e9 \u00e0 <em>Israel News 24<\/em> que \u00ab<em>la guerre a pris fin sans que la bande de Gaza ne soit d\u00e9militaris\u00e9e. Le Hamas est rest\u00e9 une organisation op\u00e9rationnelle dot\u00e9e d\u2019une direction, tandis que ses armes de tunnels et son contr\u00f4le de la bande de Gaza se poursuivent<\/em>\u00bb.<\/p>\n<p>Il a ajout\u00e9 que \u00ab<em>le Hamas a repris le contr\u00f4le de zones enti\u00e8res de la bande de Gaza sans force de remplacement<\/em>\u00bb, soulignant que \u00ab<em>le Hamas ne s\u2019est pas engag\u00e9 clairement \u00e0 d\u00e9sarmer, \u00e0 cesser de s\u2019armer, \u00e0 cesser de produire des armes ou \u00e0 creuser des tunnels<\/em>\u00bb.<\/p>\n<p>source : <a target=\"_blank\" href=\"https:\/\/french.almanar.com.lb\/3417273\">Al-Manar<\/a><\/p>\n<div class=\"sharedaddy sd-block sd-like jetpack-likes-widget-wrapper jetpack-likes-widget-unloaded\" id=\"like-post-wrapper-237719536-487827-68eaef1059ea3\" data-src=\"https:\/\/widgets.wp.com\/likes\/?ver=15.0.2#blog_id=237719536&amp;post_id=487827&amp;origin=reseauinternational.net&amp;obj_id=237719536-487827-68eaef1059ea3\" data-name=\"like-post-frame-237719536-487827-68eaef1059ea3\" data-title=\"Aimer ou rebloguer\">\n<h3 class=\"sd-title\">J\u2019aime \u00e7a\u00a0:<\/h3>\n<p><span class=\"button\"><span>J\u2019aime<\/span><\/span> <span class=\"loading\">chargement\u2026<\/span><\/p>\n<p><span class=\"sd-text-color\"\/><a target=\"_blank\" class=\"sd-link-color\"\/><\/div>\n<p><meta itemscope=\"\" itemprop=\"mainEntityOfPage\" itemtype=\"https:\/\/schema.org\/WebPage\" itemid=\"https:\/\/reseauinternational.net\/les-medias-israeliens-commentent-le-deploiement-de-membres-du-hamas-dans-la-bande-de-gaza-le-mouvement-a-survecu-en-tant-quorganisation-et-autorite\/\"\/><meta itemprop=\"headline\" content=\"Les m\u00e9dias isra\u00e9liens commentent le d\u00e9ploiement de membres du Hamas dans la bande de Gaza : Le mouvement a surv\u00e9cu en tant qu\u2019organisation et autorit\u00e9\"\/><span style=\"display: none;\" itemprop=\"author\" itemscope=\"\" itemtype=\"https:\/\/schema.org\/Person\"><meta itemprop=\"name\" content=\"R\u00e9seau International\"\/><\/span><span style=\"display: none;\" itemprop=\"image\" itemscope=\"\" itemtype=\"https:\/\/schema.org\/ImageObject\"><meta itemprop=\"url\" content=\"https:\/\/i0.wp.com\/reseauinternational.net\/wp-content\/uploads\/2025\/10\/Sans-titre-16-3.png?fit=800%2C467&amp;quality=100&amp;ssl=1\"\/><meta itemprop=\"width\" content=\"800\"\/><meta itemprop=\"height\" content=\"467\"\/><\/span><span style=\"display: none;\" itemprop=\"publisher\" itemscope=\"\" itemtype=\"https:\/\/schema.org\/Organization\"><span style=\"display: none;\" itemprop=\"logo\" itemscope=\"\" itemtype=\"https:\/\/schema.org\/ImageObject\"><meta itemprop=\"url\" content=\"https:\/\/reseauinternational.net\/wp-content\/uploads\/2022\/06\/Capture-de\u0301cran-2022-06-14-a\u0300-16.51.07.png\"\/><\/span><meta itemprop=\"name\" content=\"R\u00e9seau International\"\/><\/span><meta itemprop=\"datePublished\" content=\"2025-10-11T12:00:25+00:00\"\/><meta itemprop=\"dateModified\" content=\"2025-10-11T12:00:44+00:00\"\/><\/div>\n<p><br \/>\n<br \/><a href=\"https:\/\/reseauinternational.net\/les-medias-israeliens-commentent-le-deploiement-de-membres-du-hamas-dans-la-bande-de-gaza-le-mouvement-a-survecu-en-tant-quorganisation-et-autorite\/\" target=\"_blank\"\">Source link <\/a><\/p>\n","protected":false},"excerpt":{"rendered":"<p>Campagne de dons Octobre 2025 Appel aux dons \u2013 Votre soutien nous est indispensable pour continuer \u00e0 vous fournir le meilleur de l\u2019information internationale alternative. C\u2019est gr\u00e2ce \u00e0 vos dons&hellip; <\/p>\n","protected":false},"author":1,"featured_media":17489,"comment_status":"open","ping_status":"open","sticky":false,"template":"","format":"standard","meta":{"footnotes":""},"categories":[1],"tags":[],"class_list":["post-17488","post","type-post","status-publish","format-standard","has-post-thumbnail","hentry","category-non-classe"],"_links":{"self":[{"href":"https:\/\/monde25.info\/index.php\/wp-json\/wp\/v2\/posts\/17488","targetHints":{"allow":["GET"]}}],"collection":[{"href":"https:\/\/monde25.info\/index.php\/wp-json\/wp\/v2\/posts"}],"about":[{"href":"https:\/\/monde25.info\/index.php\/wp-json\/wp\/v2\/types\/post"}],"author":[{"embeddable":true,"href":"https:\/\/monde25.info\/index.php\/wp-json\/wp\/v2\/users\/1"}],"replies":[{"embeddable":true,"href":"https:\/\/monde25.info\/index.php\/wp-json\/wp\/v2\/comments?post=17488"}],"version-history":[{"count":0,"href":"https:\/\/monde25.info\/index.php\/wp-json\/wp\/v2\/posts\/17488\/revisions"}],"wp:featuredmedia":[{"embeddable":true,"href":"https:\/\/monde25.info\/index.php\/wp-json\/wp\/v2\/media\/17489"}],"wp:attachment":[{"href":"https:\/\/monde25.info\/index.php\/wp-json\/wp\/v2\/media?parent=17488"}],"wp:term":[{"taxonomy":"category","embeddable":true,"href":"https:\/\/monde25.info\/index.php\/wp-json\/wp\/v2\/categories?post=17488"},{"taxonomy":"post_tag","embeddable":true,"href":"https:\/\/monde25.info\/index.php\/wp-json\/wp\/v2\/tags?post=17488"}],"curies":[{"name":"wp","href":"https:\/\/api.w.org\/{rel}","templated":true}]}}