{"id":17494,"date":"2025-10-12T04:45:42","date_gmt":"2025-10-12T02:45:42","guid":{"rendered":"https:\/\/monde25.info\/index.php\/2025\/10\/12\/la-memoire-du-pere-du-sionisme-contestee-en-europe-centrale\/"},"modified":"2025-10-12T04:45:42","modified_gmt":"2025-10-12T02:45:42","slug":"la-memoire-du-pere-du-sionisme-contestee-en-europe-centrale","status":"publish","type":"post","link":"https:\/\/monde25.info\/index.php\/2025\/10\/12\/la-memoire-du-pere-du-sionisme-contestee-en-europe-centrale\/","title":{"rendered":"La m\u00e9moire du \u00abp\u00e8re du sionisme\u00bb contest\u00e9e en Europe centrale"},"content":{"rendered":"<p> <br \/>\n<br \/>Theodor Herzl est n\u00e9 et a grandi \u00e0 Budapest, et s\u2019est form\u00e9 politiquement \u00e0 Vienne, alors deux villes de l\u2019Empire austro-hongrois. Apr\u00e8s deux ans de guerre \u00e0 Gaza, des actions militantes ainsi que des mus\u00e9es ou des colloques revisitent son h\u00e9ritage.<br \/>\n<br \/><br \/>\n<br \/><a href=\"https:\/\/www.mediapart.fr\/journal\/international\/111025\/la-memoire-du-pere-du-sionisme-contestee-en-europe-centrale\" target=\"_blank\"\">Source link <\/a><\/p>\n","protected":false},"excerpt":{"rendered":"<p>Theodor Herzl est n\u00e9 et a grandi \u00e0 Budapest, et s\u2019est form\u00e9 politiquement \u00e0 Vienne, alors deux villes de l\u2019Empire austro-hongrois. Apr\u00e8s deux ans de guerre \u00e0 Gaza, des actions&hellip; <\/p>\n","protected":false},"author":1,"featured_media":17495,"comment_status":"open","ping_status":"open","sticky":false,"template":"","format":"standard","meta":{"footnotes":""},"categories":[1],"tags":[],"class_list":["post-17494","post","type-post","status-publish","format-standard","has-post-thumbnail","hentry","category-non-classe"],"_links":{"self":[{"href":"https:\/\/monde25.info\/index.php\/wp-json\/wp\/v2\/posts\/17494","targetHints":{"allow":["GET"]}}],"collection":[{"href":"https:\/\/monde25.info\/index.php\/wp-json\/wp\/v2\/posts"}],"about":[{"href":"https:\/\/monde25.info\/index.php\/wp-json\/wp\/v2\/types\/post"}],"author":[{"embeddable":true,"href":"https:\/\/monde25.info\/index.php\/wp-json\/wp\/v2\/users\/1"}],"replies":[{"embeddable":true,"href":"https:\/\/monde25.info\/index.php\/wp-json\/wp\/v2\/comments?post=17494"}],"version-history":[{"count":0,"href":"https:\/\/monde25.info\/index.php\/wp-json\/wp\/v2\/posts\/17494\/revisions"}],"wp:featuredmedia":[{"embeddable":true,"href":"https:\/\/monde25.info\/index.php\/wp-json\/wp\/v2\/media\/17495"}],"wp:attachment":[{"href":"https:\/\/monde25.info\/index.php\/wp-json\/wp\/v2\/media?parent=17494"}],"wp:term":[{"taxonomy":"category","embeddable":true,"href":"https:\/\/monde25.info\/index.php\/wp-json\/wp\/v2\/categories?post=17494"},{"taxonomy":"post_tag","embeddable":true,"href":"https:\/\/monde25.info\/index.php\/wp-json\/wp\/v2\/tags?post=17494"}],"curies":[{"name":"wp","href":"https:\/\/api.w.org\/{rel}","templated":true}]}}