{"id":17496,"date":"2025-10-12T07:30:35","date_gmt":"2025-10-12T05:30:35","guid":{"rendered":"https:\/\/monde25.info\/index.php\/2025\/10\/12\/la-baisse-des-emissions-de-co2-stagne-en-france\/"},"modified":"2025-10-12T07:30:35","modified_gmt":"2025-10-12T05:30:35","slug":"la-baisse-des-emissions-de-co2-stagne-en-france","status":"publish","type":"post","link":"https:\/\/monde25.info\/index.php\/2025\/10\/12\/la-baisse-des-emissions-de-co2-stagne-en-france\/","title":{"rendered":"La baisse des \u00e9missions de CO2 stagne en France"},"content":{"rendered":"<p> <br \/>\n<br \/><img loading=\"lazy\" decoding=\"async\" src=\"https:\/\/reporterre.net\/local\/cache-vignettes\/L700xH467\/embouteillage_voie_ouest_a41_a_entrelacs__septembre_2021_-bfd11.jpg?1760097698\" class=\"spip_logo\" width=\"700\" height=\"467\" alt=\"\" \/><\/p>\n<p>La France n&rsquo;a pas baiss\u00e9 ses \u00e9missions de <span class=\"caps\">CO<\/span><sub>2<\/sub> au premier semestre 2025, selon le dernier barom\u00e8tre du Centre interprofessionnel technique d&rsquo;\u00e9tudes de la pollution atmosph\u00e9rique (Citepa). La tendance devrait durer, avec une \u00e9volution de -0,8<small class=\"fine d-inline\">\u00a0<\/small>% seulement sur l&rsquo;ann\u00e9e, selon la pr\u00e9vision de l&rsquo;association (hors \u00e9missions import\u00e9es et hors puits de carbone). <br class=\"autobr\" \/><br \/>\nNous sommes loin des 5<small class=\"fine d-inline\">\u00a0<\/small>% annuels de baisse, objectif de la France sur la p\u00e9riode 2022 \u00e0 2030 et en dessous du rythme observ\u00e9 en 2022 (-3,9\u00a0(\u2026)<\/p>\n<p>                    <a target=\"_blank\" href=\"https:\/\/reporterre.net\/La-baisse-des-emissions-de-CO2-stagne-en-France?utm_source=RSS&amp;utm_medium=RSS\">Lire la suite<\/a><\/p>\n<p>                    &#8211;<br \/>\n                        <a target=\"_blank\" href=\"https:\/\/reporterre.net\/Breves-20\" rel=\"directory\">En bref<\/a><\/p>\n<p>                    \/<br \/>\n                        <a target=\"_blank\" href=\"https:\/\/reporterre.net\/Pollutions\" rel=\"tag\">Pollutions<\/a><br \/>\n<br \/><br \/>\n<br \/><a href=\"https:\/\/reporterre.net\/La-baisse-des-emissions-de-CO2-stagne-en-France\" target=\"_blank\"\">Source link <\/a><\/p>\n","protected":false},"excerpt":{"rendered":"<p>La France n&rsquo;a pas baiss\u00e9 ses \u00e9missions de CO2 au premier semestre 2025, selon le dernier barom\u00e8tre du Centre interprofessionnel technique d&rsquo;\u00e9tudes de la pollution atmosph\u00e9rique (Citepa). La tendance devrait&hellip; <\/p>\n","protected":false},"author":1,"featured_media":0,"comment_status":"open","ping_status":"open","sticky":false,"template":"","format":"standard","meta":{"footnotes":""},"categories":[1],"tags":[],"class_list":["post-17496","post","type-post","status-publish","format-standard","hentry","category-non-classe"],"_links":{"self":[{"href":"https:\/\/monde25.info\/index.php\/wp-json\/wp\/v2\/posts\/17496","targetHints":{"allow":["GET"]}}],"collection":[{"href":"https:\/\/monde25.info\/index.php\/wp-json\/wp\/v2\/posts"}],"about":[{"href":"https:\/\/monde25.info\/index.php\/wp-json\/wp\/v2\/types\/post"}],"author":[{"embeddable":true,"href":"https:\/\/monde25.info\/index.php\/wp-json\/wp\/v2\/users\/1"}],"replies":[{"embeddable":true,"href":"https:\/\/monde25.info\/index.php\/wp-json\/wp\/v2\/comments?post=17496"}],"version-history":[{"count":0,"href":"https:\/\/monde25.info\/index.php\/wp-json\/wp\/v2\/posts\/17496\/revisions"}],"wp:attachment":[{"href":"https:\/\/monde25.info\/index.php\/wp-json\/wp\/v2\/media?parent=17496"}],"wp:term":[{"taxonomy":"category","embeddable":true,"href":"https:\/\/monde25.info\/index.php\/wp-json\/wp\/v2\/categories?post=17496"},{"taxonomy":"post_tag","embeddable":true,"href":"https:\/\/monde25.info\/index.php\/wp-json\/wp\/v2\/tags?post=17496"}],"curies":[{"name":"wp","href":"https:\/\/api.w.org\/{rel}","templated":true}]}}