{"id":17499,"date":"2025-10-12T08:36:35","date_gmt":"2025-10-12T06:36:35","guid":{"rendered":"https:\/\/monde25.info\/index.php\/2025\/10\/12\/macron-convoque-les-chefs-de-parti-sauf-rn-et-lfi-a-lelysee-a-14h30\/"},"modified":"2025-10-12T08:36:35","modified_gmt":"2025-10-12T06:36:35","slug":"macron-convoque-les-chefs-de-parti-sauf-rn-et-lfi-a-lelysee-a-14h30","status":"publish","type":"post","link":"https:\/\/monde25.info\/index.php\/2025\/10\/12\/macron-convoque-les-chefs-de-parti-sauf-rn-et-lfi-a-lelysee-a-14h30\/","title":{"rendered":"Macron convoque les chefs de parti, sauf RN et LFI, \u00e0 l&rsquo;Elys\u00e9e \u00e0 14H30"},"content":{"rendered":"<p> <br \/>\n<\/p>\n<div>\n<p>Emmanuel Macron a convoqu\u00e9 \u00e0 14H30 \u00e0 l&rsquo;\u00c9lys\u00e9e les chefs de parti, hormis ceux du Rassemblement National et de La France Insoumise, a-t-on appris de sources concordantes.<\/p>\n<p>Il est \u00e0 rappeler que Le rassemblement National repr\u00e9sente avec ses 124 d\u00e9put\u00e9s quelque 21,5 % des 577 si\u00e8ges de l&rsquo;assembl\u00e9e National, alors que La France Insoumise et ses 72 d\u00e9put\u00e9s en repr\u00e9sentent 12,5 %<\/p>\n<p>Un \u00ab\u00a0petit oubli\u00a0\u00bb de la part du chef de l&rsquo;\u00c9tat, qui invisibilise tout de m\u00eame pr\u00e8s de 34 % de l&rsquo;h\u00e9micycle.<\/p>\n<p>Certes ces deux groupes sont des fr\u00e8res ennemis, n\u00e9anmoins les effacer c&rsquo;est faire fi d&rsquo;une bonne partie des fran\u00e7ais.<\/p>\n<p>Le chef de l&rsquo;\u00c9tat a promis de nommer un Premier ministre d&rsquo;ici \u00ab\u00a0vendredi soir\u00a0\u00bb apr\u00e8s la d\u00e9mission fracassante lundi de S\u00e9bastien Lecornu&#8230;<\/p>\n<\/div>\n<p><script>(function(d, s, id) {  var js, fjs = d.getElementsByTagName(s)[0];  if (d.getElementById(id)) return;  js = d.createElement(s); js.id = id;  js.src = \"\/\/connect.facebook.net\/fr_FR\/sdk.js#xfbml=1&version=v2.3\";  fjs.parentNode.insertBefore(js, fjs);}(document, \"script\", \"facebook-jssdk\"));<\/script><br \/>\n<br \/><br \/>\n<br \/><a href=\"https:\/\/www.francesoir.fr\/politique-france\/macron-convie-les-chefs-de-parti-sauf-rn-et-lfi-l-elysee-14h30\" target=\"_blank\"\">Source link <\/a><\/p>\n","protected":false},"excerpt":{"rendered":"<p>Emmanuel Macron a convoqu\u00e9 \u00e0 14H30 \u00e0 l&rsquo;\u00c9lys\u00e9e les chefs de parti, hormis ceux du Rassemblement National et de La France Insoumise, a-t-on appris de sources concordantes. Il est \u00e0&hellip; <\/p>\n","protected":false},"author":1,"featured_media":17500,"comment_status":"open","ping_status":"open","sticky":false,"template":"","format":"standard","meta":{"footnotes":""},"categories":[1],"tags":[],"class_list":["post-17499","post","type-post","status-publish","format-standard","has-post-thumbnail","hentry","category-non-classe"],"_links":{"self":[{"href":"https:\/\/monde25.info\/index.php\/wp-json\/wp\/v2\/posts\/17499","targetHints":{"allow":["GET"]}}],"collection":[{"href":"https:\/\/monde25.info\/index.php\/wp-json\/wp\/v2\/posts"}],"about":[{"href":"https:\/\/monde25.info\/index.php\/wp-json\/wp\/v2\/types\/post"}],"author":[{"embeddable":true,"href":"https:\/\/monde25.info\/index.php\/wp-json\/wp\/v2\/users\/1"}],"replies":[{"embeddable":true,"href":"https:\/\/monde25.info\/index.php\/wp-json\/wp\/v2\/comments?post=17499"}],"version-history":[{"count":0,"href":"https:\/\/monde25.info\/index.php\/wp-json\/wp\/v2\/posts\/17499\/revisions"}],"wp:featuredmedia":[{"embeddable":true,"href":"https:\/\/monde25.info\/index.php\/wp-json\/wp\/v2\/media\/17500"}],"wp:attachment":[{"href":"https:\/\/monde25.info\/index.php\/wp-json\/wp\/v2\/media?parent=17499"}],"wp:term":[{"taxonomy":"category","embeddable":true,"href":"https:\/\/monde25.info\/index.php\/wp-json\/wp\/v2\/categories?post=17499"},{"taxonomy":"post_tag","embeddable":true,"href":"https:\/\/monde25.info\/index.php\/wp-json\/wp\/v2\/tags?post=17499"}],"curies":[{"name":"wp","href":"https:\/\/api.w.org\/{rel}","templated":true}]}}