{"id":17503,"date":"2025-10-12T09:42:45","date_gmt":"2025-10-12T07:42:45","guid":{"rendered":"https:\/\/monde25.info\/index.php\/2025\/10\/12\/le-diocese-de-toulon-miroir-des-tensions-au-sein-de-leglise-catholique\/"},"modified":"2025-10-12T09:42:45","modified_gmt":"2025-10-12T07:42:45","slug":"le-diocese-de-toulon-miroir-des-tensions-au-sein-de-leglise-catholique","status":"publish","type":"post","link":"https:\/\/monde25.info\/index.php\/2025\/10\/12\/le-diocese-de-toulon-miroir-des-tensions-au-sein-de-leglise-catholique\/","title":{"rendered":"Le dioc\u00e8se de Toulon, miroir des tensions au sein de l\u2019\u00c9glise catholique"},"content":{"rendered":"<p> <br \/>\n<br \/>En janvier, l\u2019\u00e9v\u00eaque traditionaliste Dominique Rey, connu pour avoir accept\u00e9 de travailler avec le RN, \u00e9tait d\u00e9barqu\u00e9 du dioc\u00e8se de Toulon. Dix mois plus tard, les fid\u00e8les restent divis\u00e9s, tandis que son successeur fait face \u00e0 l\u2019hostilit\u00e9 des courants les plus r\u00e9actionnaires.<br \/>\n<br \/><br \/>\n<br \/><a href=\"https:\/\/www.mediapart.fr\/journal\/france\/121025\/le-diocese-de-toulon-miroir-des-tensions-au-sein-de-l-eglise-catholique\" target=\"_blank\"\">Source link <\/a><\/p>\n","protected":false},"excerpt":{"rendered":"<p>En janvier, l\u2019\u00e9v\u00eaque traditionaliste Dominique Rey, connu pour avoir accept\u00e9 de travailler avec le RN, \u00e9tait d\u00e9barqu\u00e9 du dioc\u00e8se de Toulon. Dix mois plus tard, les fid\u00e8les restent divis\u00e9s, tandis&hellip; <\/p>\n","protected":false},"author":1,"featured_media":17504,"comment_status":"open","ping_status":"open","sticky":false,"template":"","format":"standard","meta":{"footnotes":""},"categories":[1],"tags":[],"class_list":["post-17503","post","type-post","status-publish","format-standard","has-post-thumbnail","hentry","category-non-classe"],"_links":{"self":[{"href":"https:\/\/monde25.info\/index.php\/wp-json\/wp\/v2\/posts\/17503","targetHints":{"allow":["GET"]}}],"collection":[{"href":"https:\/\/monde25.info\/index.php\/wp-json\/wp\/v2\/posts"}],"about":[{"href":"https:\/\/monde25.info\/index.php\/wp-json\/wp\/v2\/types\/post"}],"author":[{"embeddable":true,"href":"https:\/\/monde25.info\/index.php\/wp-json\/wp\/v2\/users\/1"}],"replies":[{"embeddable":true,"href":"https:\/\/monde25.info\/index.php\/wp-json\/wp\/v2\/comments?post=17503"}],"version-history":[{"count":0,"href":"https:\/\/monde25.info\/index.php\/wp-json\/wp\/v2\/posts\/17503\/revisions"}],"wp:featuredmedia":[{"embeddable":true,"href":"https:\/\/monde25.info\/index.php\/wp-json\/wp\/v2\/media\/17504"}],"wp:attachment":[{"href":"https:\/\/monde25.info\/index.php\/wp-json\/wp\/v2\/media?parent=17503"}],"wp:term":[{"taxonomy":"category","embeddable":true,"href":"https:\/\/monde25.info\/index.php\/wp-json\/wp\/v2\/categories?post=17503"},{"taxonomy":"post_tag","embeddable":true,"href":"https:\/\/monde25.info\/index.php\/wp-json\/wp\/v2\/tags?post=17503"}],"curies":[{"name":"wp","href":"https:\/\/api.w.org\/{rel}","templated":true}]}}