{"id":17505,"date":"2025-10-12T12:27:40","date_gmt":"2025-10-12T10:27:40","guid":{"rendered":"https:\/\/monde25.info\/index.php\/2025\/10\/12\/especes-menacees-les-phoques-de-larctique-dans-le-rouge-du-mieux-pour-les-tortues\/"},"modified":"2025-10-12T12:27:40","modified_gmt":"2025-10-12T10:27:40","slug":"especes-menacees-les-phoques-de-larctique-dans-le-rouge-du-mieux-pour-les-tortues","status":"publish","type":"post","link":"https:\/\/monde25.info\/index.php\/2025\/10\/12\/especes-menacees-les-phoques-de-larctique-dans-le-rouge-du-mieux-pour-les-tortues\/","title":{"rendered":"Esp\u00e8ces menac\u00e9es\u00a0: les phoques de l&#039;Arctique dans le rouge, du mieux pour les tortues"},"content":{"rendered":"<p> <br \/>\n<br \/><img loading=\"lazy\" decoding=\"async\" src=\"https:\/\/reporterre.net\/local\/cache-vignettes\/L700xH467\/harbor-seals-ice-looking-nature-landscapes-fd1626_1_-b0e2a.jpg?1760096647\" class=\"spip_logo\" width=\"700\" height=\"467\" alt=\"\" \/><\/p>\n<p>La liste des esp\u00e8ces menac\u00e9es de l&rsquo;Union internationale pour la conservation de la nature (<span class=\"caps\">UICN<\/span>), actualis\u00e9e le 10\u00a0octobre, dresse un constat inqui\u00e9tant et offre quelques \u2014 rares \u2014 signes d&rsquo;espoir. Parmi les 172\u00a0620 esp\u00e8ces de la faune, de la flore jusqu&rsquo;ici r\u00e9f\u00e9renc\u00e9es par l&rsquo;<span class=\"caps\">UICN<\/span>, 48\u00a0646 sont menac\u00e9es d&rsquo;extinction, soit environ un quart, indique l&rsquo;organisation. <br class=\"autobr\" \/><br \/>\nLes coraux (dont 44<small class=\"fine d-inline\">\u00a0<\/small>% des esp\u00e8ces sont menac\u00e9es) et les amphibiens (41<small class=\"fine d-inline\">\u00a0<\/small>%) suscitent le plus d&rsquo;inqui\u00e9tude. La population de 6\u00a0(\u2026)<\/p>\n<p>                    <a target=\"_blank\" href=\"https:\/\/reporterre.net\/Especes-menacees-les-phoques-de-l-Arctique-dans-le-rouge-du-mieux-pour-les-tortues?utm_source=RSS&amp;utm_medium=RSS\">Lire la suite<\/a><\/p>\n<p>                    &#8211;<br \/>\n                        <a target=\"_blank\" href=\"https:\/\/reporterre.net\/Breves-20\" rel=\"directory\">En bref<\/a><\/p>\n<p>                    \/<br \/>\n                        <a target=\"_blank\" href=\"https:\/\/reporterre.net\/Animaux\" rel=\"tag\">Animaux<\/a><br \/>\n<br \/><br \/>\n<br \/><a href=\"https:\/\/reporterre.net\/Especes-menacees-les-phoques-de-l-Arctique-dans-le-rouge-du-mieux-pour-les-tortues\" target=\"_blank\"\">Source link <\/a><\/p>\n","protected":false},"excerpt":{"rendered":"<p>La liste des esp\u00e8ces menac\u00e9es de l&rsquo;Union internationale pour la conservation de la nature (UICN), actualis\u00e9e le 10\u00a0octobre, dresse un constat inqui\u00e9tant et offre quelques \u2014 rares \u2014 signes d&rsquo;espoir.&hellip; <\/p>\n","protected":false},"author":1,"featured_media":0,"comment_status":"open","ping_status":"open","sticky":false,"template":"","format":"standard","meta":{"footnotes":""},"categories":[1],"tags":[],"class_list":["post-17505","post","type-post","status-publish","format-standard","hentry","category-non-classe"],"_links":{"self":[{"href":"https:\/\/monde25.info\/index.php\/wp-json\/wp\/v2\/posts\/17505","targetHints":{"allow":["GET"]}}],"collection":[{"href":"https:\/\/monde25.info\/index.php\/wp-json\/wp\/v2\/posts"}],"about":[{"href":"https:\/\/monde25.info\/index.php\/wp-json\/wp\/v2\/types\/post"}],"author":[{"embeddable":true,"href":"https:\/\/monde25.info\/index.php\/wp-json\/wp\/v2\/users\/1"}],"replies":[{"embeddable":true,"href":"https:\/\/monde25.info\/index.php\/wp-json\/wp\/v2\/comments?post=17505"}],"version-history":[{"count":0,"href":"https:\/\/monde25.info\/index.php\/wp-json\/wp\/v2\/posts\/17505\/revisions"}],"wp:attachment":[{"href":"https:\/\/monde25.info\/index.php\/wp-json\/wp\/v2\/media?parent=17505"}],"wp:term":[{"taxonomy":"category","embeddable":true,"href":"https:\/\/monde25.info\/index.php\/wp-json\/wp\/v2\/categories?post=17505"},{"taxonomy":"post_tag","embeddable":true,"href":"https:\/\/monde25.info\/index.php\/wp-json\/wp\/v2\/tags?post=17505"}],"curies":[{"name":"wp","href":"https:\/\/api.w.org\/{rel}","templated":true}]}}