{"id":17506,"date":"2025-10-12T13:00:41","date_gmt":"2025-10-12T11:00:41","guid":{"rendered":"https:\/\/monde25.info\/index.php\/2025\/10\/12\/les-10-bonnes-nouvelles-de-la-semaine-13\/"},"modified":"2025-10-12T13:00:41","modified_gmt":"2025-10-12T11:00:41","slug":"les-10-bonnes-nouvelles-de-la-semaine-13","status":"publish","type":"post","link":"https:\/\/monde25.info\/index.php\/2025\/10\/12\/les-10-bonnes-nouvelles-de-la-semaine-13\/","title":{"rendered":"les 10 bonnes nouvelles de la semaine"},"content":{"rendered":"<p> <br \/>\n<\/p>\n<div>\n<h4><strong>Vous n\u2019avez pas eu le temps de suivre l\u2019actualit\u00e9, voici les 10 bonnes nouvelles \u00e0 ne pas manquer.\u00a0<\/strong><\/h4>\n<h2 class=\"my-2 [&amp;+p]:mt-4 [&amp;_strong:has(+br)]:inline-block [&amp;_strong:has(+br)]:pb-2\"><strong>1. La Bolivie interdit les mariages d\u2019enfants : un tournant historique pour les droits des filles !<\/strong><\/h2>\n<p class=\"my-2 [&amp;+p]:mt-4 [&amp;_strong:has(+br)]:inline-block [&amp;_strong:has(+br)]:pb-2\">Depuis le 25 septembre 2025, la <strong>Bolivie interdit sans exception les mariages et unions pr\u00e9coces avant 18 ans,<\/strong> supprimant les d\u00e9rogations l\u00e9gales pr\u00e9c\u00e9dentes qui autorisaient les unions d\u00e8s 16 ans. (<a target=\"_blank\" href=\"https:\/\/www.plan-international.fr\/actualites\/interdiction-mariage-enfants-victoire-filles-bolivie-2025\/\">Plan International France)<\/a><\/p>\n<h2 class=\"my-2 [&amp;+p]:mt-4 [&amp;_strong:has(+br)]:inline-block [&amp;_strong:has(+br)]:pb-2\"><strong>2. Les microalgues au service du climat : une solution durable pour pi\u00e9ger le carbone !<\/strong><\/h2>\n<p class=\"my-2 [&amp;+p]:mt-4 [&amp;_strong:has(+br)]:inline-block [&amp;_strong:has(+br)]:pb-2\">Ecoing\u00e9nieurs a d\u00e9velopp\u00e9 <strong>une m\u00e9thodologie certifi\u00e9e ISO 14064-2:2019 pour quantifier et certifier la capture carbone via la culture de microalgues marines,<\/strong> assurant une s\u00e9questration de CO\u2082 de plus de 1 000 ans.(<a target=\"_blank\" href=\"https:\/\/www.echosciences-grenoble.fr\/articles\/les-microalgues-une-potentielle-voie-de-decarbonation-solution-vivante-ou-lettre-morte\">Echosciences<\/a>)<\/p>\n<h2 class=\"my-2 [&amp;+p]:mt-4 [&amp;_strong:has(+br)]:inline-block [&amp;_strong:has(+br)]:pb-2\"><strong>3. Chaque euro pour le climat en rapporte jusqu\u2019\u00e0 cinq !<\/strong><\/h2>\n<p class=\"my-2 [&amp;+p]:mt-4 [&amp;_strong:has(+br)]:inline-block [&amp;_strong:has(+br)]:pb-2\">Une \u00e9tude de Claudia Kemfert au DIW r\u00e9v\u00e8le que <strong>chaque euro investi dans les renouvelables g\u00e9n\u00e8re jusqu\u2019\u00e0 4,8 euros d\u2019\u00e9conomies pour la soci\u00e9t\u00e9 allemande,<\/strong> notamment via <strong>la r\u00e9duction des co\u00fbts de sant\u00e9 et d\u00e9pendances \u00e9nerg\u00e9tiques.<\/strong> Malgr\u00e9 cela, l\u2019Allemagne d\u00e9pense toujours 80 milliards d\u2019euros par an en \u00e9nergies fossiles. (<a target=\"_blank\" href=\"https:\/\/www.diw.de\">Institut DIW Berlin<\/a>)<\/p>\n<h2 class=\"my-2 [&amp;+p]:mt-4 [&amp;_strong:has(+br)]:inline-block [&amp;_strong:has(+br)]:pb-2\"><strong>4. Vers une restriction de l\u2019octocryl\u00e8ne pour pr\u00e9server l\u2019environnement !<\/strong><\/h2>\n<p class=\"my-2 [&amp;+p]:mt-4 [&amp;_strong:has(+br)]:inline-block [&amp;_strong:has(+br)]:pb-2\">L\u2019Anses demande <strong>une r\u00e9duction drastique de l\u2019octocryl\u00e8ne dans les cosm\u00e9tiques en raison de sa toxicit\u00e9 sur les organismes aquatiques.<\/strong> Si adopt\u00e9e par l\u2019ECHA, la restriction entrera en vigueur fin 2026, avec une hausse mod\u00e9r\u00e9e des prix estim\u00e9e entre 4% et 7%. (<a target=\"_blank\" href=\"https:\/\/www.anses.fr\/fr\/content\/luxurant-la-protection-de-lenvironnement-lanses-interpelle-les-industriels-sur-lutilisation-de-loctocryl\">France-info<\/a>)<\/p>\n<h2 class=\"my-2 [&amp;+p]:mt-4 [&amp;_strong:has(+br)]:inline-block [&amp;_strong:has(+br)]:pb-2\"><strong>5. Une cr\u00e8me solaire venue des fleurs : quand le pollen sauve les coraux !<\/strong><\/h2>\n<p class=\"my-2 [&amp;+p]:mt-4 [&amp;_strong:has(+br)]:inline-block [&amp;_strong:has(+br)]:pb-2\">Des chercheurs de l\u2019Universit\u00e9 technologique de Nanyang ont cr\u00e9\u00e9 <strong>une cr\u00e8me solaire \u00e0 base de pollen de cam\u00e9lia, respectueuse des r\u00e9cifs coralliens.<\/strong> Test\u00e9e avec un FPS de 30, cette formule naturelle \u00e9vite les d\u00e9g\u00e2ts caus\u00e9s par les filtres chimiques classiques. (<a target=\"_blank\" href=\"https:\/\/www.ntu.edu.sg\/research\">Universit\u00e9 technologique de Nanyang<\/a>)<\/p>\n<h2 class=\"my-2 [&amp;+p]:mt-4 [&amp;_strong:has(+br)]:inline-block [&amp;_strong:has(+br)]:pb-2\"><strong>6. Un pas de plus contre les tueurs d\u2019abeilles : l\u2019ac\u00e9tamipride bient\u00f4t banni des foyers !<\/strong><\/h2>\n<p class=\"my-2 [&amp;+p]:mt-4 [&amp;_strong:has(+br)]:inline-block [&amp;_strong:has(+br)]:pb-2\"><strong>L\u2019ac\u00e9tamipride, insecticide n\u00e9onicotino\u00efde controvers\u00e9, sera interdit en usage domestique dans l\u2019UE d\u00e8s janvier 2028.<\/strong> Malgr\u00e9 son interdiction agricole en France, son usage en agriculture europ\u00e9enne reste tol\u00e9r\u00e9 jusqu\u2019en 2033, suscitant une forte opposition des apiculteurs. (<a target=\"_blank\" href=\"https:\/\/www.lemonde.fr\/planete\/article\/2025\/09\/30\/les-insecticides-a-base-d-acetamipride-chez-les-particuliers-bientot-interdits-dans-l-ue_6643784_3244.html#:~:text=L'ac%C3%A9tamipride%2C%20insecticide%20dont%20les,des%20produits%20chimiques%20(ECHA).\">Le Monde<\/a>)<\/p>\n<h2 class=\"my-2 [&amp;+p]:mt-4 [&amp;_strong:has(+br)]:inline-block [&amp;_strong:has(+br)]:pb-2\"><strong>7. La Banque mondiale soutient un programme pour sauver le littoral indien et cr\u00e9er 100 000 emplois !<\/strong><\/h2>\n<p class=\"my-2 [&amp;+p]:mt-4 [&amp;_strong:has(+br)]:inline-block [&amp;_strong:has(+br)]:pb-2\"><strong>Le projet SHORE, financ\u00e9 \u00e0 hauteur de 212,64 millions de dollars par la Banque mondiale,<\/strong> vise \u00e0 restaurer 30 000 hectares de zones c\u00f4ti\u00e8res en Inde tout en cr\u00e9ant 100 000 emplois durables dans les \u00c9tats du Tamil Nadu et du Karnataka.(<a target=\"_blank\" href=\"https:\/\/www.worldbank.org\/en\/news\/press-release\/2025\/09\/10\/new-world-bank-program-to-protect-indian-coastline-provide-more-jobs-for-100-000-people-in-states-of-tamil-nadu-and-karn?utm_source=substack&amp;utm_medium=email\">Banque mondiale<\/a>)<\/p>\n<h2 class=\"my-2 [&amp;+p]:mt-4 [&amp;_strong:has(+br)]:inline-block [&amp;_strong:has(+br)]:pb-2\"><strong>8. En Angleterre, les m\u00e9decins prescrivent de la nature, du sport et de l\u2019art !<\/strong><\/h2>\n<p class=\"my-2 [&amp;+p]:mt-4 [&amp;_strong:has(+br)]:inline-block [&amp;_strong:has(+br)]:pb-2\">Le programme de prescription sociale du NHS <strong>a enregistr\u00e9 5,5 millions d\u2019orientations vers des activit\u00e9s non m\u00e9dicales depuis 2019<\/strong>, un succ\u00e8s qui vise \u00e0 traiter les causes sociales des troubles de sant\u00e9 via plus de 3 300 travailleurs de liaison communautaire. (<a target=\"_blank\" href=\"https:\/\/www.euronews.com\/health\/2025\/09\/27\/what-is-social-prescribing-and-why-is-it-taking-off-in-england?utm_source=substack&amp;utm_medium=email\">Euronews<\/a>)<\/p>\n<h2 class=\"my-2 [&amp;+p]:mt-4 [&amp;_strong:has(+br)]:inline-block [&amp;_strong:has(+br)]:pb-2\"><strong>9. Zurich dit non aux souffleuses \u00e0 essence pour un quotidien plus paisible !<\/strong><\/h2>\n<p class=\"my-2 [&amp;+p]:mt-4 [&amp;_strong:has(+br)]:inline-block [&amp;_strong:has(+br)]:pb-2\"><strong>Lors d\u2019un r\u00e9f\u00e9rendum, 61,7% des habitants de Zurich ont vot\u00e9 pour interdire les souffleuses \u00e0 feuilles \u00e0 essence,<\/strong> r\u00e9pondant \u00e0 la nuisance sonore persistante et limitant leur usage aux souffleuses \u00e0 batterie sous conditions strictes.(<a target=\"_blank\" href=\"https:\/\/www.swissinfo.ch\/fre\/la-ville-de-zurich-interdit-les-souffleuses-%C3%A0-feuilles-%C3%A0-essence\/90082385?utm_source=substack&amp;utm_medium=email\">Swissinfo<\/a>)<\/p>\n<div class=\"td-a-rec td-a-rec-id-content_inline  tdi_1 td_block_template_1\">\n<span class=\"td-adspot-title\">&#8211; Pour une information libre ! &#8211;<\/span><a target=\"_blank\" href=\"https:\/\/fr.tipeee.com\/mr-mondialisation\" class=\"tipeee-project-small\">Soutenir Mr Japanization sur Tipeee<\/a>\n<\/div>\n<h2 class=\"my-2 [&amp;+p]:mt-4 [&amp;_strong:has(+br)]:inline-block [&amp;_strong:has(+br)]:pb-2\"><strong>10. La loutre g\u00e9ante fait son retour en Colombie !<\/strong><\/h2>\n<p class=\"my-2 [&amp;+p]:mt-4 [&amp;_strong:has(+br)]:inline-block [&amp;_strong:has(+br)]:pb-2\">Apr\u00e8s deux ans d\u2019exp\u00e9ditions, <strong>cinq groupes familiaux totalisant pr\u00e8s de 30 loutres g\u00e9antes ont \u00e9t\u00e9 identifi\u00e9s dans la for\u00eat amazonienne colombienne,<\/strong> signalant un retour encourageant gr\u00e2ce aux efforts de conservation et \u00e0 la protection des habitats cl\u00e9s.(<a target=\"_blank\" href=\"https:\/\/happyeconews.com\/giant-otter-in-colombia\/?utm_source=mailpoet&amp;utm_medium=email&amp;utm_source_platform=mailpoet&amp;utm_campaign=weekly-top-5-news-7\">Happyeconews<\/a>)<\/p>\n<p style=\"text-align: right;\"><strong><em>\u2013\u00a0 Maureen Damman<\/em><\/strong><\/p>\n<div class=\"td-a-rec td-a-rec-id-content_bottom  tdi_2 td_block_template_1\">\n<span class=\"td-adspot-title\">&#8211; Cet article gratuit et ind\u00e9pendant existe gr\u00e2ce \u00e0 vous &#8211;<\/span><\/p>\n<div class=\"td-all-devices\">\n    <a target=\"_blank\" href=\"https:\/\/mrmondialisation.org\/donation\/\" title=\"Faire_un_don\"><img decoding=\"async\" class=\"donationArticle\" src=\"https:\/\/mrmondialisation.org\/wp-content\/uploads\/2022\/12\/220405-flikalicious-final.jpg\" alt=\"Donation\"\/><\/a>\n<\/div>\n<\/div><\/div>\n<p><br \/>\n<br \/><a href=\"https:\/\/mrmondialisation.org\/bolivie-microalgues-et-littoral-indien-les-10-bonnes-nouvelles-de-la-semaine\/\" target=\"_blank\"\">Source link <\/a><\/p>\n","protected":false},"excerpt":{"rendered":"<p>Vous n\u2019avez pas eu le temps de suivre l\u2019actualit\u00e9, voici les 10 bonnes nouvelles \u00e0 ne pas manquer.\u00a0 1. La Bolivie interdit les mariages d\u2019enfants : un tournant historique pour&hellip; <\/p>\n","protected":false},"author":1,"featured_media":17507,"comment_status":"open","ping_status":"open","sticky":false,"template":"","format":"standard","meta":{"footnotes":""},"categories":[1],"tags":[],"class_list":["post-17506","post","type-post","status-publish","format-standard","has-post-thumbnail","hentry","category-non-classe"],"_links":{"self":[{"href":"https:\/\/monde25.info\/index.php\/wp-json\/wp\/v2\/posts\/17506","targetHints":{"allow":["GET"]}}],"collection":[{"href":"https:\/\/monde25.info\/index.php\/wp-json\/wp\/v2\/posts"}],"about":[{"href":"https:\/\/monde25.info\/index.php\/wp-json\/wp\/v2\/types\/post"}],"author":[{"embeddable":true,"href":"https:\/\/monde25.info\/index.php\/wp-json\/wp\/v2\/users\/1"}],"replies":[{"embeddable":true,"href":"https:\/\/monde25.info\/index.php\/wp-json\/wp\/v2\/comments?post=17506"}],"version-history":[{"count":0,"href":"https:\/\/monde25.info\/index.php\/wp-json\/wp\/v2\/posts\/17506\/revisions"}],"wp:featuredmedia":[{"embeddable":true,"href":"https:\/\/monde25.info\/index.php\/wp-json\/wp\/v2\/media\/17507"}],"wp:attachment":[{"href":"https:\/\/monde25.info\/index.php\/wp-json\/wp\/v2\/media?parent=17506"}],"wp:term":[{"taxonomy":"category","embeddable":true,"href":"https:\/\/monde25.info\/index.php\/wp-json\/wp\/v2\/categories?post=17506"},{"taxonomy":"post_tag","embeddable":true,"href":"https:\/\/monde25.info\/index.php\/wp-json\/wp\/v2\/tags?post=17506"}],"curies":[{"name":"wp","href":"https:\/\/api.w.org\/{rel}","templated":true}]}}