{"id":17525,"date":"2025-10-12T21:48:35","date_gmt":"2025-10-12T19:48:35","guid":{"rendered":"https:\/\/monde25.info\/index.php\/2025\/10\/12\/flottille-pour-gaza-les-militants-emprisonnes-par-israel-disent-avoir-subi-des-violences\/"},"modified":"2025-10-12T21:48:35","modified_gmt":"2025-10-12T19:48:35","slug":"flottille-pour-gaza-les-militants-emprisonnes-par-israel-disent-avoir-subi-des-violences","status":"publish","type":"post","link":"https:\/\/monde25.info\/index.php\/2025\/10\/12\/flottille-pour-gaza-les-militants-emprisonnes-par-israel-disent-avoir-subi-des-violences\/","title":{"rendered":"Flottille pour Gaza\u00a0: les militants emprisonn\u00e9s par Isra\u00ebl disent avoir subi des violences"},"content":{"rendered":"<p> <br \/>\n<br \/><img loading=\"lazy\" decoding=\"async\" src=\"https:\/\/reporterre.net\/local\/cache-vignettes\/L700xH467\/21092025_pr_parationd_partthousandmadleens_tulyppe_1_-75bb0.jpg?1760015123\" class=\"spip_logo\" width=\"700\" height=\"467\" alt=\"\" \/><\/p>\n<p>Une partie des 145\u00a0membres de la flottille de la libert\u00e9 pour Gaza captur\u00e9s par l&rsquo;arm\u00e9e isra\u00e9lienne dans la matin\u00e9e du 8\u00a0octobre ont \u00e9t\u00e9 transf\u00e9r\u00e9s \u00e0 la prison isra\u00e9lienne de Ktzi&rsquo;ot. Cet \u00e9tablissement est \u00ab<small class=\"fine d-inline\">\u00a0<\/small>connu pour ses conditions de d\u00e9tention difficiles et abusives<small class=\"fine d-inline\">\u00a0<\/small>\u00bb, selon les avocats des prisonniers. <br class=\"autobr\" \/><br \/>\nCertains volontaires internationaux \u2014 dont l&rsquo;eurod\u00e9put\u00e9e Rima Hassan et l&rsquo;activiste su\u00e9doise Greta Thunberg \u2014 assurent avoir subi des violences physiques et des humiliations, rapportent\u00a0(\u2026)<\/p>\n<p>                    <a target=\"_blank\" href=\"https:\/\/reporterre.net\/Flottille-pour-Gaza-les-militants-emprisonnes-par-Israel-disent-avoir-subi-des-violences?utm_source=RSS&amp;utm_medium=RSS\">Lire la suite<\/a><\/p>\n<p>                    &#8211;<br \/>\n                        <a target=\"_blank\" href=\"https:\/\/reporterre.net\/Breves-20\" rel=\"directory\">En bref<\/a><\/p>\n<p>                    \/<br \/>\n                        <a target=\"_blank\" href=\"https:\/\/reporterre.net\/Libertes-46\" rel=\"tag\">Libert\u00e9s<\/a><br \/>\n<br \/><br \/>\n<br \/><a href=\"https:\/\/reporterre.net\/Flottille-pour-Gaza-les-militants-emprisonnes-par-Israel-disent-avoir-subi-des-violences\" target=\"_blank\"\">Source link <\/a><\/p>\n","protected":false},"excerpt":{"rendered":"<p>Une partie des 145\u00a0membres de la flottille de la libert\u00e9 pour Gaza captur\u00e9s par l&rsquo;arm\u00e9e isra\u00e9lienne dans la matin\u00e9e du 8\u00a0octobre ont \u00e9t\u00e9 transf\u00e9r\u00e9s \u00e0 la prison isra\u00e9lienne de Ktzi&rsquo;ot.&hellip; <\/p>\n","protected":false},"author":1,"featured_media":0,"comment_status":"open","ping_status":"open","sticky":false,"template":"","format":"standard","meta":{"footnotes":""},"categories":[1],"tags":[],"class_list":["post-17525","post","type-post","status-publish","format-standard","hentry","category-non-classe"],"_links":{"self":[{"href":"https:\/\/monde25.info\/index.php\/wp-json\/wp\/v2\/posts\/17525","targetHints":{"allow":["GET"]}}],"collection":[{"href":"https:\/\/monde25.info\/index.php\/wp-json\/wp\/v2\/posts"}],"about":[{"href":"https:\/\/monde25.info\/index.php\/wp-json\/wp\/v2\/types\/post"}],"author":[{"embeddable":true,"href":"https:\/\/monde25.info\/index.php\/wp-json\/wp\/v2\/users\/1"}],"replies":[{"embeddable":true,"href":"https:\/\/monde25.info\/index.php\/wp-json\/wp\/v2\/comments?post=17525"}],"version-history":[{"count":0,"href":"https:\/\/monde25.info\/index.php\/wp-json\/wp\/v2\/posts\/17525\/revisions"}],"wp:attachment":[{"href":"https:\/\/monde25.info\/index.php\/wp-json\/wp\/v2\/media?parent=17525"}],"wp:term":[{"taxonomy":"category","embeddable":true,"href":"https:\/\/monde25.info\/index.php\/wp-json\/wp\/v2\/categories?post=17525"},{"taxonomy":"post_tag","embeddable":true,"href":"https:\/\/monde25.info\/index.php\/wp-json\/wp\/v2\/tags?post=17525"}],"curies":[{"name":"wp","href":"https:\/\/api.w.org\/{rel}","templated":true}]}}