{"id":17528,"date":"2025-10-12T22:54:38","date_gmt":"2025-10-12T20:54:38","guid":{"rendered":"https:\/\/monde25.info\/index.php\/2025\/10\/12\/ministres-annonces-rt-en-francais\/"},"modified":"2025-10-12T22:54:38","modified_gmt":"2025-10-12T20:54:38","slug":"ministres-annonces-rt-en-francais","status":"publish","type":"post","link":"https:\/\/monde25.info\/index.php\/2025\/10\/12\/ministres-annonces-rt-en-francais\/","title":{"rendered":"ministres annonc\u00e9s \u2014 RT en fran\u00e7ais"},"content":{"rendered":"<p> <br \/>\n<br \/><img decoding=\"async\" src=\"https:\/\/mf.b37mrtl.ru\/french\/images\/2025.10\/thumbnail\/68ec10416f7ccc746929141c.png\" \/><\/p>\n<div>\n<p class=\"text__summary\">\n                                        Moins de deux jours de d\u00e9lib\u00e9rations : l\u2019ancien nouveau Premier ministre S\u00e9bastien Lecornu a d\u00e9voil\u00e9 la liste des ministres de son cabinet dans la soir\u00e9e du 12 octobre. Trente-quatre ministres ont \u00e9t\u00e9 nomm\u00e9s.\n                                    <\/p>\n<p data-start=\"335\" data-end=\"728\">Press\u00e9, selon BFMTV, par Emmanuel Macron qui insistait sur la formation du nouveau gouvernement avant son d\u00e9part en \u00c9gypte dimanche soir pour le sommet sur Gaza, S\u00e9bastien Lecornu a d\u00fb se pr\u00e9cipiter. \u00c0 la diff\u00e9rence de l\u2019annonce du gouvernement pr\u00e9c\u00e9dent, o\u00f9 seulement quelques noms avaient \u00e9t\u00e9 d\u00e9voil\u00e9s avant sa chute, cette fois, il s\u2019agit de la liste compl\u00e8te des trente-quatre ministres.<\/p>\n<p data-start=\"730\" data-end=\"895\">Jean-No\u00ebl Barrot a \u00e9t\u00e9 reconduit comme ministre des Affaires \u00e9trang\u00e8res, G\u00e9rald Darmanin \u00e0 l\u2019Int\u00e9rieur, et Rachida Dati revient en tant que ministre de la Culture.<\/p>\n<p>Parmi les autres nominations : Laurent Nu\u00f1ez \u00e0 l\u2019Int\u00e9rieur, Catherine Vautrin aux Arm\u00e9es, Roland Lescure \u00e0 l\u2019\u00c9conomie, Annie Genevard \u00e0 l\u2019Agriculture et St\u00e9phanie Rist \u00e0 la Sant\u00e9. Quinze ministres d\u00e9l\u00e9gu\u00e9s ont \u00e9galement \u00e9t\u00e9 nomm\u00e9s.<\/p>\n<p data-start=\"1132\" data-end=\"1280\">Selon l\u2019AFP, Matignon a demand\u00e9 aux ministres d\u00e9sign\u00e9s d\u2019effectuer des passations de pouvoir marqu\u00e9es par la \u00ab sobri\u00e9t\u00e9 \u00bb, sans presse ni invit\u00e9s.<\/p>\n<p data-start=\"1282\" data-end=\"1370\">Le premier Conseil des ministres se tiendra le 14 octobre, selon les sources de BFMTV.<\/p>\n<p data-start=\"1372\" data-end=\"1890\">Emmanuel Macron a renomm\u00e9 S\u00e9bastien Lecornu Premier ministre le 10 octobre, quatre jours apr\u00e8s sa d\u00e9mission. L\u2019ex-ministre des Arm\u00e9es avait \u00e9t\u00e9 nomm\u00e9 \u00e0 Matignon le 9 septembre 2025 pour succ\u00e9der \u00e0 Fran\u00e7ois Bayrou, dans un contexte de paralysie parlementaire post-l\u00e9gislatives. Son gouvernement, d\u00e9voil\u00e9 le 5 octobre, n\u2019avait dur\u00e9 que quatorze heures avant sa d\u00e9mission le 6 octobre \u2014 le mandat le plus court de la Ve R\u00e9publique \u2014, critiqu\u00e9 pour son manque de renouvellement : douze ministres reconduits sur dix-huit.<\/p>\n<\/div>\n<p><br \/>\n<br \/><a href=\"https:\/\/francais.rt.com\/france\/126268-gouvernement-lecornu-ministres-annonces\" target=\"_blank\"\">Source link <\/a><\/p>\n","protected":false},"excerpt":{"rendered":"<p>Moins de deux jours de d\u00e9lib\u00e9rations : l\u2019ancien nouveau Premier ministre S\u00e9bastien Lecornu a d\u00e9voil\u00e9 la liste des ministres de son cabinet dans la soir\u00e9e du 12 octobre. Trente-quatre ministres&hellip; <\/p>\n","protected":false},"author":1,"featured_media":17529,"comment_status":"open","ping_status":"open","sticky":false,"template":"","format":"standard","meta":{"footnotes":""},"categories":[1],"tags":[],"class_list":["post-17528","post","type-post","status-publish","format-standard","has-post-thumbnail","hentry","category-non-classe"],"_links":{"self":[{"href":"https:\/\/monde25.info\/index.php\/wp-json\/wp\/v2\/posts\/17528","targetHints":{"allow":["GET"]}}],"collection":[{"href":"https:\/\/monde25.info\/index.php\/wp-json\/wp\/v2\/posts"}],"about":[{"href":"https:\/\/monde25.info\/index.php\/wp-json\/wp\/v2\/types\/post"}],"author":[{"embeddable":true,"href":"https:\/\/monde25.info\/index.php\/wp-json\/wp\/v2\/users\/1"}],"replies":[{"embeddable":true,"href":"https:\/\/monde25.info\/index.php\/wp-json\/wp\/v2\/comments?post=17528"}],"version-history":[{"count":0,"href":"https:\/\/monde25.info\/index.php\/wp-json\/wp\/v2\/posts\/17528\/revisions"}],"wp:featuredmedia":[{"embeddable":true,"href":"https:\/\/monde25.info\/index.php\/wp-json\/wp\/v2\/media\/17529"}],"wp:attachment":[{"href":"https:\/\/monde25.info\/index.php\/wp-json\/wp\/v2\/media?parent=17528"}],"wp:term":[{"taxonomy":"category","embeddable":true,"href":"https:\/\/monde25.info\/index.php\/wp-json\/wp\/v2\/categories?post=17528"},{"taxonomy":"post_tag","embeddable":true,"href":"https:\/\/monde25.info\/index.php\/wp-json\/wp\/v2\/tags?post=17528"}],"curies":[{"name":"wp","href":"https:\/\/api.w.org\/{rel}","templated":true}]}}