{"id":17537,"date":"2025-10-13T03:18:34","date_gmt":"2025-10-13T01:18:34","guid":{"rendered":"https:\/\/monde25.info\/index.php\/2025\/10\/13\/gouvernement-lecornu-2-de-la-technique-et-du-politiques\/"},"modified":"2025-10-13T03:18:34","modified_gmt":"2025-10-13T01:18:34","slug":"gouvernement-lecornu-2-de-la-technique-et-du-politiques","status":"publish","type":"post","link":"https:\/\/monde25.info\/index.php\/2025\/10\/13\/gouvernement-lecornu-2-de-la-technique-et-du-politiques\/","title":{"rendered":"Gouvernement Lecornu 2, de la technique et du politiques"},"content":{"rendered":"<p> <br \/>\n<\/p>\n<div>\n<p>Lecornu d\u00e9voile ce dimanche, deux jours apr\u00e8s sa reconduction folklorique \u00e0 Matignon, un gouvernement de 34 ministres, compos\u00e9 de plusieurs techniciens, mais aussi de beaucoup de politiques.<\/p>\n<p>Il compte 11 ministres Renaissance, 6 LR, 4 MoDem, 3 Horizons, 1 Liot et 1 UDI, soit 26 ministres avec une \u00e9tiquette partisane, et 8 de la soci\u00e9t\u00e9 civile.<\/p>\n<p>\u00a0<\/p>\n<p>MINISTRES DE PLEIN EXERCICE<\/p>\n<p>&#8211; Laurent Nunez, pr\u00e9fet de police de Paris, est nomm\u00e9 ministre de l\u2019Int\u00e9rieur, en remplacement de Bruno Retailleau.<\/p>\n<p>&#8211; Catherine Vautrin (Renaissance) est nomm\u00e9e ministre des Arm\u00e9es et des Anciens combattants, en remplacement de S. Lecornu. Le Premier ministre avait gard\u00e9 ce portefeuille apr\u00e8s le retrait de Bruno Le Maire, qui avait cristallis\u00e9 les critiques dans son tr\u00e8s \u00e9ph\u00e9m\u00e8re premier gouvernement.<\/p>\n<p>&#8211; Jean-Pierre Farandou, patron en partance de la SNCF, o\u00f9 l&rsquo;ex Premier ministre Jean Castex doit lui succ\u00e9der, est nomm\u00e9 ministre du Travail et des Solidarit\u00e9s, en remplacement de Catherine Vautrin.<\/p>\n<p>&#8211; Monique Barbut, ex-pr\u00e9sidente de l&rsquo;association environnementale WWF France, est nomm\u00e9e ministre de la Transition \u00e9cologique, de la biodiversit\u00e9, et des n\u00e9gociations internationales sur le climat et la nature<\/p>\n<p>&#8211; G\u00e9rald Darmanin (Renaissance) est reconduit \u00e0 son poste de Garde des sceaux, ministre de la Justice.<\/p>\n<p>&#8211; Roland Lescure (Renaissance) est reconduit \u00e0 son poste de ministre de l&rsquo;\u00c9conomie, des Finances et de la Souverainet\u00e9 \u00e9nerg\u00e9tique et num\u00e9rique.<\/p>\n<p>&#8211; Serge Papin, ex patron du groupe Syst\u00e8me U, est nomm\u00e9 ministre des Petites et moyennes entreprises, du commerce, de l&rsquo;artisanat du tourisme et du pouvoir d&rsquo;achat.<\/p>\n<p>&#8211; Annie Genevard (LR) est reconduite \u00e0 son poste de ministre de l\u2019Agriculture et de la souverainet\u00e9 alimentaire<\/p>\n<p>&#8211; Edouard Geffray, ancien directeur de l&rsquo;Enseignement scolaire, est nomm\u00e9 ministre de l&rsquo;\u00c9ducation nationale, de l\u2019enseignement sup\u00e9rieur et de la recherche, en remplacement d&rsquo;Elisabeth Borne.<\/p>\n<p>&#8211; Jean-No\u00ebl Barrot (MoDem) est confirm\u00e9 \u00e0 son poste de ministre de l&rsquo;Europe et des Affaires \u00e9trang\u00e8res<\/p>\n<p>&#8211; Rachida Dati (LR) est reconduite \u00e0 son poste de ministre de la Culture.<\/p>\n<p>&#8211; La d\u00e9put\u00e9e St\u00e9phanie Rist (Renaissance) est nomm\u00e9e ministre de la Sant\u00e9, des familles, de l&rsquo;autonomie, et des personnes handicap\u00e9es<\/p>\n<p>&#8211; La d\u00e9put\u00e9e et ex-vice-pr\u00e9sidente de l&rsquo;Assembl\u00e9e nationale Na\u00efma Moutchou (Horizons) est nomm\u00e9e ministre des Outre-mer, en remplacement de Manuel Valls.<\/p>\n<p>&#8211; Fran\u00e7oise Gatel (UDI) est nomm\u00e9e ministre de l&rsquo;Am\u00e9nagement du territoire et de la D\u00e9centralisation, en remplacement d&rsquo;Eric Woerth.<\/p>\n<p>&#8211; Am\u00e9lie de Montchalin (Renaissance) a \u00e9t\u00e9 reconduite \u00e0 son poste de ministre de l&rsquo;Action et des Comptes publics<\/p>\n<p>&#8211; Philippe Baptiste, ing\u00e9nieur, ancien pr\u00e9sident du Centre national d&rsquo;\u00e9tudes spatiale (CNES), est nomm\u00e9 ministre de l&rsquo;Enseignement sup\u00e9rieur, de la Recherche et de l&rsquo;Espace, poste qu&rsquo;il occupait d\u00e9j\u00e0 dans le gouvernement Bayrou.<\/p>\n<p>&#8211; Marina Ferrari (MoDem) a \u00e9t\u00e9 reconduite \u00e0 son poste de ministre des Sports, de la Jeunesse et de la vie associative.<\/p>\n<p>&#8211; Philippe Tabarot (LR), a \u00e9t\u00e9 reconduit \u00e0 son poste de ministre des Transports<\/p>\n<p>&#8211; Le d\u00e9put\u00e9 Vincent Jeanbrun, porte-parole du groupe LR \u00e0 l&rsquo;Assembl\u00e9e nationale, est nomm\u00e9 ministre du Logement et de la Ville.<\/p>\n<p>\u00a0<\/p>\n<p>MINISTRES DELEGUES<\/p>\n<p>Aupr\u00e8s du Premier ministre :<\/p>\n<p>&#8211; Laurent Panifous, pr\u00e9sident du petit groupe de d\u00e9put\u00e9s ind\u00e9pendants Liot, est nomm\u00e9 ministre d\u00e9l\u00e9gu\u00e9 charg\u00e9 des Relations avec le Parlement, en remplacement de Mathieu Lef\u00e8vre.<\/p>\n<p>&#8211; La d\u00e9put\u00e9e Maud Bregeon (Renaissance ), est nomm\u00e9e porte-parole du gouvernement, poste qu&rsquo;elle avait d\u00e9j\u00e0 occup\u00e9 dans le gouvernement de Michel Barnier<\/p>\n<p>&#8211; Aurore Berg\u00e9 (Renaissance) a \u00e9t\u00e9 reconduite \u00e0 son poste de ministre d\u00e9l\u00e9gu\u00e9e \u00e0 l&rsquo;\u00c9galit\u00e9 entre les hommes et les femmes charg\u00e9e de la lutte contre les discriminations, mais perd le porte-parolat.<\/p>\n<p>\u00a0<\/p>\n<p>Aupr\u00e8s du ministre de l&rsquo;Int\u00e9rieur\u00a0:<\/p>\n<p>&#8211; Marie-Pierre Vedrenne, d\u00e9put\u00e9e europ\u00e9enne Modem<\/p>\n<p>\u00a0<\/p>\n<p>Aupr\u00e8s de la ministre des Arm\u00e9es et des Anciens combattants:<\/p>\n<p>&#8211; La diplomate Alice Rufo<\/p>\n<p>\u00a0<\/p>\n<p>Aupr\u00e8s de la ministre de la Transition \u00e9cologique, de la biodiversit\u00e9, et des n\u00e9gociations internationales sur le climat et la nature\u00a0:<\/p>\n<p>&#8211; Catherine Chabaud, navigatrice et ex-eurod\u00e9put\u00e9e MoDem, charg\u00e9e de la Mer et de la P\u00eache<\/p>\n<p>&#8211; Le d\u00e9put\u00e9 Mathieu Lef\u00e8vre (Renaissance) charg\u00e9 de la Transition \u00e9cologique<\/p>\n<p>\u00a0<\/p>\n<p>Aupr\u00e8s du ministre de l&rsquo;\u00c9conomie, des Finances et de la Souverainet\u00e9 \u00e9nerg\u00e9tique et num\u00e9rique\u00a0:<\/p>\n<p>&#8211; Le d\u00e9put\u00e9 S\u00e9bastien Martin (LR), charg\u00e9 de l\u2019Industrie<\/p>\n<p>&#8211; La d\u00e9put\u00e9e Anne Le Henanff (Horizons), charg\u00e9e de l\u2019Intelligence artificielle et du Num\u00e9rique<\/p>\n<p>\u00a0<\/p>\n<p>Aupr\u00e8s du ministre de l\u2019Europe et des affaires \u00e9trang\u00e8res\u00a0:<\/p>\n<p>&#8211; Le d\u00e9put\u00e9 Benjamin Haddad (Renaissance), charg\u00e9 de l\u2019Europe, poste qu&rsquo;il occupait d\u00e9j\u00e0 dans les gouvernements de Michel Barnier et Fran\u00e7ois Bayrou.<\/p>\n<p>&#8211; Le d\u00e9put\u00e9 Nicolas Forissier (LR), charg\u00e9 du Commerce ext\u00e9rieur et de l&rsquo;attractivit\u00e9<\/p>\n<p>&#8211; La d\u00e9put\u00e9e \u00c9l\u00e9onore Caroit (Renaissance), charg\u00e9e de la Francophonie, des partenariats internationaux et des Fran\u00e7ais de l\u2019\u00e9tranger<\/p>\n<p>\u00a0<\/p>\n<p>Aupr\u00e8s de la ministre de la Sant\u00e9, des familles, de l\u2019autonomie et des personnes handicap\u00e9es :<\/p>\n<p>&#8211; La d\u00e9put\u00e9e Charlotte Parmentier-Lecocq (Horizons), charg\u00e9e de l&rsquo;Autonomie et des personnes handicap\u00e9es, poste qu&rsquo;elle occupait dans les gouvernements de Michel Barnier et Fran\u00e7ois Bayrou.<\/p>\n<p>\u00a0<\/p>\n<p>Aupr\u00e8s de la ministre de l\u2019Am\u00e9nagement du territoire et de la d\u00e9centralisation :<\/p>\n<p>&#8211; Michel Fournier, pr\u00e9sident de l&rsquo;Association des maires ruraux, charg\u00e9 de la Ruralit\u00e9<\/p>\n<p>\u00a0<\/p>\n<p>Aupr\u00e8s de la ministre de l\u2019Action et des comptes publics :<\/p>\n<p>&#8211; Le d\u00e9put\u00e9 David Amiel (Renaissance) charg\u00e9 de la Fonction publique et de la R\u00e9forme de l&rsquo;\u00c9tat.<\/p>\n<p>Le chronom\u00e8tre est enclench\u00e9, le record \u00e0 battre semble toutefois inaccessible, m\u00eame si l&rsquo;affront est av\u00e9r\u00e9&#8230;<\/p>\n<\/div>\n<p><script>(function(d, s, id) {  var js, fjs = d.getElementsByTagName(s)[0];  if (d.getElementById(id)) return;  js = d.createElement(s); js.id = id;  js.src = \"\/\/connect.facebook.net\/fr_FR\/sdk.js#xfbml=1&version=v2.3\";  fjs.parentNode.insertBefore(js, fjs);}(document, \"script\", \"facebook-jssdk\"));<\/script><br \/>\n<br \/><br \/>\n<br \/><a href=\"https:\/\/www.francesoir.fr\/politique-france\/gouvernement-lecornu-2-des-ministres-techniques-et-politiques\" target=\"_blank\"\">Source link <\/a><\/p>\n","protected":false},"excerpt":{"rendered":"<p>Lecornu d\u00e9voile ce dimanche, deux jours apr\u00e8s sa reconduction folklorique \u00e0 Matignon, un gouvernement de 34 ministres, compos\u00e9 de plusieurs techniciens, mais aussi de beaucoup de politiques. Il compte 11&hellip; <\/p>\n","protected":false},"author":1,"featured_media":17538,"comment_status":"open","ping_status":"open","sticky":false,"template":"","format":"standard","meta":{"footnotes":""},"categories":[1],"tags":[],"class_list":["post-17537","post","type-post","status-publish","format-standard","has-post-thumbnail","hentry","category-non-classe"],"_links":{"self":[{"href":"https:\/\/monde25.info\/index.php\/wp-json\/wp\/v2\/posts\/17537","targetHints":{"allow":["GET"]}}],"collection":[{"href":"https:\/\/monde25.info\/index.php\/wp-json\/wp\/v2\/posts"}],"about":[{"href":"https:\/\/monde25.info\/index.php\/wp-json\/wp\/v2\/types\/post"}],"author":[{"embeddable":true,"href":"https:\/\/monde25.info\/index.php\/wp-json\/wp\/v2\/users\/1"}],"replies":[{"embeddable":true,"href":"https:\/\/monde25.info\/index.php\/wp-json\/wp\/v2\/comments?post=17537"}],"version-history":[{"count":0,"href":"https:\/\/monde25.info\/index.php\/wp-json\/wp\/v2\/posts\/17537\/revisions"}],"wp:featuredmedia":[{"embeddable":true,"href":"https:\/\/monde25.info\/index.php\/wp-json\/wp\/v2\/media\/17538"}],"wp:attachment":[{"href":"https:\/\/monde25.info\/index.php\/wp-json\/wp\/v2\/media?parent=17537"}],"wp:term":[{"taxonomy":"category","embeddable":true,"href":"https:\/\/monde25.info\/index.php\/wp-json\/wp\/v2\/categories?post=17537"},{"taxonomy":"post_tag","embeddable":true,"href":"https:\/\/monde25.info\/index.php\/wp-json\/wp\/v2\/tags?post=17537"}],"curies":[{"name":"wp","href":"https:\/\/api.w.org\/{rel}","templated":true}]}}