{"id":17554,"date":"2025-10-13T12:06:41","date_gmt":"2025-10-13T10:06:41","guid":{"rendered":"https:\/\/monde25.info\/index.php\/2025\/10\/13\/les-soulevements-de-la-terre-se-jettent-a-leau-contre-le-megacanal-seine-nord\/"},"modified":"2025-10-13T12:06:41","modified_gmt":"2025-10-13T10:06:41","slug":"les-soulevements-de-la-terre-se-jettent-a-leau-contre-le-megacanal-seine-nord","status":"publish","type":"post","link":"https:\/\/monde25.info\/index.php\/2025\/10\/13\/les-soulevements-de-la-terre-se-jettent-a-leau-contre-le-megacanal-seine-nord\/","title":{"rendered":"Les Soul\u00e8vements de la Terre se jettent \u00e0 l&#039;eau contre le \u00ab\u00a0m\u00e9gacanal\u00a0\u00bb Seine-Nord"},"content":{"rendered":"<p> <br \/>\n<br \/><img loading=\"lazy\" decoding=\"async\" src=\"https:\/\/reporterre.net\/local\/cache-vignettes\/L700xH467\/23-2-364d1.jpg?1760342018\" class=\"spip_logo\" width=\"700\" height=\"467\" alt=\"\" \/><\/p>\n<p>Pr\u00e8s de 2 000 personnes ont d\u00e9fil\u00e9, samedi 11\u00a0octobre dans l&rsquo;Oise, contre le chantier du Canal Seine nord. La coalition des opposants s&rsquo;appr\u00eate \u00e0 contester chacun des 107 kilom\u00e8tres de ce gigantesque chantier. <br class=\"autobr\" \/><br \/>\nThourotte, Montmacq, Longueil-Annel (Oise), reportage <br class=\"autobr\" \/><br \/>\nLa r\u00e9sistance fleurit, contre le \u00ab<small class=\"fine d-inline\">\u00a0<\/small>m\u00e9gacanal<small class=\"fine d-inline\">\u00a0<\/small>\u00bb Seine-Nord Europe. Samedi 11\u00a0octobre, au moins 2\u00a0000 personnes selon les manifestants (1\u00a0000 selon la police) se sont r\u00e9unies dans l&rsquo;Oise pour d\u00e9noncer la d\u00e9mesure et les d\u00e9g\u00e2ts\u00a0(\u2026)<\/p>\n<p>                    <a target=\"_blank\" href=\"https:\/\/reporterre.net\/Les-Soulevements-de-la-terre-se-jettent-a-l-eau-contre-le-megacanal-Seine-Nord?utm_source=RSS&amp;utm_medium=RSS\">Lire la suite<\/a><\/p>\n<p>                    &#8211;<br \/>\n                        <a target=\"_blank\" href=\"https:\/\/reporterre.net\/Reportage\" rel=\"directory\">Reportage<\/a><\/p>\n<p>                    \/<br \/>\n                        <a target=\"_blank\" href=\"https:\/\/reporterre.net\/Photographies\" rel=\"tag\">Photographies<\/a><br \/>\n                    ,<br \/>\n                        <a target=\"_blank\" href=\"https:\/\/reporterre.net\/Luttes\" rel=\"tag\">Luttes<\/a><br \/>\n                    ,<br \/>\n                        <a target=\"_blank\" href=\"https:\/\/reporterre.net\/Eau-rivieres-oceans\" rel=\"tag\">Eau et rivi\u00e8res<\/a><br \/>\n<br \/><br \/>\n<br \/><a href=\"https:\/\/reporterre.net\/Les-Soulevements-de-la-terre-se-jettent-a-l-eau-contre-le-megacanal-Seine-Nord\" target=\"_blank\"\">Source link <\/a><\/p>\n","protected":false},"excerpt":{"rendered":"<p>Pr\u00e8s de 2 000 personnes ont d\u00e9fil\u00e9, samedi 11\u00a0octobre dans l&rsquo;Oise, contre le chantier du Canal Seine nord. La coalition des opposants s&rsquo;appr\u00eate \u00e0 contester chacun des 107 kilom\u00e8tres de&hellip; <\/p>\n","protected":false},"author":1,"featured_media":0,"comment_status":"open","ping_status":"open","sticky":false,"template":"","format":"standard","meta":{"footnotes":""},"categories":[1],"tags":[],"class_list":["post-17554","post","type-post","status-publish","format-standard","hentry","category-non-classe"],"_links":{"self":[{"href":"https:\/\/monde25.info\/index.php\/wp-json\/wp\/v2\/posts\/17554","targetHints":{"allow":["GET"]}}],"collection":[{"href":"https:\/\/monde25.info\/index.php\/wp-json\/wp\/v2\/posts"}],"about":[{"href":"https:\/\/monde25.info\/index.php\/wp-json\/wp\/v2\/types\/post"}],"author":[{"embeddable":true,"href":"https:\/\/monde25.info\/index.php\/wp-json\/wp\/v2\/users\/1"}],"replies":[{"embeddable":true,"href":"https:\/\/monde25.info\/index.php\/wp-json\/wp\/v2\/comments?post=17554"}],"version-history":[{"count":0,"href":"https:\/\/monde25.info\/index.php\/wp-json\/wp\/v2\/posts\/17554\/revisions"}],"wp:attachment":[{"href":"https:\/\/monde25.info\/index.php\/wp-json\/wp\/v2\/media?parent=17554"}],"wp:term":[{"taxonomy":"category","embeddable":true,"href":"https:\/\/monde25.info\/index.php\/wp-json\/wp\/v2\/categories?post=17554"},{"taxonomy":"post_tag","embeddable":true,"href":"https:\/\/monde25.info\/index.php\/wp-json\/wp\/v2\/tags?post=17554"}],"curies":[{"name":"wp","href":"https:\/\/api.w.org\/{rel}","templated":true}]}}