{"id":17555,"date":"2025-10-13T12:39:41","date_gmt":"2025-10-13T10:39:41","guid":{"rendered":"https:\/\/monde25.info\/index.php\/2025\/10\/13\/ledition-jeunesse-se-mobilise-pour-gaza\/"},"modified":"2025-10-13T12:39:41","modified_gmt":"2025-10-13T10:39:41","slug":"ledition-jeunesse-se-mobilise-pour-gaza","status":"publish","type":"post","link":"https:\/\/monde25.info\/index.php\/2025\/10\/13\/ledition-jeunesse-se-mobilise-pour-gaza\/","title":{"rendered":"l\u2019\u00e9dition jeunesse se mobilise pour Gaza"},"content":{"rendered":"<p> <br \/>\n<\/p>\n<div>\n<div class=\"xt0psk2\">\n<h4 class=\"_ap3a _aaco _aacu _aacx _aad7 _aade\" dir=\"auto\"><strong>Plus de 500 professionnel\u00b7les du livre jeunesse signent une tribune,<\/strong><strong><i> r\u00e9dig\u00e9e avant l\u2019entr\u00e9e des chars isra\u00e9liens dans la ville de Gaza, <\/i><\/strong><strong>pour demander la fin du g\u00e9nocide \u00e0 Gaza, d\u00e9noncer la r\u00e9pression contre les associations et les manifestations de soutien au peuple palestinien, et appeler au respect du droit international. Alors que le plan de \u00ab paix \u00bb propos\u00e9 par Donald Trump s\u2019apparente \u00e0 un \u00e9cran de fum\u00e9e, chez Mr Mondialisation, nous continuerons de <a target=\"_blank\" href=\"https:\/\/mrmondialisation.org\/face-au-genocide-a-gaza-litalie-bloque-tout\/\">relayer les voix oppos\u00e9es \u00e0 ce crime contre l\u2019humanit\u00e9.<\/a><\/strong><\/h4>\n<\/div>\n<p style=\"text-align: left;\"><b>Le monde du livre jeunesse en France se fait l\u2019\u00e9cho d\u2019une <a target=\"_blank\" href=\"https:\/\/statement-on-palestine.org\/\">tribune anglaise<\/a> pour la Palestine. <\/b>Au 19 septembre, la tribune fran\u00e7aise r\u00e9unissait d\u00e9j\u00e0 <strong>plus de 300 professionnel\u00b7les, la plupart autrices, auteurs, illustratrices, illustrateurs<\/strong> dont les ouvrages pour la jeunesse ont \u00e9t\u00e9 <strong>prim\u00e9s, traduits et\/ou s\u00e9lectionn\u00e9s par l\u2019\u00c9ducation nationale. <\/strong><\/p>\n<p style=\"text-align: left;\">Parmi elles et eux : <em>Marguerite Abouet, Beatrice Alemagna, Julia Billet, Serge Bloch, Anne-Laure Bondoux, Emile Bravo, Marion Brunet, Benjamin Chaud, Alex Cousseau, R\u00e9becca Dautremer, Marie Desplechin, Malika Doray, Bernard Friot, Ilya Green, Guillaume Gu\u00e9raud, Sophie Guerrive, Bruno Heitz,\u00a0Emmanuelle Houdart, Claude K. Dubois,\u00a0Didier L\u00e9vy, Mademoiselle Caroline, Jean-Claude Mourlevat, Marie-Aude Murail,\u00a0Aur\u00e9lie Neyret,\u00a0Nob,\u00a0Martin Page,\u00a0Eric Pessan, Fran\u00e7ois Place, Claude Ponti, Anouk Ricard,\u00a0Thomas Scotto,\u00a0Alain Serres, Gr\u00e9goire Solotareff, Catharina Valckx, Sylvie Vassallo, Flore Vesco,\u00a0H\u00e9l\u00e8ne Vignal,\u00a0Christian Voltz, Marie Wabbes, Jo Witek\u2026<\/em><\/p>\n<figure id=\"attachment_1023071\" aria-describedby=\"caption-attachment-1023071\" style=\"width: 1024px\" class=\"wp-caption alignnone\"><img fetchpriority=\"high\" decoding=\"async\" class=\"wp-image-1023071 size-medium\" src=\"https:\/\/mrmondialisation.org\/wp-content\/uploads\/2025\/10\/mohammed-ibrahim-0bs2uwwjse-1024x683.jpg\" alt=\"\" width=\"1024\" height=\"683\" srcset=\"https:\/\/mrmondialisation.org\/wp-content\/uploads\/2025\/10\/mohammed-ibrahim-0bs2uwwjse-1024x683.jpg 1024w, https:\/\/mrmondialisation.org\/wp-content\/uploads\/2025\/10\/mohammed-ibrahim-0bs2uwwjse-768x512.jpg 768w, https:\/\/mrmondialisation.org\/wp-content\/uploads\/2025\/10\/mohammed-ibrahim-0bs2uwwjse-696x464.jpg 696w, https:\/\/mrmondialisation.org\/wp-content\/uploads\/2025\/10\/mohammed-ibrahim-0bs2uwwjse-1068x712.jpg 1068w, https:\/\/mrmondialisation.org\/wp-content\/uploads\/2025\/10\/mohammed-ibrahim-0bs2uwwjse-630x420.jpg 630w, https:\/\/mrmondialisation.org\/wp-content\/uploads\/2025\/10\/mohammed-ibrahim-0bs2uwwjse.jpg 1300w\" sizes=\"(max-width: 1024px) 100vw, 1024px\"\/><figcaption id=\"caption-attachment-1023071\" class=\"wp-caption-text\">Photo de <a target=\"_blank\" href=\"https:\/\/unsplash.com\/fr\/@mohammed_ibrahim_mi?utm_content=creditCopyText&amp;utm_medium=referral&amp;utm_source=unsplash\">Mohammed Ibrahim<\/a> sur <a target=\"_blank\" href=\"https:\/\/unsplash.com\/fr\/photos\/0bS2uwWjSEM?utm_content=creditCopyText&amp;utm_medium=referral&amp;utm_source=unsplash\">Unsplash<\/a><\/figcaption><\/figure>\n<h2><strong>TRIBUNE.<\/strong><\/h2>\n<p>Le 5 septembre dernier, plus de 500 professionnel\u00b7les du monde du livre jeunesse et de l\u2019\u00e9ducation ont fait para\u00eetre une <a target=\"_blank\" href=\"https:\/\/statement-on-palestine.org\/\">tribune<\/a> adress\u00e9e au gouvernement britannique,<strong> tribune initi\u00e9e par Joseph Nhan-O\u2019Reilly, d\u00e9fenseur international des droits et de l\u2019\u00e9ducation des enfants et Chris Haughton, illustrateur jeunesse r\u00e9cemment arr\u00eat\u00e9 \u00e0 Londres pour son soutien affich\u00e9 \u00e0 Palestine Action.<\/strong><\/p>\n<p>A l\u2019instar de nos coll\u00e8gues d\u2019Outre-Manche, <strong>nous lan\u00e7ons aujourd\u2019hui <a target=\"_blank\" href=\"https:\/\/mrmondialisation.org\/pourquoi-parler-autant-gaza-france\/\">un appel similaire depuis la France. <\/a><\/strong>En tant que professionnel\u00b7les du livre jeunesse et de l\u2019\u00e9ducation, nous \u0153uvrons \u00e0 prot\u00e9ger, inspirer et autonomiser les enfants partout dans le monde.<\/p>\n<p>Nous sommes horrifi\u00e9\u00b7es par<strong> le massacre de plus de 19 000 enfants \u00e0 Gaza, par les milliers d\u2019autres qui ont \u00e9t\u00e9 bless\u00e9s, mutil\u00e9s<\/strong> ou sont devenus orphelins, ainsi que par la famine et le blocus humanitaire que leur inflige l\u2019\u00c9tat d\u2019Isra\u00ebl.<\/p>\n<figure id=\"attachment_1023068\" aria-describedby=\"caption-attachment-1023068\" style=\"width: 1024px\" class=\"wp-caption alignnone\"><img loading=\"lazy\" decoding=\"async\" class=\"wp-image-1023068 size-medium\" src=\"https:\/\/mrmondialisation.org\/wp-content\/uploads\/2025\/10\/mohammed-ibrahim-rfbyqagwhm-1024x683.jpg\" alt=\"\" width=\"1024\" height=\"683\" srcset=\"https:\/\/mrmondialisation.org\/wp-content\/uploads\/2025\/10\/mohammed-ibrahim-rfbyqagwhm-1024x683.jpg 1024w, https:\/\/mrmondialisation.org\/wp-content\/uploads\/2025\/10\/mohammed-ibrahim-rfbyqagwhm-768x512.jpg 768w, https:\/\/mrmondialisation.org\/wp-content\/uploads\/2025\/10\/mohammed-ibrahim-rfbyqagwhm-696x464.jpg 696w, https:\/\/mrmondialisation.org\/wp-content\/uploads\/2025\/10\/mohammed-ibrahim-rfbyqagwhm-1068x712.jpg 1068w, https:\/\/mrmondialisation.org\/wp-content\/uploads\/2025\/10\/mohammed-ibrahim-rfbyqagwhm-630x420.jpg 630w, https:\/\/mrmondialisation.org\/wp-content\/uploads\/2025\/10\/mohammed-ibrahim-rfbyqagwhm.jpg 1300w\" sizes=\"auto, (max-width: 1024px) 100vw, 1024px\"\/><figcaption id=\"caption-attachment-1023068\" class=\"wp-caption-text\">Photo de <a target=\"_blank\" href=\"https:\/\/unsplash.com\/fr\/@mohammed_ibrahim_mi?utm_content=creditCopyText&amp;utm_medium=referral&amp;utm_source=unsplash\">Mohammed Ibrahim<\/a> sur <a target=\"_blank\" href=\"https:\/\/unsplash.com\/fr\/photos\/RFByqAGwhmI?utm_content=creditCopyText&amp;utm_medium=referral&amp;utm_source=unsplash\">Unsplash<\/a><\/figcaption><\/figure>\n<p>Nous nous sentons oblig\u00e9\u00b7es de prendre la parole pour les d\u00e9fendre. Nous sommes indign\u00e9\u00b7es par <strong>l\u2019incapacit\u00e9 persistante de la communaut\u00e9 internationale \u00e0 mettre fin au g\u00e9nocide<\/strong> et \u00e0 demander des comptes \u00e0 ses responsables.<\/p>\n<p>Nous sommes \u00e9galement profond\u00e9ment pr\u00e9occup\u00e9\u00b7es par<strong> les efforts visant \u00e0 r\u00e9primer les manifestations et \u00e0 restreindre la libert\u00e9 d\u2019expression<\/strong>. En exemple, la d\u00e9cision du gouvernement britannique de qualifier de \u00ab <a target=\"_blank\" href=\"https:\/\/www.humanite.fr\/monde\/guerre-israel-hamas\/a-londres-890-personnes-arretees-lors-dune-manifestation-de-soutien-a-long-palestine-action\">terroriste<\/a> \u00bb le groupe Palestine Action, est absurde, en France, <strong>la proc\u00e9dure de <a target=\"_blank\" href=\"https:\/\/www.amnesty.fr\/liberte-d-expression\/actualites\/dissolution-urgence-palestine-une-menace-contre-les-defenseurs-des-droits-palestiniens\">dissolution du collectif Urgence Palestine<\/a> et la r\u00e9cente <a target=\"_blank\" href=\"https:\/\/ujfp.org\/perquisition-contre-lujfp-la-repression-du-mouvement-de-solidarite-avec-le-peuple-palestinien-devient-folle\/\">perquisition contre l\u2019Union Juive Fran\u00e7aise pour la Paix<\/a> n\u2019ont pas lieu d\u2019\u00eatre.<\/strong><\/p>\n<p>Nous avons aussi \u00e9t\u00e9 particuli\u00e8rement \u00e9branl\u00e9\u00b7es par <strong>la <a target=\"_blank\" href=\"https:\/\/www.cgteduc.fr\/2025\/06\/02\/soutien-a-lenseignante-suspendue-pour-une-minute-de-silence-en-hommage-aux-victimes-du-genocide-a-gaza\/\">suspension fin mars d\u2019une enseignante<\/a> qui avait accept\u00e9 la minute de silence r\u00e9clam\u00e9e par ses \u00e9l\u00e8ves<\/strong> suite \u00e0 la rupture du cessez-le-feu causant 400 morts \u00e0 Gaza en une journ\u00e9e, dont 117 enfants.<\/p>\n<figure id=\"attachment_1023078\" aria-describedby=\"caption-attachment-1023078\" style=\"width: 1024px\" class=\"wp-caption alignnone\"><img loading=\"lazy\" decoding=\"async\" class=\"wp-image-1023078 size-medium\" src=\"https:\/\/mrmondialisation.org\/wp-content\/uploads\/2025\/10\/manif-1024x683.jpg\" alt=\"\" width=\"1024\" height=\"683\" srcset=\"https:\/\/mrmondialisation.org\/wp-content\/uploads\/2025\/10\/manif-1024x683.jpg 1024w, https:\/\/mrmondialisation.org\/wp-content\/uploads\/2025\/10\/manif-768x512.jpg 768w, https:\/\/mrmondialisation.org\/wp-content\/uploads\/2025\/10\/manif-696x464.jpg 696w, https:\/\/mrmondialisation.org\/wp-content\/uploads\/2025\/10\/manif-1068x712.jpg 1068w, https:\/\/mrmondialisation.org\/wp-content\/uploads\/2025\/10\/manif-630x420.jpg 630w, https:\/\/mrmondialisation.org\/wp-content\/uploads\/2025\/10\/manif.jpg 1300w\" sizes=\"auto, (max-width: 1024px) 100vw, 1024px\"\/><figcaption id=\"caption-attachment-1023078\" class=\"wp-caption-text\">\u00ab\u00a0Isra\u00ebl bombarde. Les USA paient. Combien d\u2019enfants avez-vous assassin\u00e9s aujourd\u2019hui ?\u00a0\u00bb Source : <a target=\"_blank\" href=\"https:\/\/www.flickr.com\/photos\/pameladrew\/54028732518\">Pamela Drew \u2013 Flickr CC<\/a><\/figcaption><\/figure>\n<p>De mani\u00e8re g\u00e9n\u00e9rale,<strong> les personnes manifestant leur solidarit\u00e9 ne devraient pas \u00eatre inqui\u00e9t\u00e9es<\/strong> ou entrav\u00e9es comme c\u2019est pourtant le cas. En tant que personnes engag\u00e9es dans la d\u00e9fense de la libert\u00e9 d\u2019\u00e9crire, de s\u2019exprimer et de manifester sans crainte, nous consid\u00e9rons cette \u00e9volution avec une grande inqui\u00e9tude.<\/p>\n<div class=\"td-a-rec td-a-rec-id-content_inline  tdi_1 td_block_template_1\">\n<span class=\"td-adspot-title\">&#8211; Pour une information libre ! &#8211;<\/span><a target=\"_blank\" href=\"https:\/\/fr.tipeee.com\/mr-mondialisation\" class=\"tipeee-project-small\">Soutenir Mr Japanization sur Tipeee<\/a>\n<\/div>\n<p>Si nous ne pouvons pas parler librement du g\u00e9nocide du peuple palestinien, si nous ne pouvons pas condamner ceux qui le permettent et soutenir ceux qui y r\u00e9sistent, alors<strong> que recouvre le droit \u00e0 la libert\u00e9 d\u2019expression<\/strong> ?<\/p>\n<p>Nous demandons au gouvernement fran\u00e7ais de <strong><a target=\"_blank\" href=\"https:\/\/mrmondialisation.org\/dissolutions-arme-gouvernement\/\">renoncer \u00e0 la dissolution de Urgence Palestine<\/a> ainsi qu\u2019aux poursuites contre l\u2019Union Juive Fran\u00e7aise pour la Paix<\/strong> et de stopper les proc\u00e9dures et les proc\u00e9d\u00e9s qui visent \u00e0 criminaliser les manifestations de soutien \u00e0 Gaza.<\/p>\n<figure id=\"attachment_1023082\" aria-describedby=\"caption-attachment-1023082\" style=\"width: 1024px\" class=\"wp-caption alignnone\"><img loading=\"lazy\" decoding=\"async\" class=\"size-medium wp-image-1023082\" src=\"https:\/\/mrmondialisation.org\/wp-content\/uploads\/2025\/10\/genocide-1024x683.jpg\" alt=\"\" width=\"1024\" height=\"683\" srcset=\"https:\/\/mrmondialisation.org\/wp-content\/uploads\/2025\/10\/genocide-1024x683.jpg 1024w, https:\/\/mrmondialisation.org\/wp-content\/uploads\/2025\/10\/genocide-768x512.jpg 768w, https:\/\/mrmondialisation.org\/wp-content\/uploads\/2025\/10\/genocide-696x464.jpg 696w, https:\/\/mrmondialisation.org\/wp-content\/uploads\/2025\/10\/genocide-1068x712.jpg 1068w, https:\/\/mrmondialisation.org\/wp-content\/uploads\/2025\/10\/genocide-630x420.jpg 630w, https:\/\/mrmondialisation.org\/wp-content\/uploads\/2025\/10\/genocide.jpg 1300w\" sizes=\"auto, (max-width: 1024px) 100vw, 1024px\"\/><figcaption id=\"caption-attachment-1023082\" class=\"wp-caption-text\">\u00ab\u00a0Recherch\u00e9 pour g\u00e9nocide\u00a0\u00bb. Source : <a target=\"_blank\" href=\"https:\/\/www.flickr.com\/photos\/pameladrew\/54028938325\">Pamela Drew \u2013 Flickr CC<\/a><\/figcaption><\/figure>\n<p><a target=\"_blank\" href=\"https:\/\/mrmondialisation.org\/jaccuse-tribune-pour-gaza-et-notre-humanite\/\">Toutes les grandes organisations de d\u00e9fense des droits humains reconnaissent qu\u2019<strong>il s\u2019agit d\u2019un g\u00e9nocide<\/strong>.<\/a> Nous exhortons le gouvernement fran\u00e7ais \u00e0 faire de m\u00eame et \u00e0 respecter ses obligations l\u00e9gales qui en d\u00e9coulent, notamment <strong>en mettant fin \u00e0 tout commerce militaire et \u00e0 toute autre coop\u00e9ration militaire avec Isra\u00ebl<\/strong> ainsi qu\u2019en appelant au respect du droit international.<\/p>\n<p>Nous attendons aussi du gouvernement fran\u00e7ais (comme l\u2019a fait le gouvernement espagnol) qu\u2019il demande officiellement <strong>la protection de ses ressortissant\u00b7es<\/strong> actuellement en route pour Gaza sur les flottilles humanitaires.<\/p>\n<p>Nous ne pouvons nous taire alors que <strong>des enfants sont tu\u00e9s, affam\u00e9s et priv\u00e9s de leurs droits \u00e9l\u00e9mentaires<\/strong>, d\u00e9finis et garantis par la Convention internationale des droits de l\u2019enfant. Leur vie, leur histoire et leur avenir comptent. Notre engagement envers eux nous oblige \u00e0 nous exprimer, et nous continuerons \u00e0 le faire jusqu\u2019\u00e0 ce que tous les enfants du monde puissent vivre et grandir dignement, en paix et en s\u00e9curit\u00e9.<\/p>\n<figure id=\"attachment_1023080\" aria-describedby=\"caption-attachment-1023080\" style=\"width: 1024px\" class=\"wp-caption alignnone\"><img loading=\"lazy\" decoding=\"async\" class=\"wp-image-1023080 size-medium\" src=\"https:\/\/mrmondialisation.org\/wp-content\/uploads\/2025\/10\/free-gaza-1024x683.jpg\" alt=\"\" width=\"1024\" height=\"683\" srcset=\"https:\/\/mrmondialisation.org\/wp-content\/uploads\/2025\/10\/free-gaza-1024x683.jpg 1024w, https:\/\/mrmondialisation.org\/wp-content\/uploads\/2025\/10\/free-gaza-768x512.jpg 768w, https:\/\/mrmondialisation.org\/wp-content\/uploads\/2025\/10\/free-gaza-696x464.jpg 696w, https:\/\/mrmondialisation.org\/wp-content\/uploads\/2025\/10\/free-gaza-1068x712.jpg 1068w, https:\/\/mrmondialisation.org\/wp-content\/uploads\/2025\/10\/free-gaza-630x420.jpg 630w, https:\/\/mrmondialisation.org\/wp-content\/uploads\/2025\/10\/free-gaza.jpg 1300w\" sizes=\"auto, (max-width: 1024px) 100vw, 1024px\"\/><figcaption id=\"caption-attachment-1023080\" class=\"wp-caption-text\">Source : <a target=\"_blank\" href=\"https:\/\/www.flickr.com\/photos\/pameladrew\/54028732168\/\">Pamela Drew \u2013 Flickr CC<\/a><\/figcaption><\/figure>\n<p style=\"text-align: right;\">\u2013 <em><strong>Les<a target=\"_blank\" href=\"https:\/\/tribune-palestine.org\/#accueil\"> signataires<\/a><\/strong><\/em><\/p>\n<hr\/>\n<p>Photo de couverture: Rassemblement \u00e0 N\u00eemes contre le g\u00e9nocide en Palestine en mai 2024 ; Source : <a target=\"_blank\" href=\"https:\/\/www.flickr.com\/photos\/jmenj\/54544309921\/\">Jeanne Menjoulet \u2013 flickr CC<\/a><\/p>\n<div class=\"td-a-rec td-a-rec-id-content_bottom  tdi_2 td_block_template_1\">\n<span class=\"td-adspot-title\">&#8211; Cet article gratuit et ind\u00e9pendant existe gr\u00e2ce \u00e0 vous &#8211;<\/span><\/p>\n<div class=\"td-all-devices\">\n    <a target=\"_blank\" href=\"https:\/\/mrmondialisation.org\/donation\/\" title=\"Faire_un_don\"><img decoding=\"async\" class=\"donationArticle\" src=\"https:\/\/mrmondialisation.org\/wp-content\/uploads\/2022\/12\/220405-flikalicious-final.jpg\" alt=\"Donation\"\/><\/a>\n<\/div>\n<\/div><\/div>\n<p><br \/>\n<br \/><a href=\"https:\/\/mrmondialisation.org\/tribune-edition-jeunesse-mobilise-gaza\/\" target=\"_blank\"\">Source link <\/a><\/p>\n","protected":false},"excerpt":{"rendered":"<p>Plus de 500 professionnel\u00b7les du livre jeunesse signent une tribune, r\u00e9dig\u00e9e avant l\u2019entr\u00e9e des chars isra\u00e9liens dans la ville de Gaza, pour demander la fin du g\u00e9nocide \u00e0 Gaza, d\u00e9noncer&hellip; <\/p>\n","protected":false},"author":1,"featured_media":17556,"comment_status":"open","ping_status":"open","sticky":false,"template":"","format":"standard","meta":{"footnotes":""},"categories":[1],"tags":[],"class_list":["post-17555","post","type-post","status-publish","format-standard","has-post-thumbnail","hentry","category-non-classe"],"_links":{"self":[{"href":"https:\/\/monde25.info\/index.php\/wp-json\/wp\/v2\/posts\/17555","targetHints":{"allow":["GET"]}}],"collection":[{"href":"https:\/\/monde25.info\/index.php\/wp-json\/wp\/v2\/posts"}],"about":[{"href":"https:\/\/monde25.info\/index.php\/wp-json\/wp\/v2\/types\/post"}],"author":[{"embeddable":true,"href":"https:\/\/monde25.info\/index.php\/wp-json\/wp\/v2\/users\/1"}],"replies":[{"embeddable":true,"href":"https:\/\/monde25.info\/index.php\/wp-json\/wp\/v2\/comments?post=17555"}],"version-history":[{"count":0,"href":"https:\/\/monde25.info\/index.php\/wp-json\/wp\/v2\/posts\/17555\/revisions"}],"wp:featuredmedia":[{"embeddable":true,"href":"https:\/\/monde25.info\/index.php\/wp-json\/wp\/v2\/media\/17556"}],"wp:attachment":[{"href":"https:\/\/monde25.info\/index.php\/wp-json\/wp\/v2\/media?parent=17555"}],"wp:term":[{"taxonomy":"category","embeddable":true,"href":"https:\/\/monde25.info\/index.php\/wp-json\/wp\/v2\/categories?post=17555"},{"taxonomy":"post_tag","embeddable":true,"href":"https:\/\/monde25.info\/index.php\/wp-json\/wp\/v2\/tags?post=17555"}],"curies":[{"name":"wp","href":"https:\/\/api.w.org\/{rel}","templated":true}]}}